{"id":5762,"date":"2020-07-07T08:01:04","date_gmt":"2020-07-07T11:01:04","guid":{"rendered":"http:\/\/blogs.correiobraziliense.com.br\/denise\/?p=5762"},"modified":"2020-07-07T08:01:04","modified_gmt":"2020-07-07T11:01:04","slug":"bolsonaro-postura-transparente-em-relacao-ao-novo-exame-de-covid-19","status":"publish","type":"post","link":"https:\/\/blogs2.correiobraziliense.com.br\/denise\/bolsonaro-postura-transparente-em-relacao-ao-novo-exame-de-covid-19\/","title":{"rendered":"Bolsonaro adota postura mais transparente em rela\u00e7\u00e3o ao novo exame de covid-19"},"content":{"rendered":"<h6><strong>Coluna Bras\u00edlia-DF<\/strong><\/h6>\n<p>\u00c9 sintom\u00e1tica a rea\u00e7\u00e3o do presidente Jair Bolsonaro ante a perspectiva de um novo exame para detectar a infec\u00e7\u00e3o por covid-19. Ontem, na porta do Alvorada, o chefe do Executivo adotou cautela e transpar\u00eancia. Pediu a apoiadores que se mantivessem afastados e anunciou que havia se submetido a um raio-x dos pulm\u00f5es. A nova postura de Bolsonaro difere frontalmente do ocorrido em mar\u00e7o e abril. Naqueles meses, o estado de sa\u00fade do presidente \u2014 havia uma suspeita de que ele contra\u00edra covid-19 \u2014 se tornou uma batalha judicial nos tribunais superiores de Bras\u00edlia, sob o argumento de que seria uma informa\u00e7\u00e3o privada. Ontem, de m\u00e1scara, Bolsonaro comportou-se de maneira contr\u00e1ria da \u00e9poca em que minimizava a \u201cgripezinha\u201d e se orgulhava do \u201chist\u00f3rico de atleta\u201d.<\/p>\n<h2><strong>Presidencial<\/strong><\/h2>\n<p>Com o gesto de ontem, Bolsonaro traz novamente a pol\u00eamica da covid-19 para si. O resultado do exame presidencial, se divulgado, realimenta discuss\u00f5es com desdobramentos pol\u00edticos: a prescri\u00e7\u00e3o de hidroxicloroquina, o uso da m\u00e1scara, o respeito ao isolamento, o negacionismo.<\/p>\n<h2><strong>O que dir\u00e1 Bolsonaro?<\/strong><\/h2>\n<p>Bolsonaro poder\u00e1 dar ou n\u00e3o detalhes sobre o seu estado de sa\u00fade. Mas n\u00e3o ter\u00e1 como evitar os desdobramentos pol\u00edticos de uma poss\u00edvel infec\u00e7\u00e3o. Vem mais<br \/>\nbate-boca e controv\u00e9rsia por a\u00ed.<\/p>\n<h2><strong>EUA, again<\/strong><\/h2>\n<p>Mais uma vez, a covid-19 conectou os governos do Brasil e dos Estados Unidos. No s\u00e1bado, dois dias antes de anunciar a suspeita de covid-19, Bolsonaro se encontrou com o embaixador dos Estados Unidos. Em mar\u00e7o, mais de 20 pessoas da comitiva presidencial brasileira contraiu covid-19 ap\u00f3s viagem oficial ao pa\u00eds<br \/>\nde Donald Trump.<\/p>\n<h2>Partners<\/h2>\n<p>Em nota, a representa\u00e7\u00e3o norte-americana informou que o embaixador Todd Chapman \u201cn\u00e3o apresenta nenhum sintoma, mas est\u00e1 tomando as devidas precau\u00e7\u00f5es e far\u00e1 os testes apropriados\u201d. No s\u00e1bado, dia da Independ\u00eancia norte-americana, Chapman teve um almo\u00e7o privado com Bolsonaro, cinco ministros e o deputado Eduardo Bolsonaro. A embaixada ressaltou que mant\u00e9m coopera\u00e7\u00e3o com o governo brasileiro e desejou melhoras para Bolsonaro.<\/p>\n<h2>Igual a Londres?<\/h2>\n<p>Boris Johnson, outro chefe de governo que minimizou os efeitos da pandemia, anunciou que estava infectado em um v\u00eddeo pelas redes sociais. Curado, agradeceu o sistema p\u00fablico de sa\u00fade brit\u00e2nico pelo tratamento que recebeu.<\/p>\n<p><strong>Salles na mira<\/strong> &#8211; O Minist\u00e9rio P\u00fablico Federal pediu o afastamento de Ricardo Salles do cargo de ministro do Meio Ambiente, por entender que ele atua contra os interesses da pasta. Doze procuradores assinam a a\u00e7\u00e3o por improbidade administrativa, movida ap\u00f3s a reuni\u00e3o de 22 de abril. Na ocasi\u00e3o, Salles disse quer era preciso \u201cpassar a boiada\u201d em regula\u00e7\u00f5es ambientais.<\/p>\n<p><strong>\u201cVi\u00e9s ideol\u00f3gico\u201d<\/strong> &#8211; Em nota, o Minist\u00e9rio do Meio Ambiente afirma que \u201ca a\u00e7\u00e3o de um grupo de procuradores traz posi\u00e7\u00f5es com evidente vi\u00e9s pol\u00edtico-ideol\u00f3gico em clara tentativa de interferir em pol\u00edticas p\u00fablicas do Governo Federal.\u201d<\/p>\n<p><strong>Novo normal<\/strong> &#8211; Relator da reforma tribut\u00e1ria, o deputado Aguinaldo Ribeiro (PP-PB) disse esperar mais do governo do que o entusiasmo de Paulo Guedes. Segundo ele, \u00e9 preciso ter um plano mais consistente para o cen\u00e1rio de p\u00f3s-pandemia, muito mais<br \/>\ncr\u00edtico e desafiador.<\/p>\n<p><strong>Pautas remanescentes<\/strong> &#8211; \u201cO marco do saneamento, por exemplo, a gente discute desde o governo passado. A Eletrobras tamb\u00e9m vem sendo discutida h\u00e1 tempo. Acho que, politicamente, n\u00e3o pode ficar dependendo da pauta remanescente do governo passado, de coisas desconexas. Precisa apresentar um plano mais efetivo, que d\u00ea uma vis\u00e3o de para onde o pa\u00eds deve caminhar com esse novo desenho fiscal da pandemia. \u00c9 um projeto estruturado que estamos aguardando&#8221;, comentou.<\/p>\n<p><strong>Promessas<\/strong> &#8211; No \u00faltimo domingo, em entrevista \u00e0 CNN, Guedes prometeu quatro grandes privatiza\u00e7\u00f5es em 90 dias. A ver.<\/p>\n","protected":false},"excerpt":{"rendered":"<p>Coluna Bras\u00edlia-DF \u00c9 sintom\u00e1tica a rea\u00e7\u00e3o do presidente Jair Bolsonaro ante a perspectiva de um novo exame para detectar a infec\u00e7\u00e3o por covid-19. Ontem, na porta do Alvorada, o chefe do Executivo adotou cautela e transpar\u00eancia. Pediu a apoiadores que se mantivessem afastados e anunciou que havia se submetido a um raio-x dos pulm\u00f5es. A [&hellip;]<\/p>\n","protected":false},"author":29,"featured_media":5763,"comment_status":"closed","ping_status":"closed","sticky":false,"template":"","format":"standard","meta":{"wpb_read_more":[],"footnotes":""},"categories":[4],"tags":[28,367,243],"class_list":["post-5762","post","type-post","status-publish","format-standard","has-post-thumbnail","hentry","category-coluna-brasilia-df","tag-bolsonaro","tag-bolsonaro-covid-19","tag-coronavirus"],"_links":{"self":[{"href":"https:\/\/blogs2.correiobraziliense.com.br\/denise\/wp-json\/wp\/v2\/posts\/5762","targetHints":{"allow":["GET"]}}],"collection":[{"href":"https:\/\/blogs2.correiobraziliense.com.br\/denise\/wp-json\/wp\/v2\/posts"}],"about":[{"href":"https:\/\/blogs2.correiobraziliense.com.br\/denise\/wp-json\/wp\/v2\/types\/post"}],"author":[{"embeddable":true,"href":"https:\/\/blogs2.correiobraziliense.com.br\/denise\/wp-json\/wp\/v2\/users\/29"}],"replies":[{"embeddable":true,"href":"https:\/\/blogs2.correiobraziliense.com.br\/denise\/wp-json\/wp\/v2\/comments?post=5762"}],"version-history":[{"count":0,"href":"https:\/\/blogs2.correiobraziliense.com.br\/denise\/wp-json\/wp\/v2\/posts\/5762\/revisions"}],"wp:featuredmedia":[{"embeddable":true,"href":"https:\/\/blogs2.correiobraziliense.com.br\/denise\/wp-json\/wp\/v2\/media\/5763"}],"wp:attachment":[{"href":"https:\/\/blogs2.correiobraziliense.com.br\/denise\/wp-json\/wp\/v2\/media?parent=5762"}],"wp:term":[{"taxonomy":"category","embeddable":true,"href":"https:\/\/blogs2.correiobraziliense.com.br\/denise\/wp-json\/wp\/v2\/categories?post=5762"},{"taxonomy":"post_tag","embeddable":true,"href":"https:\/\/blogs2.correiobraziliense.com.br\/denise\/wp-json\/wp\/v2\/tags?post=5762"}],"curies":[{"name":"wp","href":"https:\/\/api.w.org\/{rel}","templated":true}]}}