{"id":5768,"date":"2020-07-09T09:37:07","date_gmt":"2020-07-09T12:37:07","guid":{"rendered":"http:\/\/blogs.correiobraziliense.com.br\/denise\/?p=5768"},"modified":"2020-07-09T09:37:07","modified_gmt":"2020-07-09T12:37:07","slug":"acao-do-facebook-abre-nova-frente-sobre-atuacao-de-bolsonaristas-nas-redes-sociais","status":"publish","type":"post","link":"https:\/\/blogs2.correiobraziliense.com.br\/denise\/acao-do-facebook-abre-nova-frente-sobre-atuacao-de-bolsonaristas-nas-redes-sociais\/","title":{"rendered":"A\u00e7\u00e3o do Facebook abre nova frente sobre atua\u00e7\u00e3o de bolsonaristas nas redes sociais"},"content":{"rendered":"<h6>Bras\u00edlia DF &#8211; Carlos Alexandre de Souza<\/h6>\n<p>A decis\u00e3o do Facebook de banir contas e p\u00e1ginas de bolsonaristas abriu uma nova frente sobre a atua\u00e7\u00e3o do cl\u00e3 presidencial e de apoiadores nas redes sociais. Mais de 70 contas foram desativadas, por infringirem as regras de conduta estabelecidas pela gigante da tecnologia. Acusado de ter uma postura permissiva em rela\u00e7\u00e3o ao discurso do \u00f3dio, o Facebook justificou a desativa\u00e7\u00e3o como medida necess\u00e1ria para coibir \u201ccomportamento inaut\u00eantico\u201d, leia-se a cria\u00e7\u00e3o de contas falsas e outras artimanhas para aumentar a presen\u00e7a digital. Especula-se, em Bras\u00edlia, se os procedimentos e as investiga\u00e7\u00f5es da empresa de Mark Zuckerberg podem ter algum v\u00ednculo ou implica\u00e7\u00e3o com inqu\u00e9ritos em curso no Supremo Tribunal Federal e no Tribunal Superior Eleitoral. Fake news, amea\u00e7as a autoridades e mensagens antidemocr\u00e1ticas s\u00e3o algumas das a\u00e7\u00f5es sob investiga\u00e7\u00e3o. A atitude corretiva do Facebook \u00e9 mais um ind\u00edcio de como \u00e9 preciso olhar com aten\u00e7\u00e3o o que acontece na sociedade virtual do s\u00e9culo 21, com desdobramentos na vida real. Esse \u00e9 precisamente o prop\u00f3sito dos poderes Legislativo e Judici\u00e1rio ao se debru\u00e7arem sobre o fen\u00f4meno das fake news.<\/p>\n<p>As estat\u00edsticas mostram como as redes sociais s\u00e3o a plataforma pol\u00edtica do bolsonarismo. Pesquisa realizada pela FSB Congresso indica que os tr\u00eas parlamentares que mais influenciam nas redes pertencem ao grupo aliado do presidente. A campe\u00e3 das m\u00eddias \u00e9 Carla Zambelli (PSL-SP), envolvida em epis\u00f3dios explosivos do governo Bolsonaro e da pol\u00edtica nacional. Basta lembrar a sa\u00edda de Sergio Moro e as opera\u00e7\u00f5es da PF contra governadores suspeitos de corrup\u00e7\u00e3o no enfrentamento da covid-19. A deputada Bia Kicis (PSL-DF) assumiu a segunda posi\u00e7\u00e3o, ultrapassando Eduardo Bolsonaro. Kicis \u00e9 investigada, no Supremo, nos inqu\u00e9ritos que apuram a produ\u00e7\u00e3o de fake news e a promo\u00e7\u00e3o de atos antidemocr\u00e1ticos.<\/p>\n<h2><b>Sem suspei\u00e7\u00e3o<\/b><\/h2>\n<p>O presidente do Supremo Tribunal Federal, Dias Toffoli, manteve o ministro Alexandre de Moraes na relatoria do inqu\u00e9rito que investiga a\u00e7\u00f5es criminosas contra a democracia. Toffoli negou pedido apresentado pela defesa de Sara Giromini, extremista que cumpriu pris\u00e3o tempor\u00e1ria em Bras\u00edlia e hoje est\u00e1 de tornozeleira eletr\u00f4nica.<\/p>\n<h2><b>Vem pra c\u00e1<\/b><\/h2>\n<p>Roberto Jefferson, aliado de primeira hora de Jair Bolsonaro, convidou o presidente a se juntar \u00e0s fileiras do PTB para a elei\u00e7\u00e3o de 2022. Seria o retorno \u00e0 legenda da qual o ex-capit\u00e3o fez parte entre 2003 e 2005. Em 2018, o ent\u00e3o candidato disputou a elei\u00e7\u00e3o pelo PSL, mas se desligou do partido no ano seguinte. Os dissidentes formaram o Alian\u00e7a pelo Brasil, que busca ser reconhecido pela Justi\u00e7a Eleitoral.<\/p>\n<p>&nbsp;<\/p>\n<h2><b>Bicada tucana<\/b><\/h2>\n<p>O PSDB respondeu em alto tom \u00e0 declara\u00e7\u00e3o de Paulo Guedes de que, se o Plano Real tivesse sido t\u00e3o extraordin\u00e1rio, o PSDB n\u00e3o teria perdido quatro elei\u00e7\u00f5es seguidas. Paulo Guedes tem uma m\u00e1goa antiga dos tucanos por n\u00e3o ter participado da cria\u00e7\u00e3o do plano econ\u00f4mico que salvou o Brasil da hiperinfla\u00e7\u00e3o. Em carta, o partido afirma que o Posto Ipiranga do governo tem se notabilizado como o ministro \u201cda semana que vem\u201d, aquele que muito anuncia e pouco entrega.<\/p>\n<h2><b>CURTIDAS\u00a0\u00a0\u00a0\u00a0<\/b><\/h2>\n<p>&nbsp;<\/p>\n<p>Choque de renda \/\u00a0Estudo da Secretaria de Pol\u00edtica Econ\u00f4mica (SPE), divulgado ontem, detalha o impacto da crise econ\u00f4mica provocada pela covid-19 no bolso do trabalhador. O rendimento m\u00e9dio dos informais caiu de R$ 1.302,71 para R$ 288,98 na pandemia. Eles receberam, portanto, 22% da renda habitual. \u00c9 precisamente esse p\u00fablico que o programa de aux\u00edlio emergencial busca socorrer.<\/p>\n<p><b>Grana curta \/<\/b>\u00a0Trabalhadores formais apresentaram redu\u00e7\u00e3o de renda, observa a SPE. Os empregados dom\u00e9sticos com carteira assinada, por exemplo, receberam 81% do seu rendimento habitual depois que foram afastados das casas dos patr\u00f5es devido \u00e0 quarentena. E os demais empregados formais do setor privado, 75,2%.<\/p>\n<p><b>Exce\u00e7\u00e3o \/<\/b>\u00a0No comparativo elaborado pela SAE, somente servidores p\u00fablico e militares n\u00e3o sofreram queda significativa de renda na pandemia. Essas categorias receberam ao menos 90% dos rendimentos originais nesses tempos de pandemia.<\/p>\n<p><b>Vulner\u00e1veis \/<\/b>\u00a0A C\u00e2mara aprovou um aux\u00edlio de R$ 1,5 bilh\u00e3o para socorrer a popula\u00e7\u00e3o mais vulner\u00e1vel na pandemia. Os recursos, oriundos do Fundo Nacional de Assist\u00eancia Social, v\u00e3o beneficiar crian\u00e7as, adolescentes, v\u00edtimas de viol\u00eancia e outros brasileiros em situa\u00e7\u00e3o cr\u00edtica. O texto, de autoria da deputada Fl\u00e1via Arruda (foto), do PL-DF, segue para san\u00e7\u00e3o presidencial.<\/p>\n<p><b>Colaboraram Rosana Hessel e Marina Barbosa<br \/>\n<\/b><\/p>\n","protected":false},"excerpt":{"rendered":"<p>Bras\u00edlia DF &#8211; Carlos Alexandre de Souza A decis\u00e3o do Facebook de banir contas e p\u00e1ginas de bolsonaristas abriu uma nova frente sobre a atua\u00e7\u00e3o do cl\u00e3 presidencial e de apoiadores nas redes sociais. Mais de 70 contas foram desativadas, por infringirem as regras de conduta estabelecidas pela gigante da tecnologia. Acusado de ter uma [&hellip;]<\/p>\n","protected":false},"author":29,"featured_media":5769,"comment_status":"closed","ping_status":"closed","sticky":false,"template":"","format":"standard","meta":{"wpb_read_more":[],"footnotes":""},"categories":[4],"tags":[369,28,370,84,38],"class_list":["post-5768","post","type-post","status-publish","format-standard","has-post-thumbnail","hentry","category-coluna-brasilia-df","tag-bolsonarismo","tag-bolsonaro","tag-cpi-das-fake-news","tag-psdb","tag-psl"],"_links":{"self":[{"href":"https:\/\/blogs2.correiobraziliense.com.br\/denise\/wp-json\/wp\/v2\/posts\/5768","targetHints":{"allow":["GET"]}}],"collection":[{"href":"https:\/\/blogs2.correiobraziliense.com.br\/denise\/wp-json\/wp\/v2\/posts"}],"about":[{"href":"https:\/\/blogs2.correiobraziliense.com.br\/denise\/wp-json\/wp\/v2\/types\/post"}],"author":[{"embeddable":true,"href":"https:\/\/blogs2.correiobraziliense.com.br\/denise\/wp-json\/wp\/v2\/users\/29"}],"replies":[{"embeddable":true,"href":"https:\/\/blogs2.correiobraziliense.com.br\/denise\/wp-json\/wp\/v2\/comments?post=5768"}],"version-history":[{"count":0,"href":"https:\/\/blogs2.correiobraziliense.com.br\/denise\/wp-json\/wp\/v2\/posts\/5768\/revisions"}],"wp:featuredmedia":[{"embeddable":true,"href":"https:\/\/blogs2.correiobraziliense.com.br\/denise\/wp-json\/wp\/v2\/media\/5769"}],"wp:attachment":[{"href":"https:\/\/blogs2.correiobraziliense.com.br\/denise\/wp-json\/wp\/v2\/media?parent=5768"}],"wp:term":[{"taxonomy":"category","embeddable":true,"href":"https:\/\/blogs2.correiobraziliense.com.br\/denise\/wp-json\/wp\/v2\/categories?post=5768"},{"taxonomy":"post_tag","embeddable":true,"href":"https:\/\/blogs2.correiobraziliense.com.br\/denise\/wp-json\/wp\/v2\/tags?post=5768"}],"curies":[{"name":"wp","href":"https:\/\/api.w.org\/{rel}","templated":true}]}}