{"id":5806,"date":"2020-07-18T16:35:20","date_gmt":"2020-07-18T19:35:20","guid":{"rendered":"https:\/\/blogs2.correiobraziliense.com.br\/denise\/?p=5806"},"modified":"2020-07-18T16:39:11","modified_gmt":"2020-07-18T19:39:11","slug":"brasil-posto-na-galeria-de-paises-que-pior-reagiram-ao-avanco-do-coronavirus","status":"publish","type":"post","link":"https:\/\/blogs2.correiobraziliense.com.br\/denise\/brasil-posto-na-galeria-de-paises-que-pior-reagiram-ao-avanco-do-coronavirus\/","title":{"rendered":"Brasil consolida posto na galeria dos pa\u00edses que pior reagiram ao avan\u00e7o do coronav\u00edrus"},"content":{"rendered":"<h6>Bras\u00edlia-DF, por Carlos Alexandre de Souza<\/h6>\n<p>Com <a href=\"https:\/\/www.correiobraziliense.com.br\/app\/noticia\/brasil\/2020\/07\/17\/interna-brasil,872882\/covid-19-brasil-tem-2-milhoes-de-infectados-e-nenhum-sinal-de-alivio.shtml\" target=\"_blank\" rel=\"noopener\">dois milh\u00f5es de infectados<\/a> segundo as estat\u00edsticas oficiais, o Brasil consolida seu posto na galeria de pa\u00edses que pior reagiram ao avan\u00e7o da pandemia do novo coronav\u00edrus. Esse fracasso torna-se mais retumbante se considerarmos que a na\u00e7\u00e3o assistiu, durante v\u00e1rios dias, \u00e0 pr\u00e9via do drama sanit\u00e1rio no continente europeu, com propor\u00e7\u00f5es dantescas em localidades como Mil\u00e3o, na It\u00e1lia.<\/p>\n<p>Esta semana, o presidente Jair Bolsonaro discorreu mais uma vez seu julgamento sobre a pandemia. Ao defender, mas n\u00e3o recomendar, o uso da cloroquina, o chefe do Executivo saiu-se com uma frase prof\u00e9tica: \u201cA hist\u00f3ria vai dizer quem estava certo e a quem cabe a responsabilidade sobre parte das mortes\u201d.<\/p>\n<p>De fato, chegar\u00e1 o momento em que o Brasil precisar\u00e1 refletir sobre o desastre sanit\u00e1rio que se abateu sobre o pa\u00eds. Est\u00e1 evidente a parcela de responsabilidade do governo federal, que, entre outros equ\u00edvocos, completou, esta semana, dois meses sem ministro da Sa\u00fade. Mas, h\u00e1 erros e falhas graves tamb\u00e9m nos estados e munic\u00edpios.<\/p>\n<p>Em diversos pontos do pa\u00eds, muitos governadores e prefeitos enveredaram por caminhos tortos no enfrentamento da pandemia, vacilantes entre a press\u00e3o econ\u00f4mica e as recomenda\u00e7\u00f5es de autoridades sanit\u00e1rias. O resultado \u00e9 o que se v\u00ea hoje: uma pandemia que segue descontrolada em boa parte do pa\u00eds, e uma desorienta\u00e7\u00e3o na conduta dos brasileiros. O julgamento da hist\u00f3ria vir\u00e1, n\u00e3o h\u00e1 d\u00favida.<\/p>\n<h2>Ironia<\/h2>\n<p>No pa\u00eds onde a ci\u00eancia \u00e9 vilipendiada sistematicamente, a maior esperan\u00e7a para superar a pandemia reside em um esfor\u00e7o cient\u00edfico \u2014 a produ\u00e7\u00e3o de uma vacina contra o novo coronav\u00edrus. Ou seja: enquanto o rem\u00e9dio milagreiro n\u00e3o vem, vamos de cloroquina, m\u00e1scara e \u00e1lcool em gel. Prevalecem as atitudes individualistas, ap\u00f3s o fracasso das a\u00e7\u00f5es coletivas, como o isolamento social.<\/p>\n<h2>Atos e palavras<\/h2>\n<p>Enquanto o presidente segue firme na defesa da hidroxicloroquina, o Minist\u00e9rio traduz em atos as palavras do chefe. O of\u00edcio enviado pelo Minist\u00e9rio da Sa\u00fade \u00e0 Fiocruz, insistindo na divulga\u00e7\u00e3o do uso do medicamento, comprova, mais uma vez, a op\u00e7\u00e3o do governo federal em ir contra todas as indica\u00e7\u00f5es no combate \u00e0 covid-19. A Sociedade Brasileira de Infectologia repudiou a nova ofensiva do governo federal.<\/p>\n<h2>Brother Trump<\/h2>\n<p>O governador do Maranh\u00e3o, Fl\u00e1vio Dino (PCdoB), considerado um advers\u00e1rio pol\u00edtico pelo Planalto, conseguiu apoio de um aliado do presidente Bolsonaro. O estado anunciou, ontem, que o governo de Donald Trump doar\u00e1 equipamentos e infraestrutura para a constru\u00e7\u00e3o de um hospital de campanha em Bacabal, a 250km de S\u00e3o Lu\u00eds. O Maranh\u00e3o registra mais de 104 mil casos, com aproximadamente 2.600 mortes.<\/p>\n<h2>BNDES enxuto<\/h2>\n<p>O BNDES est\u00e1 seguindo a mesma cartilha da Petrobras, com an\u00fancio de programa de enxugamento da folha salarial. Na segunda-feira, o banco lan\u00e7a um programa de est\u00edmulo \u00e0 aposentadoria, que pode afetar at\u00e9 10% do quadro de 2.623 servidores. Com a medida, o BNDES espera reduzir a folha de pagamentos em at\u00e9 R$ 190 milh\u00f5es por ano.<\/p>\n<p><strong>Mega-aux\u00edlio<\/strong> \/ O segundo relat\u00f3rio sobre a execu\u00e7\u00e3o do aux\u00edlio emergencial, aprovado, ontem, pelo Tribunal de Contas da Uni\u00e3o, informa que o total desembolsado para ajudar 59 milh\u00f5es de brasileiros \u00e9 16 vezes maior do que os recursos utilizados com o Bolsa-Fam\u00edlia antes da eclos\u00e3o da pandemia. \u201cA demanda de fam\u00edlias pelo aux\u00edlio emergencial \u00e9 mais do que o triplo da demanda por prote\u00e7\u00e3o social oferecida anteriormente pelo Programa Bolsa Fam\u00edlia\u201d, detalhou o ministro Bruno Dantas (foto), relator do documento. Segundo o relat\u00f3rio, caso o governo federal mantenha o pagamento do aux\u00edlio emergencial at\u00e9 dezembro, a conta da ajuda chegar\u00e1 perto de meio trilh\u00e3o de reais \u2014 quase um ter\u00e7o da arrecada\u00e7\u00e3o de impostos no Brasil.<\/p>\n<p><strong>Problema maior<\/strong> \/ Os n\u00fameros analisados pelo TCU indicam um problema muito anterior \u00e0 chegada da pandemia no pa\u00eds: a situa\u00e7\u00e3o cr\u00edtica de milh\u00f5es de brasileiros em est\u00e1gio de mis\u00e9ria. Vivem \u00e0 margem de pol\u00edticas p\u00fablicas, na informalidade econ\u00f4mica e indig\u00eancia social. Dezesseis anos de governos de esquerda foram insuficientes para retirar essa legi\u00e3o de brasileiros da mis\u00e9ria. Agora cabe \u00e0 atual administra\u00e7\u00e3o, de clara inclina\u00e7\u00e3o liberal, socorrer essa parcela vulner\u00e1vel da popula\u00e7\u00e3o.<\/p>\n<p><strong>Vidas ind\u00edgenas<\/strong> \/ Mais uma entidade manifestou-se sobre a necessidade de salvar o meio ambiente no pa\u00eds. A Coaliz\u00e3o Brasil Clima, Florestas e Agricultura, grupo formado por mais de 200 representantes do agroneg\u00f3cio, da sociedade civil, setor financeiro e academia, enviou carta para o governo federal e o Congresso. No documento, a entidade defende a prote\u00e7\u00e3o dos povos ind\u00edgenas na pandemia e o combate ao garimpo. \u201c\u00c9 poss\u00edvel ser uma pot\u00eancia florestal, agr\u00edcola e da biodiversidade e, ao mesmo tempo, conservar e expandir o enorme patrim\u00f4nio natural do pa\u00eds. Mas, este modelo s\u00f3 tem sentido se garantir, tamb\u00e9m, a prote\u00e7\u00e3o aos povos origin\u00e1rios da floresta\u201d, defende o texto.<\/p>\n","protected":false},"excerpt":{"rendered":"<p>Bras\u00edlia-DF, por Carlos Alexandre de Souza Com dois milh\u00f5es de infectados segundo as estat\u00edsticas oficiais, o Brasil consolida seu posto na galeria de pa\u00edses que pior reagiram ao avan\u00e7o da pandemia do novo coronav\u00edrus. Esse fracasso torna-se mais retumbante se considerarmos que a na\u00e7\u00e3o assistiu, durante v\u00e1rios dias, \u00e0 pr\u00e9via do drama sanit\u00e1rio no continente [&hellip;]<\/p>\n","protected":false},"author":29,"featured_media":4649,"comment_status":"closed","ping_status":"closed","sticky":false,"template":"","format":"standard","meta":{"wpb_read_more":[],"footnotes":""},"categories":[4],"tags":[243,60,377],"class_list":["post-5806","post","type-post","status-publish","format-standard","has-post-thumbnail","hentry","category-coluna-brasilia-df","tag-coronavirus","tag-governo-bolsonaro","tag-pandemia-no-brasil"],"_links":{"self":[{"href":"https:\/\/blogs2.correiobraziliense.com.br\/denise\/wp-json\/wp\/v2\/posts\/5806","targetHints":{"allow":["GET"]}}],"collection":[{"href":"https:\/\/blogs2.correiobraziliense.com.br\/denise\/wp-json\/wp\/v2\/posts"}],"about":[{"href":"https:\/\/blogs2.correiobraziliense.com.br\/denise\/wp-json\/wp\/v2\/types\/post"}],"author":[{"embeddable":true,"href":"https:\/\/blogs2.correiobraziliense.com.br\/denise\/wp-json\/wp\/v2\/users\/29"}],"replies":[{"embeddable":true,"href":"https:\/\/blogs2.correiobraziliense.com.br\/denise\/wp-json\/wp\/v2\/comments?post=5806"}],"version-history":[{"count":3,"href":"https:\/\/blogs2.correiobraziliense.com.br\/denise\/wp-json\/wp\/v2\/posts\/5806\/revisions"}],"predecessor-version":[{"id":5809,"href":"https:\/\/blogs2.correiobraziliense.com.br\/denise\/wp-json\/wp\/v2\/posts\/5806\/revisions\/5809"}],"wp:featuredmedia":[{"embeddable":true,"href":"https:\/\/blogs2.correiobraziliense.com.br\/denise\/wp-json\/wp\/v2\/media\/4649"}],"wp:attachment":[{"href":"https:\/\/blogs2.correiobraziliense.com.br\/denise\/wp-json\/wp\/v2\/media?parent=5806"}],"wp:term":[{"taxonomy":"category","embeddable":true,"href":"https:\/\/blogs2.correiobraziliense.com.br\/denise\/wp-json\/wp\/v2\/categories?post=5806"},{"taxonomy":"post_tag","embeddable":true,"href":"https:\/\/blogs2.correiobraziliense.com.br\/denise\/wp-json\/wp\/v2\/tags?post=5806"}],"curies":[{"name":"wp","href":"https:\/\/api.w.org\/{rel}","templated":true}]}}