{"id":5817,"date":"2020-07-22T11:31:45","date_gmt":"2020-07-22T14:31:45","guid":{"rendered":"https:\/\/blogs2.correiobraziliense.com.br\/denise\/?p=5817"},"modified":"2020-07-22T11:31:45","modified_gmt":"2020-07-22T14:31:45","slug":"mesmo-derrotado-na-camara-bolsonaro-sera-o-maior-beneficiado-com-aprovacao-do-fundeb","status":"publish","type":"post","link":"https:\/\/blogs2.correiobraziliense.com.br\/denise\/mesmo-derrotado-na-camara-bolsonaro-sera-o-maior-beneficiado-com-aprovacao-do-fundeb\/","title":{"rendered":"Mesmo derrotado na C\u00e2mara, Bolsonaro ser\u00e1 o maior beneficiado com aprova\u00e7\u00e3o do Fundeb"},"content":{"rendered":"<h6>Coluna Bras\u00edlia &#8211; DF, por Denise\u00a0Rothenburg<\/h6>\n<p>O <a href=\"https:\/\/www.correiobraziliense.com.br\/app\/noticia\/politica\/2020\/07\/22\/interna_politica,874149\/votacao-do-fundeb-representa-derrota-para-o-governo-bolsonaro.shtml\" target=\"_blank\" rel=\"noopener\">texto do Fundeb<\/a> n\u00e3o saiu do jeito que o governo queria, mas, no geral, o presidente Jair Bolsonaro n\u00e3o ter\u00e1 do que reclamar. Eleitoralmente, h\u00e1 quase que um consenso na pol\u00edtica de que ele ser\u00e1 o maior beneficiado. Cresce a convic\u00e7\u00e3o de que o presidente tem conseguido sobreviver, ainda que aos trancos e barrancos, sem um projeto fechado e generoso para a \u00e1rea de educa\u00e7\u00e3o e outros bra\u00e7os da assist\u00eancia social. Foi assim com o aux\u00edlio emergencial: o valor original era de R$ 200 e terminou em R$ 600 \u2014 quantia que ganhou o nome popular de \u201cdinheiro do Bolsonaro\u201d. Com o Renda Brasil em gesta\u00e7\u00e3o n\u00e3o ser\u00e1 diferente.<\/p>\n<p>O novo programa, idealizado para substituir o Bolsa Fam\u00edlia e agregar novos brasileiros, ter\u00e1 o apoio de praticamente todos os partidos. No Congresso, est\u00e1 criada a Frente da Renda B\u00e1sica, coordenada pelo deputado Jo\u00e3o Campos (PSB-PE), inclusive com direito a um conselho consultivo.<\/p>\n<p>O maior defensor dessa proposta no pa\u00eds por d\u00e9cadas foi o presidente de honra dessa frente, o ex-senador Eduardo Suplicy (PT-SP), sob o nome de renda m\u00ednima. Por\u00e9m, a perspectiva de ser efetivada no governo de Bolsonaro render\u00e1 dividendos eleitorais ao presidente. A forma desastrada como o governo federal gerencia a pandemia ser\u00e1 passado. A pre\u00e7os de hoje, avaliam aqueles que costumam enxergar mais longe, restar\u00e3o as boas iniciativas, invariavelmente ben\u00e9ficas para quem est\u00e1 no poder.<\/p>\n<h2><b>Serra e os outros<\/b><\/h2>\n<p>A suspens\u00e3o da busca e apreens\u00e3o no gabinete do senador Jos\u00e9 Serra foi recebida com al\u00edvio por v\u00e1rios antigos alvos da Lava Jato. Se a moda pega, qualquer juiz de primeira inst\u00e2ncia poderia pedir o mesmo em rela\u00e7\u00e3o a casos antigos que tramitam nas esferas judiciais.<\/p>\n<h2><b>Muito al\u00e9m os tucanos<\/b><\/h2>\n<p>Aliados do presidente Jair Bolsonaro passaram o dia se desdobrando em refer\u00eancias a todas as liga\u00e7\u00f5es pol\u00edticas do empres\u00e1rio Jos\u00e9 Seripieri Filho \u2014 o J\u00fanior, antigo dono da Qualicorp, preso na opera\u00e7\u00e3o da Pol\u00edcia Federal que investiga a campanha do senador Jos\u00e9 Serra (PSDB-SP) de 2014. Querem deixar claro que ele tinha muitos la\u00e7os, do PT ao PSDB. Por\u00e9m, nada ligado ao atual presidente.<\/p>\n<h2><b>Por falar em PSDB\u2026<\/b><\/h2>\n<p>Os tucanos veem hoje apenas duas grandes apostas para 2022: Jo\u00e3o Doria, em S\u00e3o Paulo, e Eduardo Leite, no Rio Grande do Sul. Da velha guarda, resta o senador Tasso Jereissati, do Cear\u00e1.<\/p>\n<h2><b>Cont\u00e1gio<\/b><\/h2>\n<p>\u201cQuando S\u00e3o Paulo est\u00e1 gripado, n\u00f3s pegamos uma pneumonia\u201d, do secret\u00e1rio de Fazenda do Paran\u00e1, Ren\u00e9 Garcia, ao mencionar a estreita liga\u00e7\u00e3o econ\u00f4mica entre os dois estados.<\/p>\n<p><strong>O reverso da pesquisa<\/strong>\/ Amigos do presidente Jair Bolsonaro acreditam que vai ser dif\u00edcil tirar o senador Fl\u00e1vio Bolsonaro (Republicanos-RJ) (foto) do imbr\u00f3glio de Fabr\u00edcio Queiroz. J\u00e1 tem gente se preparando para dizer a Bolsonaro que, talvez, seja preciso \u201csacrificar\u201d politicamente 01 em nome da preserva\u00e7\u00e3o do projeto presidencial.<\/p>\n<p><strong>Amigos, amigos&#8230;<\/strong> \/&#8230; sem neg\u00f3cios \u00e0 parte. Que ningu\u00e9m aposte num rompimento entre o l\u00edder da maioria, Aguinaldo Ribeiro (PP-PB), e o l\u00edder do PP, Arthur Lira (AL). Quem os conhece garante que eles n\u00e3o ter\u00e3o um embate em torno da Presid\u00eancia da C\u00e2mara.<\/p>\n<p><strong>Bom sinal<\/strong>\/ O fato de o governo enviar a sua primeira proposta de reforma tribut\u00e1ria limitada ao PIS Cofins foi vista no meio pol\u00edtico como uma forma de testar a pr\u00f3pria capacidade de articula\u00e7\u00e3o da base, vontade de dialogar, e ver se h\u00e1 espa\u00e7o para avan\u00e7ar em projetos mais ousados. A meta, dizem os deputados com pontes na equipe econ\u00f4mica, ainda \u00e9 o imposto sobre transa\u00e7\u00f5es<br \/>\neletr\u00f4nicas, bem mais \u00e0 frente.<\/p>\n<p><strong>Est\u00e1 tudo muito bom, mas..<\/strong>.\/ O Congresso s\u00f3 vai discutir para valer a reforma tribut\u00e1ria quando voltarem as sess\u00f5es presenciais. At\u00e9 setembro, calculam alguns, ser\u00e1 s\u00f3 o \u201caquecimento\u201d.<\/p>\n","protected":false},"excerpt":{"rendered":"<p>Coluna Bras\u00edlia &#8211; DF, por Denise\u00a0Rothenburg O texto do Fundeb n\u00e3o saiu do jeito que o governo queria, mas, no geral, o presidente Jair Bolsonaro n\u00e3o ter\u00e1 do que reclamar. Eleitoralmente, h\u00e1 quase que um consenso na pol\u00edtica de que ele ser\u00e1 o maior beneficiado. Cresce a convic\u00e7\u00e3o de que o presidente tem conseguido sobreviver, [&hellip;]<\/p>\n","protected":false},"author":29,"featured_media":3649,"comment_status":"closed","ping_status":"closed","sticky":false,"template":"","format":"standard","meta":{"wpb_read_more":[],"footnotes":""},"categories":[4],"tags":[28,380],"class_list":["post-5817","post","type-post","status-publish","format-standard","has-post-thumbnail","hentry","category-coluna-brasilia-df","tag-bolsonaro","tag-fundeb"],"_links":{"self":[{"href":"https:\/\/blogs2.correiobraziliense.com.br\/denise\/wp-json\/wp\/v2\/posts\/5817","targetHints":{"allow":["GET"]}}],"collection":[{"href":"https:\/\/blogs2.correiobraziliense.com.br\/denise\/wp-json\/wp\/v2\/posts"}],"about":[{"href":"https:\/\/blogs2.correiobraziliense.com.br\/denise\/wp-json\/wp\/v2\/types\/post"}],"author":[{"embeddable":true,"href":"https:\/\/blogs2.correiobraziliense.com.br\/denise\/wp-json\/wp\/v2\/users\/29"}],"replies":[{"embeddable":true,"href":"https:\/\/blogs2.correiobraziliense.com.br\/denise\/wp-json\/wp\/v2\/comments?post=5817"}],"version-history":[{"count":2,"href":"https:\/\/blogs2.correiobraziliense.com.br\/denise\/wp-json\/wp\/v2\/posts\/5817\/revisions"}],"predecessor-version":[{"id":5820,"href":"https:\/\/blogs2.correiobraziliense.com.br\/denise\/wp-json\/wp\/v2\/posts\/5817\/revisions\/5820"}],"wp:featuredmedia":[{"embeddable":true,"href":"https:\/\/blogs2.correiobraziliense.com.br\/denise\/wp-json\/wp\/v2\/media\/3649"}],"wp:attachment":[{"href":"https:\/\/blogs2.correiobraziliense.com.br\/denise\/wp-json\/wp\/v2\/media?parent=5817"}],"wp:term":[{"taxonomy":"category","embeddable":true,"href":"https:\/\/blogs2.correiobraziliense.com.br\/denise\/wp-json\/wp\/v2\/categories?post=5817"},{"taxonomy":"post_tag","embeddable":true,"href":"https:\/\/blogs2.correiobraziliense.com.br\/denise\/wp-json\/wp\/v2\/tags?post=5817"}],"curies":[{"name":"wp","href":"https:\/\/api.w.org\/{rel}","templated":true}]}}