{"id":5850,"date":"2020-07-28T07:48:51","date_gmt":"2020-07-28T10:48:51","guid":{"rendered":"https:\/\/blogs2.correiobraziliense.com.br\/denise\/?p=5850"},"modified":"2020-07-28T07:52:10","modified_gmt":"2020-07-28T10:52:10","slug":"eleicao-da-camara-esta-por-tras-da-divisao-do-centrao","status":"publish","type":"post","link":"https:\/\/blogs2.correiobraziliense.com.br\/denise\/eleicao-da-camara-esta-por-tras-da-divisao-do-centrao\/","title":{"rendered":"Elei\u00e7\u00e3o para presidente da C\u00e2mara est\u00e1 por tr\u00e1s da divis\u00e3o do Centr\u00e3o"},"content":{"rendered":"<h6><strong>Coluna Bras\u00edlia-DF<\/strong><\/h6>\n<p>A sa\u00edda do DEM e do MDB do chamado Centr\u00e3o, o bloco de partidos que se aproxima do presidente Jair Bolsonaro, \u00e9 a abertura oficial da pr\u00e9-campanha \u00e0 sucess\u00e3o do presidente da C\u00e2mara, Rodrigo Maia (DEM-RJ), nos partidos mais ao centro do espectro pol\u00edtico. Nos bastidores, os deputados do MDB, por exemplo, veem nessa sa\u00edda um gesto para tirar f\u00f4lego do l\u00edder do PP, Arthur Lira (AL), pr\u00e9-candidato ao comando da Casa.<\/p>\n<p>Lira, que de bobo n\u00e3o tem nada, avisou logo ontem, em entrevista \u00e0 CNN, que a elei\u00e7\u00e3o \u00e9 s\u00f3 em fevereiro e coisa e tal, que n\u00e3o \u00e9 hora de tratar disso, que o Centr\u00e3o era um grupo para a forma\u00e7\u00e3o da Comiss\u00e3o Mista de Or\u00e7amento. Tenta, assim, manter as cartas meio embaralhadas enquanto organiza o pr\u00f3prio jogo.<\/p>\n<p>Presidente e l\u00edder do MDB, Baleia Rossi, <a href=\"https:\/\/blogs2.correiobraziliense.com.br\/denise\/bolsonaro-precisa-do-centrao-mas-tenta-impor-limites-a-alguns-nomes-do-bloco\/\">como o leitor da coluna j\u00e1 sabe<\/a>, \u00e9 pr\u00e9-candidato e torce para que Lira se inviabilize. O DEM tamb\u00e9m n\u00e3o pretende apoiar Lira para a sucess\u00e3o de Maia. O pr\u00f3prio presidente incensou v\u00e1rios candidatos no primeiro semestre, a ordem agora \u00e9 deixar estar para ver como \u00e9 que fica.<\/p>\n<p>Reza a lenda da pol\u00edtica que quem tem muitos candidatos, n\u00e3o quer nenhum. Baleia Rossi entra na campanha, e longe do Centr\u00e3o, independente, por\u00e9m, pr\u00f3ximo ao governo. Ontem, para explicar sua posi\u00e7\u00e3o de sa\u00edda do bloco, declarou \u201csomos #PontoDeEquilibrio\u201d. A corrida come\u00e7a agora.<\/p>\n<h2><strong>Apetites abertos<\/strong><\/h2>\n<p>O Banco do Brasil entrou no radar dos partidos. As apostas s\u00e3o as de que ou o Minist\u00e9rio da Sa\u00fade, ou o banco, v\u00e3o acabar ocupados por indica\u00e7\u00f5es pol\u00edticas. At\u00e9 aqui, o presidente Jair Bolsonaro resistiu a entregar as joias da coroa aos aliados. Liberou apenas o que considera pass\u00edvel de controle pelos seus fi\u00e9is escudeiros.<\/p>\n<h2><strong>Por falar em Bolsonaro\u2026<\/strong><\/h2>\n<p>A volta do presidente \u00e0 porta do Alvorada, com frases do tipo \u201cproblemas que jogaram no meu colo\u201d e \u201cacabaram com os empregos\u201d, foi vista como uma sinaliza\u00e7\u00e3o clara de que o discurso n\u00e3o mudou. Ele vai continuar culpando os governadores pelas mazelas econ\u00f4micas decorrentes da pandemia.<\/p>\n<h2><strong>\u2026 fa\u00e7am suas apostas<\/strong><\/h2>\n<p>O presidente melhorou a avalia\u00e7\u00e3o nas pesquisas de opini\u00e3o enquanto manteve distanciamento das declara\u00e7\u00f5es pol\u00eamicas e agressivas. Se voltar a essa batida do confronto, ter\u00e1 dificuldades de di\u00e1logo para aprovar as reformas.<\/p>\n<h2><strong>E o Dallagnol, hein?<\/strong><\/h2>\n<p>Apoiadores do ex-ministro Sergio Moro colocaram a hashtag #DeltanNaLavajato em alta nos trending topics Brasil do Twitter ontem \u00e0 tarde. \u00c9 um movimento para evitar que o Conselho Nacional do Minist\u00e9rio P\u00fablico tire o procurador da coordena\u00e7\u00e3o da for\u00e7a-tarefa.<\/p>\n<p>O julgamento do pedido de afastamento de Dallagnol est\u00e1 marcado para 18 de agosto, a pedido do relator, o conselheiro Luiz Fernando Bandeira de Mello Filho, <a href=\"https:\/\/blogs2.correiobraziliense.com.br\/denise\/agosto-sera-decisivo-para-dallagnol-que-deve-ser-removido-da-coordenacao-da-lava-jato\/\">conforme publicado em primeira m\u00e3o pela coluna<\/a>. At\u00e9 aqui, o procurador-geral, Augusto Aras, n\u00e3o se pronunciou sobre o caso.<\/p>\n<h2><em><strong>Curtas<\/strong><\/em><\/h2>\n<p><strong>Hora de morfar\/<\/strong> Em conversas reservadas, petistas e tucanos t\u00eam um \u00fanico veredicto: Ou renovam seus quadros, ou v\u00e3o ficar desgastados nas p\u00e1ginas das opera\u00e7\u00f5es policiais. No caso do PT, ontem foi a vez do governador do Piau\u00ed, Wellington Dias, que era uma das apostas para cargos majorit\u00e1rios e algo para mostrar em termos de gest\u00e3o. Agora, ter\u00e1 que mergulhar e focar na pr\u00f3pria defesa.<\/p>\n<p><strong>Prata da casa I\/<\/strong> Formado na UnB, o engenheiro el\u00e9trico Luis Henrique Baldez Jr., colaborador da HP Company desde 2002, acaba de assumir o cargo de Diretor Executivo da 3MF Consortium, organiza\u00e7\u00e3o internacional estabelecida em S\u00e3o Francisco, EUA, dedicada ao desenvolvimento das especifica\u00e7\u00f5es universais para impressoras 3D. A ideia \u00e9 que essas defini\u00e7\u00f5es facilitem a comunica\u00e7\u00e3o de dados entre diferentes fabricantes, simplificando o uso de impressoras 3D para o usu\u00e1rio final.<\/p>\n<p><strong>Prata da Casa II\/<\/strong> Luis Baldez \u00e9 um dos pioneiros da impress\u00e3o 3D na HP e um dos criadores da entidade 3MF. A 3MF foi constitu\u00edda em 2015 congrega gigantes da \u00e1rea de tecnologia, impress\u00e3o e software 3D, como a HP, a Microsoft, a Siemens, a Autodesk, entre outras 16 multinacionais. \u00c9 mais um exemplo do talento brasileiro pelo mundo.<\/p>\n<p><strong>E Queiroz ganha tempo\/<\/strong> Com a cirurgia de emerg\u00eancia do ministro Felix Fischer, do Superior Tribunal de Justi\u00e7a, quem ganha um tempinho a mais na pris\u00e3o domiciliar \u00e9 o ex-assessor Fabr\u00edcio Queiroz e M\u00e1rcia, a esposa. Quando Fischer voltar, h\u00e1 quem aposte que come\u00e7ar\u00e1 a contagem regressiva para Queiroz voltar ao chuveiro frio.<\/p>\n","protected":false},"excerpt":{"rendered":"<p>Coluna Bras\u00edlia-DF A sa\u00edda do DEM e do MDB do chamado Centr\u00e3o, o bloco de partidos que se aproxima do presidente Jair Bolsonaro, \u00e9 a abertura oficial da pr\u00e9-campanha \u00e0 sucess\u00e3o do presidente da C\u00e2mara, Rodrigo Maia (DEM-RJ), nos partidos mais ao centro do espectro pol\u00edtico. Nos bastidores, os deputados do MDB, por exemplo, veem [&hellip;]<\/p>\n","protected":false},"author":29,"featured_media":5852,"comment_status":"closed","ping_status":"closed","sticky":false,"template":"","format":"standard","meta":{"wpb_read_more":[],"footnotes":""},"categories":[4],"tags":[382,135,44,74],"class_list":["post-5850","post","type-post","status-publish","format-standard","has-post-thumbnail","hentry","category-coluna-brasilia-df","tag-camara-dos-dputados","tag-centrao","tag-dem","tag-mdb"],"_links":{"self":[{"href":"https:\/\/blogs2.correiobraziliense.com.br\/denise\/wp-json\/wp\/v2\/posts\/5850","targetHints":{"allow":["GET"]}}],"collection":[{"href":"https:\/\/blogs2.correiobraziliense.com.br\/denise\/wp-json\/wp\/v2\/posts"}],"about":[{"href":"https:\/\/blogs2.correiobraziliense.com.br\/denise\/wp-json\/wp\/v2\/types\/post"}],"author":[{"embeddable":true,"href":"https:\/\/blogs2.correiobraziliense.com.br\/denise\/wp-json\/wp\/v2\/users\/29"}],"replies":[{"embeddable":true,"href":"https:\/\/blogs2.correiobraziliense.com.br\/denise\/wp-json\/wp\/v2\/comments?post=5850"}],"version-history":[{"count":2,"href":"https:\/\/blogs2.correiobraziliense.com.br\/denise\/wp-json\/wp\/v2\/posts\/5850\/revisions"}],"predecessor-version":[{"id":5853,"href":"https:\/\/blogs2.correiobraziliense.com.br\/denise\/wp-json\/wp\/v2\/posts\/5850\/revisions\/5853"}],"wp:featuredmedia":[{"embeddable":true,"href":"https:\/\/blogs2.correiobraziliense.com.br\/denise\/wp-json\/wp\/v2\/media\/5852"}],"wp:attachment":[{"href":"https:\/\/blogs2.correiobraziliense.com.br\/denise\/wp-json\/wp\/v2\/media?parent=5850"}],"wp:term":[{"taxonomy":"category","embeddable":true,"href":"https:\/\/blogs2.correiobraziliense.com.br\/denise\/wp-json\/wp\/v2\/categories?post=5850"},{"taxonomy":"post_tag","embeddable":true,"href":"https:\/\/blogs2.correiobraziliense.com.br\/denise\/wp-json\/wp\/v2\/tags?post=5850"}],"curies":[{"name":"wp","href":"https:\/\/api.w.org\/{rel}","templated":true}]}}