{"id":5858,"date":"2020-07-30T07:47:50","date_gmt":"2020-07-30T10:47:50","guid":{"rendered":"https:\/\/blogs2.correiobraziliense.com.br\/denise\/?p=5858"},"modified":"2020-07-30T07:47:50","modified_gmt":"2020-07-30T10:47:50","slug":"na-mira-de-proposta-de-inelegibilidade-moro-trabalha-a-blindagem","status":"publish","type":"post","link":"https:\/\/blogs2.correiobraziliense.com.br\/denise\/na-mira-de-proposta-de-inelegibilidade-moro-trabalha-a-blindagem\/","title":{"rendered":"Na mira de proposta de inelegibilidade, Moro trabalha a blindagem"},"content":{"rendered":"<h6><strong>Coluna Bras\u00edlia-DF<\/strong><\/h6>\n<p>A declara\u00e7\u00e3o do presidente do Supremo Tribunal Federal, Dias Toffoli, de que deve haver um prazo de inelegibilidade para quem deixa a magistratura a fim de ser candidato, foi vista por muitos juristas como uma manobra para que o ex-ministro da Justi\u00e7a Sergio Moro seja impedido de concorrer, em breve, \u00e0 Presid\u00eancia da Rep\u00fablica. Antes que a onda cres\u00e7a, aliados do juiz cortaram esse mal. Moro j\u00e1 deixou a magistratura, portanto, n\u00e3o seria atingido por uma nova regra.<\/p>\n<p>Os aliados do ex-ministro trabalham os argumentos para evitar que ele seja atingido por qualquer proposta de inelegibilidade. H\u00e1 quem diga que querer impedi-lo de ser candidato em 2022, por causa de um prazo de inelegibilidade, seria o mesmo que, se passasse no Congresso uma antecipa\u00e7\u00e3o da aposentadoria ou institui\u00e7\u00e3o de mandatos para os ministros do STF, os atuais ministros fossem obrigados a deixar os cargos imediatamente.<\/p>\n<h2>\n<strong>Quando entrar setembro<\/strong><\/h2>\n<p>Os lavajatistas contam os dias e as horas para a sa\u00edda de Dia Toffoli do comando do STF. \u00c9 que, daqui a dois meses, a presid\u00eancia da Suprema Corte passa para as m\u00e3os do ministro Luiz Fux, considerado um dos amigos de Sergio Moro. O leitor deve se lembrar, inclusive, daqueles vazamentos de di\u00e1logos da turma da Lava-Jato pelo site The Intercept, em que ficou famosa a frase \u201cin Fux we trust\u201d (em Fux confiamos), que teria sido escrita pelo ent\u00e3o juiz num grupo de Telegram.<\/p>\n<h2>\n<strong>A bancada morista<\/strong><\/h2>\n<p>Moro n\u00e3o tem um grande batalh\u00e3o para defend\u00ea-lo no Congresso. No STF, h\u00e1 quem diga que ele pode contar, al\u00e9m de Fux, com pelo menos dois: o ministro Edson Fachin, seu colega no Sul, e a ministra Rosa Weber \u2013\u2013 afinal, Moro trabalhou com ela. Moral da hist\u00f3ria: vai passar maus bocados no Parlamento, assim como Deltan Dallagnol.<\/p>\n<h2>\n<strong>Pano de fundo<\/strong><\/h2>\n<p>As declara\u00e7\u00f5es do procurador-geral, Augusto Aras, na live do grupo Prerrogativas contra os m\u00e9todos da Lava-Jato, <a href=\"https:\/\/blogs2.correiobraziliense.com.br\/denise\/pp-ve-puxada-de-tapete-e-quer-explicacoes-de-maia-apos-ruptura-do-centrao\/\">parte delas publicadas ontem pela coluna<\/a>, provocaram rea\u00e7\u00e3o imediata. No Congresso, j\u00e1 se fala em CPI. Atr\u00e1s de tudo isso, \u00e9 a briga pelos cinco terabytes de informa\u00e7\u00f5es arquivadas.<\/p>\n<h2><strong>Alcolumbre na muda<\/strong><\/h2>\n<p>Diante do tumulto na C\u00e2mara com o esfacelamento do Centr\u00e3o, o presidente do Senado, Davi Alcolumbre (DEM-AP), se mant\u00e9m imp\u00e1vido. N\u00e3o moveu um m\u00fasculo. Trabalha pela reelei\u00e7\u00e3o, discret\u00edssimo.<\/p>\n<p><strong>A\u00ed n\u00e3o!\/<\/strong> A Associa\u00e7\u00e3o dos Ju\u00edzes Federais (Ajufe) saiu em defesa da Lava-Jato e de equil\u00edbrio na hora de definir um per\u00edodo de inelegibilidade para os ju\u00edzes interessados em abra\u00e7ar a pol\u00edtica. \u201cPode at\u00e9 se criticar pontualmente a Lava-Jato, mas n\u00e3o d\u00e1 para desqualificar uma opera\u00e7\u00e3o que devolveu bilh\u00f5es de reais aos cofres p\u00fablicos\u201d, disse o presidente da Associa\u00e7\u00e3o, Eduardo Andr\u00e9 Fernandes, lembrando que a investiga\u00e7\u00e3o desmontou esquemas e teve a maioria das decis\u00f5es mantidas por inst\u00e2ncias superiores.<\/p>\n<p><strong>O que \u00e9 isso, companheiro?!\/<\/strong> L\u00edder do PP, Arthur Lira (AL) cobrou dos l\u00edderes aliados que n\u00e3o era hora de desfazer o bloco, que esperassem um outro momento e coisa e tal. O clima no antigo Centr\u00e3o n\u00e3o est\u00e1 nada bom.<\/p>\n<p><strong>Quest\u00e3o de economia\/<\/strong> A edi\u00e7\u00e3o da c\u00e9dula de R$ 200 virou meme. At\u00e9 imagens do presidente correndo atr\u00e1s de uma ema com uma caixa de cloroquina na m\u00e3o foi parar no WhatsApp. O problema, entretanto, \u00e9 de economia: \u00e9 que sai muito mais barato produzir c\u00e9dulas de R$ 200 do que duas de R$ 100 ou quatro de R$ 50. O problema vai ser arrumar troco. Hoje, a turma reclama de ter que trocar notas de R$ 100.<\/p>\n<p><strong>Bem-humorado\/<\/strong> O ministro do Meio Ambiente, Ricardo Salles, n\u00e3o perde a fleuma, nem mesmo diante dos ataques \u00e0 sua gest\u00e3o. Dia desses, numa roda, quando algu\u00e9m mencionou a pol\u00eamica cloroquina, ele se saiu com esta: \u201cVou adotar dois cachorros e batiz\u00e1-los assim: o cloro e a quina\u201d.<\/p>\n","protected":false},"excerpt":{"rendered":"<p>Coluna Bras\u00edlia-DF A declara\u00e7\u00e3o do presidente do Supremo Tribunal Federal, Dias Toffoli, de que deve haver um prazo de inelegibilidade para quem deixa a magistratura a fim de ser candidato, foi vista por muitos juristas como uma manobra para que o ex-ministro da Justi\u00e7a Sergio Moro seja impedido de concorrer, em breve, \u00e0 Presid\u00eancia da [&hellip;]<\/p>\n","protected":false},"author":29,"featured_media":5859,"comment_status":"closed","ping_status":"closed","sticky":false,"template":"","format":"standard","meta":{"wpb_read_more":[],"footnotes":""},"categories":[4],"tags":[149,384,96,34],"class_list":["post-5858","post","type-post","status-publish","format-standard","has-post-thumbnail","hentry","category-coluna-brasilia-df","tag-dias-toffoli","tag-inelegibilidade","tag-sergio-moro","tag-stf"],"_links":{"self":[{"href":"https:\/\/blogs2.correiobraziliense.com.br\/denise\/wp-json\/wp\/v2\/posts\/5858","targetHints":{"allow":["GET"]}}],"collection":[{"href":"https:\/\/blogs2.correiobraziliense.com.br\/denise\/wp-json\/wp\/v2\/posts"}],"about":[{"href":"https:\/\/blogs2.correiobraziliense.com.br\/denise\/wp-json\/wp\/v2\/types\/post"}],"author":[{"embeddable":true,"href":"https:\/\/blogs2.correiobraziliense.com.br\/denise\/wp-json\/wp\/v2\/users\/29"}],"replies":[{"embeddable":true,"href":"https:\/\/blogs2.correiobraziliense.com.br\/denise\/wp-json\/wp\/v2\/comments?post=5858"}],"version-history":[{"count":1,"href":"https:\/\/blogs2.correiobraziliense.com.br\/denise\/wp-json\/wp\/v2\/posts\/5858\/revisions"}],"predecessor-version":[{"id":5860,"href":"https:\/\/blogs2.correiobraziliense.com.br\/denise\/wp-json\/wp\/v2\/posts\/5858\/revisions\/5860"}],"wp:featuredmedia":[{"embeddable":true,"href":"https:\/\/blogs2.correiobraziliense.com.br\/denise\/wp-json\/wp\/v2\/media\/5859"}],"wp:attachment":[{"href":"https:\/\/blogs2.correiobraziliense.com.br\/denise\/wp-json\/wp\/v2\/media?parent=5858"}],"wp:term":[{"taxonomy":"category","embeddable":true,"href":"https:\/\/blogs2.correiobraziliense.com.br\/denise\/wp-json\/wp\/v2\/categories?post=5858"},{"taxonomy":"post_tag","embeddable":true,"href":"https:\/\/blogs2.correiobraziliense.com.br\/denise\/wp-json\/wp\/v2\/tags?post=5858"}],"curies":[{"name":"wp","href":"https:\/\/api.w.org\/{rel}","templated":true}]}}