{"id":5862,"date":"2020-07-31T07:47:00","date_gmt":"2020-07-31T10:47:00","guid":{"rendered":"https:\/\/blogs2.correiobraziliense.com.br\/denise\/?p=5862"},"modified":"2020-07-31T07:47:00","modified_gmt":"2020-07-31T10:47:00","slug":"tarcisio-e-marinho-dois-ministros-para-elevar-a-popularidade-de-bolsonaro","status":"publish","type":"post","link":"https:\/\/blogs2.correiobraziliense.com.br\/denise\/tarcisio-e-marinho-dois-ministros-para-elevar-a-popularidade-de-bolsonaro\/","title":{"rendered":"Tarc\u00edsio e Marinho: dois ministros para elevar a popularidade de Bolsonaro"},"content":{"rendered":"<h6>Coluna Bras\u00edlia-DF<\/h6>\n<p>Os ministros Tarc\u00edsio de Freitas, da Infra-Estrutura, e Rog\u00e9rio Marinho, do Desenvolvimento Regional, s\u00e3o vistos no Pal\u00e1cio do Planalto como os \u201cministros das entregas\u201d. \u00c9 com eles que o presidente Jair Bolsonaro conta atualmente para mostrar servi\u00e7o junto \u00e0 popula\u00e7\u00e3o. Tarc\u00edsio fez, esta semana, o que foi lido como \u201cum gol de placa\u201d, ao entregar a concess\u00e3o antecipada das ferrovias Caraj\u00e1s e Vit\u00f3ria-Minas, e obter da Vale a constru\u00e7\u00e3o de duas outras ferrovias.<\/p>\n<p>N\u00e3o por acaso, Tarc\u00edsio foi explicar esse tema na live presidencial de ontem. Marinho, por sua vez, tem recebido os louros da conclus\u00e3o de obras no Nordeste, como o abastecimento de \u00e1gua na Bahia e Piau\u00ed, onde o presidente esteve ontem. Em tempo: ao ministro da Economia, Paulo Guedes, Bolsonaro deu a miss\u00e3o de arrumar dinheiro para que haja mais entregas \u00e0 popula\u00e7\u00e3o, inclusive o Renda Brasil.<\/p>\n<p>O aux\u00edlio \u00e9 fundamental para o Nordeste, regi\u00e3o que o presidente busca conquistar, a fim de refor\u00e7ar seu eleitorado para 2022. At\u00e9 aqui, as propostas de Guedes para tentar arrumar recursos carecem de apoios no Congresso, por onde devem passar.<\/p>\n<h2>\nAtivo precioso<\/h2>\n<p>A forma como o ex-ministro da Justi\u00e7a e ex-juiz Sergio Moro foi \u00e0s redes sociais defender a Lava-Jato, chamando-a de \u201ca maior opera\u00e7\u00e3o de combate \u00e0 corrup\u00e7\u00e3o no mundo\u201d, deixou na classe pol\u00edtica uma certeza: ele \u00e9 candidato em 2022, e a Lava-Jato sua bandeira. At\u00e9 aqui, o partido que abriu as portas para receb\u00ea-lo foi o Podemos, do senador \u00c1lvaro Dias (PR).<\/p>\n<h2>Vai ter que engolir<\/h2>\n<p>A semana em que o Centr\u00e3o se esfacelou deixa um recado claro para Bolsonaro. O capit\u00e3o n\u00e3o tem sa\u00edda, a n\u00e3o ser dialogar com o presidente da C\u00e2mara, Rodrigo Maia (DEM-RJ). \u00c9 quem tem o poder de comando na Casa e navega em todos os setores.<\/p>\n<h2>Eletrobras na lida&#8230;<\/h2>\n<p>T\u00e9cnicos da Eletrobras tiveram uma reuni\u00e3o virtual com Maia. Eles encaminharam um estudo com as oportunidades de investimento da companhia, nos pr\u00f3ximos anos, em transmiss\u00e3o e gera\u00e7\u00e3o de energia. O documento mostra que a estatal tem recursos para gerar empregos no p\u00f3s-pandemia, por meio de projetos de infraestrutura, em linha com os objetivos do programa Pr\u00f3-Brasil, e sem romper a regra do teto de gastos.<\/p>\n<h2>&#8230;E na roda<\/h2>\n<p>Os t\u00e9cnicos argumentam que a Eletrobras lucrou R$ 24 bilh\u00f5es nos \u00faltimos dois anos, tem mais de R$ 12 bilh\u00f5es em caixa e um n\u00edvel de endividamento reduzido. A estatal est\u00e1 na lista de privatiza\u00e7\u00f5es do governo, mas depende de autoriza\u00e7\u00e3o do Congresso. Maia, no entanto, reafirmou aos servidores da companhia que o assunto n\u00e3o entrar\u00e1 na pauta dos pr\u00f3ximos meses.<\/p>\n<h2>\nCURTIDAS<\/h2>\n<p><strong>Sul vira campo minado<\/strong>\/ Com a pandemia em alta no Sul do pa\u00eds, h\u00e1 entre os aliados do presidente muitos com medo de que ele perca votos na regi\u00e3o. Afinal, o governo federal n\u00e3o teve uma coordena\u00e7\u00e3o nacional efetiva de combate ao coronav\u00edrus, faltam medicamentos b\u00e1sicos e sobra cloroquina, um rem\u00e9dio que n\u00e3o tem efic\u00e1cia comprovada. E, por isso, n\u00e3o pode ser usado por todos pacientes.<\/p>\n<p><strong>Desativar minas!<\/strong>\/ Depois do Nordeste, \u00e9 para o Sul que Bolsonaro segue, a fim de conferir, in loco, a sua popularidade.<\/p>\n<p><strong>As voltas que o mundo d\u00e1<\/strong>\/ Rog\u00e9rio Marinho (foto) n\u00e3o conseguiu votos para se reeleger \u00e0 C\u00e2mara dos Deputados e, hoje, \u00e9 uma das apostas para uma elei\u00e7\u00e3o majorit\u00e1ria, seja o Senado, seja o governo estadual.<\/p>\n<p><strong>Por falar em Senado<\/strong>\/ Davi Alcolumbre (DEM-AP) tem votos hoje em quase todos os partidos. At\u00e9 \u00c1lvaro Dias j\u00e1 topou conversar.<\/p>\n","protected":false},"excerpt":{"rendered":"<p>Coluna Bras\u00edlia-DF Os ministros Tarc\u00edsio de Freitas, da Infra-Estrutura, e Rog\u00e9rio Marinho, do Desenvolvimento Regional, s\u00e3o vistos no Pal\u00e1cio do Planalto como os \u201cministros das entregas\u201d. \u00c9 com eles que o presidente Jair Bolsonaro conta atualmente para mostrar servi\u00e7o junto \u00e0 popula\u00e7\u00e3o. Tarc\u00edsio fez, esta semana, o que foi lido como \u201cum gol de placa\u201d, [&hellip;]<\/p>\n","protected":false},"author":29,"featured_media":5863,"comment_status":"closed","ping_status":"closed","sticky":false,"template":"","format":"standard","meta":{"wpb_read_more":[],"footnotes":""},"categories":[4],"tags":[28,385,386],"class_list":["post-5862","post","type-post","status-publish","format-standard","has-post-thumbnail","hentry","category-coluna-brasilia-df","tag-bolsonaro","tag-eleicoes-2022","tag-ministros"],"_links":{"self":[{"href":"https:\/\/blogs2.correiobraziliense.com.br\/denise\/wp-json\/wp\/v2\/posts\/5862","targetHints":{"allow":["GET"]}}],"collection":[{"href":"https:\/\/blogs2.correiobraziliense.com.br\/denise\/wp-json\/wp\/v2\/posts"}],"about":[{"href":"https:\/\/blogs2.correiobraziliense.com.br\/denise\/wp-json\/wp\/v2\/types\/post"}],"author":[{"embeddable":true,"href":"https:\/\/blogs2.correiobraziliense.com.br\/denise\/wp-json\/wp\/v2\/users\/29"}],"replies":[{"embeddable":true,"href":"https:\/\/blogs2.correiobraziliense.com.br\/denise\/wp-json\/wp\/v2\/comments?post=5862"}],"version-history":[{"count":1,"href":"https:\/\/blogs2.correiobraziliense.com.br\/denise\/wp-json\/wp\/v2\/posts\/5862\/revisions"}],"predecessor-version":[{"id":5864,"href":"https:\/\/blogs2.correiobraziliense.com.br\/denise\/wp-json\/wp\/v2\/posts\/5862\/revisions\/5864"}],"wp:featuredmedia":[{"embeddable":true,"href":"https:\/\/blogs2.correiobraziliense.com.br\/denise\/wp-json\/wp\/v2\/media\/5863"}],"wp:attachment":[{"href":"https:\/\/blogs2.correiobraziliense.com.br\/denise\/wp-json\/wp\/v2\/media?parent=5862"}],"wp:term":[{"taxonomy":"category","embeddable":true,"href":"https:\/\/blogs2.correiobraziliense.com.br\/denise\/wp-json\/wp\/v2\/categories?post=5862"},{"taxonomy":"post_tag","embeddable":true,"href":"https:\/\/blogs2.correiobraziliense.com.br\/denise\/wp-json\/wp\/v2\/tags?post=5862"}],"curies":[{"name":"wp","href":"https:\/\/api.w.org\/{rel}","templated":true}]}}