{"id":5865,"date":"2020-08-01T16:47:14","date_gmt":"2020-08-01T19:47:14","guid":{"rendered":"https:\/\/blogs2.correiobraziliense.com.br\/denise\/?p=5865"},"modified":"2020-08-01T16:47:14","modified_gmt":"2020-08-01T19:47:14","slug":"crise-institucional-no-ministerio-publico-cria-receio-de-impunibilidade-a-politicos-e-empresarios","status":"publish","type":"post","link":"https:\/\/blogs2.correiobraziliense.com.br\/denise\/crise-institucional-no-ministerio-publico-cria-receio-de-impunibilidade-a-politicos-e-empresarios\/","title":{"rendered":"Crise institucional no Minist\u00e9rio P\u00fablico cria receio de impunibilidade a pol\u00edticos e empres\u00e1rios"},"content":{"rendered":"<h6><strong>Coluna Bras\u00edlia-DF<\/strong><\/h6>\n<p>A briga interna no Minist\u00e9rio P\u00fablico \u2014 que virou um barraco institucional na live entre o procurador-geral Augusto Aras e os sub-procuradores \u2014 deixou v\u00e1rias alas do MP, e inclusive da Pol\u00edcia Federal, para l\u00e1 de preocupadas com o desfecho das a\u00e7\u00f5es contra o que j\u00e1 foi feito at\u00e9 aqui dentro das opera\u00e7\u00f5es em curso.<\/p>\n<p>Quem v\u00ea na carreira um servi\u00e7o ao pa\u00eds, considera que h\u00e1 muita energia gasta nessa disputa por informa\u00e7\u00e3o e poder, e, enquanto isso, deixa-se de lado o que vem sendo feito com os recursos p\u00fablicos e os desdobramentos das v\u00e1rias opera\u00e7\u00f5es \u2014 n\u00e3o s\u00f3 da Lava-Jato. H\u00e1 um receio generalizado de que advogados e seus clientes, enroscados nessas opera\u00e7\u00f5es, aproveitem para se livrar de processos.<\/p>\n<p>A carta aberta de sub-procuradores para Aras \u00e9 mais um aviso. Alerta, por exemplo, que \u00e9 preciso \u201cfazer a devida distin\u00e7\u00e3o entre cr\u00edtica e desconstru\u00e7\u00e3o\u201d do trabalho do Minist\u00e9rio P\u00fablico. Os procuradores consideram important\u00edssimo, nesse momento, evitar que esse tiroteio termine jogando novamente o pa\u00eds na era da impunidade. At\u00e9 aqui, quem est\u00e1 rindo \u00e0 toa com essa briga s\u00e3o justamente os pol\u00edticos e os empres\u00e1rios investigados.<\/p>\n<h2>\n<strong>Dobrou a aposta<\/strong><\/h2>\n<p>O embate entre o ministro do Supremo Tribunal Federal Alexandre Moraes e o Facebook, em torno da suspens\u00e3o das contas internacionais de bolsonaristas investigados no inqu\u00e9rito das fake news, promete virar um \u201ccase\u201d do direito. Tribunais e advogados acompanham de perto, para ver os desdobramentos e, a partir da\u00ed, tentar criar um modelo de atua\u00e7\u00e3o.<\/p>\n<h2>\n<strong>A la Mike Tyson<\/strong><\/h2>\n<p>Entre advogados, h\u00e1 quem compare o caso a uma grande luta de boxe. At\u00e9 aqui, n\u00e3o houve uma briga desse porte no Brasil, que atingisse contas globais na rede social. E nem um ministro t\u00e3o determinado.<\/p>\n<blockquote><p><em>\u201cH\u00e1 um monstro na porta e a gente discutindo o card\u00e1pio do jantar\u201d<\/em><\/p><\/blockquote>\n<p style=\"text-align: right\"><strong>Do ex-secret\u00e1rio da Receita Federal Everardo Maciel, ao comentar com a coluna a grave crise que se avizinha e o debate sobre a reforma tribut\u00e1ria<\/strong><\/p>\n<h2>\n<strong>Discurso pronto<\/strong><\/h2>\n<p>Na pr\u00f3xima semana, quando for \u00e0 comiss\u00e3o especial da reforma tribut\u00e1ria, o ministro da Economia, Paulo Guedes, repetir\u00e1 o que disse em 15 de julho, em entrevista \u00e0 r\u00e1dio Jovem Pan, ao comentar que o imposto sobre transa\u00e7\u00f5es eletr\u00f4nicas \u201c\u00e9 feio, mas n\u00e3o \u00e9 t\u00e3o cruel\u201d. O governo vai apostar no velho ditado \u201c\u00e1gua mole em pedra dura, tanto bate at\u00e9 que fura\u201d. Quer Rodrigo Maia goste ou n\u00e3o.<\/p>\n<p><strong>O dia e o ano de Moro\/<\/strong> O ex-ministro Sergio Moro completa hoje 48 anos. A comemora\u00e7\u00e3o ser\u00e1 num almo\u00e7o em fam\u00edlia, em Curitiba. Sem aglomera\u00e7\u00e3o, por causa da pandemia. S\u00f3 por curiosidade, em 2022, ano da elei\u00e7\u00e3o, ele completa 50 anos, data simb\u00f3lica. Para quem acredita em astrologia, independ\u00eancia, lealdade e entusiasmo s\u00e3o caracter\u00edsticas fortes dos leoninos. Coragem tamb\u00e9m n\u00e3o falta.<\/p>\n<p><strong>Noves fora&#8230;\/<\/strong> Os movimentos de sa\u00edda do Centr\u00e3o, esta semana, deixaram a impress\u00e3o, em muitos deputados, daquilo que o presidente da C\u00e2mara, Rodrigo Maia (DEM-RJ), n\u00e3o deseja: fortalecer o colega Arthur Lira (AL), l\u00edder do PP e pr\u00e9-candidato a presidente da Casa. Agora, no mais, as inc\u00f3gnitas persistem.<\/p>\n<p><strong>\u2026 divide por dois\/<\/strong> As aten\u00e7\u00f5es nesse cen\u00e1rio se voltam para Baleia Rossi (SP), o l\u00edder do MDB, e para o primeiro vice-presidente da C\u00e2mara, Marcos Pereira (Republicanos-SP), que busca o apoio fechado da bancada evang\u00e9lica.<\/p>\n<p><strong>Por falar em contas&#8230;\/<\/strong> Advogados tributaristas que conversam diariamente com o ex-secret\u00e1rio da Receita Federal Everardo Maciel s\u00e3o para l\u00e1 de ir\u00f4nicos todas as vezes em que mencionam a proposta de reforma tribut\u00e1ria do governo, de unir PIS-Cofins: \u201cEverardo, deixa quieto. N\u00e3o critica muito. O que o governo est\u00e1 propondo \u00e9 t\u00e3o confuso que vamos ganhar muito dinheiro com isso\u201d. Faz sentido.<\/p>\n","protected":false},"excerpt":{"rendered":"<p>Coluna Bras\u00edlia-DF A briga interna no Minist\u00e9rio P\u00fablico \u2014 que virou um barraco institucional na live entre o procurador-geral Augusto Aras e os sub-procuradores \u2014 deixou v\u00e1rias alas do MP, e inclusive da Pol\u00edcia Federal, para l\u00e1 de preocupadas com o desfecho das a\u00e7\u00f5es contra o que j\u00e1 foi feito at\u00e9 aqui dentro das opera\u00e7\u00f5es [&hellip;]<\/p>\n","protected":false},"author":29,"featured_media":5866,"comment_status":"closed","ping_status":"closed","sticky":false,"template":"","format":"standard","meta":{"wpb_read_more":[],"footnotes":""},"categories":[4],"tags":[388,184,387,55],"class_list":["post-5865","post","type-post","status-publish","format-standard","has-post-thumbnail","hentry","category-coluna-brasilia-df","tag-alexandre-de-moraes","tag-augusto-aras","tag-facebook","tag-ministerio-publico"],"_links":{"self":[{"href":"https:\/\/blogs2.correiobraziliense.com.br\/denise\/wp-json\/wp\/v2\/posts\/5865","targetHints":{"allow":["GET"]}}],"collection":[{"href":"https:\/\/blogs2.correiobraziliense.com.br\/denise\/wp-json\/wp\/v2\/posts"}],"about":[{"href":"https:\/\/blogs2.correiobraziliense.com.br\/denise\/wp-json\/wp\/v2\/types\/post"}],"author":[{"embeddable":true,"href":"https:\/\/blogs2.correiobraziliense.com.br\/denise\/wp-json\/wp\/v2\/users\/29"}],"replies":[{"embeddable":true,"href":"https:\/\/blogs2.correiobraziliense.com.br\/denise\/wp-json\/wp\/v2\/comments?post=5865"}],"version-history":[{"count":1,"href":"https:\/\/blogs2.correiobraziliense.com.br\/denise\/wp-json\/wp\/v2\/posts\/5865\/revisions"}],"predecessor-version":[{"id":5867,"href":"https:\/\/blogs2.correiobraziliense.com.br\/denise\/wp-json\/wp\/v2\/posts\/5865\/revisions\/5867"}],"wp:featuredmedia":[{"embeddable":true,"href":"https:\/\/blogs2.correiobraziliense.com.br\/denise\/wp-json\/wp\/v2\/media\/5866"}],"wp:attachment":[{"href":"https:\/\/blogs2.correiobraziliense.com.br\/denise\/wp-json\/wp\/v2\/media?parent=5865"}],"wp:term":[{"taxonomy":"category","embeddable":true,"href":"https:\/\/blogs2.correiobraziliense.com.br\/denise\/wp-json\/wp\/v2\/categories?post=5865"},{"taxonomy":"post_tag","embeddable":true,"href":"https:\/\/blogs2.correiobraziliense.com.br\/denise\/wp-json\/wp\/v2\/tags?post=5865"}],"curies":[{"name":"wp","href":"https:\/\/api.w.org\/{rel}","templated":true}]}}