{"id":5868,"date":"2020-08-02T07:00:41","date_gmt":"2020-08-02T10:00:41","guid":{"rendered":"https:\/\/blogs2.correiobraziliense.com.br\/denise\/?p=5868"},"modified":"2020-08-02T00:23:00","modified_gmt":"2020-08-02T03:23:00","slug":"aliados-buscam-brechas-para-reeleicao-de-alcolumbre-e-maia","status":"publish","type":"post","link":"https:\/\/blogs2.correiobraziliense.com.br\/denise\/aliados-buscam-brechas-para-reeleicao-de-alcolumbre-e-maia\/","title":{"rendered":"Aliados buscam brechas para reelei\u00e7\u00e3o de Alcolumbre e Maia"},"content":{"rendered":"<h6><strong>Coluna Bras\u00edlia-DF<\/strong><\/h6>\n<p>Aliados do presidente do Senado, Davi Alcolumbre, e t\u00e9cnicos da Casa dedicam-se a estudar a fundo a hist\u00f3ria da proibi\u00e7\u00e3o da reelei\u00e7\u00e3o para presidentes da C\u00e2mara e do Senado para tentar achar alguma coisa que d\u00ea um empurr\u00e3ozinho na possibilidade de Alcolumbre concorrer a mais um mandato. Fez parte do card\u00e1pio, por exemplo, o Ato Institucional 16, de 1967, quando o ent\u00e3o presidente da Rep\u00fablica, Costa e Silva, estava doente, e o AI-16, institu\u00eddo pela junta militar, proibiu a reelei\u00e7\u00e3o para a Mesa Diretora do Congresso.<\/p>\n<p>A ordem \u00e9 mostrar que a proibi\u00e7\u00e3o de concorrer a mandatos consecutivos \u00e9 resqu\u00edcio da ditadura militar; por isso, deve ser banido das regras nacionais. Se colar, Alcolumbre e o atual presidente da C\u00e2mara, Rodrigo Maia, agradecem.<\/p>\n<h2>\n<strong>Liga\u00e7\u00f5es perigosas<\/strong><\/h2>\n<p>Aliados do presidente Jair Bolsonaro olham com certa preocupa\u00e7\u00e3o para a perspectiva de desmonte da opera\u00e7\u00e3o Lava-Jato, em Curitiba, e o caminhar presidencial ladeado por investigados Brasil afora. O receio \u00e9 de que o discurso de combate \u00e0 corrup\u00e7\u00e3o, ativo importante para a campanha reeleitoral, saia das m\u00e3os do governo. Sergio Moro, o aniversariante de ontem, j\u00e1 est\u00e1 a postos para ficar com essa bola, em 2022.<\/p>\n<h2>\n<strong>Discurso sem dono<\/strong><\/h2>\n<p>O PT e o PSDB perderam esse discurso. Bolsonaro, a continuar desfilando com investigados, e, ainda, com os problemas familiares, ficar\u00e1 dif\u00edcil segurar todas as pontas da bandeira anticorrup\u00e7\u00e3o. Ao que tudo indica, est\u00e1, aos poucos, substituindo-a pelo pragmatismo das obras, servi\u00e7os e Renda Brasil. E, a pre\u00e7os de hoje, Bolsonaro n\u00e3o perdeu densidade eleitoral por causa dessa troca.<\/p>\n<h2>\n<strong>O culpado<\/strong><\/h2>\n<p>A \u00fanica maneira de Bolsonaro preservar-se nesse tema \u00e9 deixar toda a confus\u00e3o em rela\u00e7\u00e3o \u00e0 Lava-Jato \u2014 e aos investigados que podem escapar com o fim das apura\u00e7\u00f5es \u2014 nas costas do procurador-geral da Rep\u00fablica, Augusto Aras. Depois do barraco na reuni\u00e3o do Conselho do Minist\u00e9rio P\u00fablico, na sexta-feira, as apostas s\u00e3o, inclusive, de que Aras vai mesmo acabar com a Lava-Jato.<\/p>\n<h2>\n<strong>N\u00e3o colou<\/strong><\/h2>\n<p>Uma das ideias em debate no governo, de p\u00f4r fim \u00e0s dedu\u00e7\u00f5es de despesas com sa\u00fade no Imposto de Renda, n\u00e3o seduz quem \u00e9 conhecedor do assunto. \u201cDespesa com sa\u00fade \u00e9 uma n\u00e3o renda. A pessoa simplesmente n\u00e3o tem a op\u00e7\u00e3o de n\u00e3o gastar\u201d, diz o ex-secret\u00e1rio da Receita Everardo Maciel.<\/p>\n<h2>\n<strong>Se a moda pega\u2026<\/strong><\/h2>\n<p>Everardo acredita que, em qualquer tribunal, o contribuinte ganhar\u00e1 essa causa. \u201cGasto com sa\u00fade n\u00e3o \u00e9 renda. Sa\u00fade \u00e9 um direito social, previsto na Constitui\u00e7\u00e3o. O governo, se mexer a\u00ed, trocar\u00e1 um problema por 10\u201d, prev\u00ea Everardo.<\/p>\n<p><strong>O corpo fala\/<\/strong> Nas imagens dos depoimentos do empres\u00e1rio Paulo Marinho e do senador Fl\u00e1vio Bolsonaro \u00e0 Pol\u00edcia Federal, divulgadas pela TV Globo, foram vistas sutis diferen\u00e7as. Marinho fala com muito mais seguran\u00e7a e n\u00e3o fica tanto na defensiva, enquanto Fl\u00e1vio se mostra acuado e ainda reclama da exibi\u00e7\u00e3o do v\u00eddeo com o depoimento do ex-aliado.<\/p>\n<p><strong>Eixo principal da reforma\/<\/strong> V\u00e1rios governadores olham as propostas do governo para a reforma tribut\u00e1ria com certa desconfian\u00e7a e avisam desde j\u00e1 que, embora seja necess\u00e1rio o di\u00e1logo com o Poder Executivo, quem vai liderar esse tema \u00e9 o Parlamento. \u201cO governo n\u00e3o puxou essa discuss\u00e3o da reforma tribut\u00e1ria. O Congresso \u00e9 que far\u00e1 esse debate\u201d, diz, por exemplo, Renato Casagrande, do Esp\u00edrito Santo.<\/p>\n<p><strong>Ele tem for\u00e7a\/<\/strong> Da\u00ed, a conclus\u00e3o geral nos partidos \u00e9 a de que a opini\u00e3o de Rodrigo Maia sobre o imposto sobre transa\u00e7\u00f5es eletr\u00f4nicas pesar\u00e1. Afinal, sua posi\u00e7\u00e3o contr\u00e1ria \u00e0 proposta \u00e9 lastreada tamb\u00e9m no sentimento que ele recolhe no di\u00e1logo com in\u00fameros parlamentares na Casa.<\/p>\n<p><strong>Por falar em Maia&#8230;\/<\/strong> Nessa segunda-feira, estarei na bancada do Roda Viva, da TV Cultura, que entrevistar\u00e1 Rodrigo Maia.<\/p>\n","protected":false},"excerpt":{"rendered":"<p>Coluna Bras\u00edlia-DF Aliados do presidente do Senado, Davi Alcolumbre, e t\u00e9cnicos da Casa dedicam-se a estudar a fundo a hist\u00f3ria da proibi\u00e7\u00e3o da reelei\u00e7\u00e3o para presidentes da C\u00e2mara e do Senado para tentar achar alguma coisa que d\u00ea um empurr\u00e3ozinho na possibilidade de Alcolumbre concorrer a mais um mandato. Fez parte do card\u00e1pio, por exemplo, [&hellip;]<\/p>\n","protected":false},"author":29,"featured_media":5869,"comment_status":"closed","ping_status":"closed","sticky":false,"template":"","format":"standard","meta":{"wpb_read_more":[],"footnotes":""},"categories":[4],"tags":[197,51],"class_list":["post-5868","post","type-post","status-publish","format-standard","has-post-thumbnail","hentry","category-coluna-brasilia-df","tag-davi-alcolumbre","tag-rodrigo-maia"],"_links":{"self":[{"href":"https:\/\/blogs2.correiobraziliense.com.br\/denise\/wp-json\/wp\/v2\/posts\/5868","targetHints":{"allow":["GET"]}}],"collection":[{"href":"https:\/\/blogs2.correiobraziliense.com.br\/denise\/wp-json\/wp\/v2\/posts"}],"about":[{"href":"https:\/\/blogs2.correiobraziliense.com.br\/denise\/wp-json\/wp\/v2\/types\/post"}],"author":[{"embeddable":true,"href":"https:\/\/blogs2.correiobraziliense.com.br\/denise\/wp-json\/wp\/v2\/users\/29"}],"replies":[{"embeddable":true,"href":"https:\/\/blogs2.correiobraziliense.com.br\/denise\/wp-json\/wp\/v2\/comments?post=5868"}],"version-history":[{"count":1,"href":"https:\/\/blogs2.correiobraziliense.com.br\/denise\/wp-json\/wp\/v2\/posts\/5868\/revisions"}],"predecessor-version":[{"id":5870,"href":"https:\/\/blogs2.correiobraziliense.com.br\/denise\/wp-json\/wp\/v2\/posts\/5868\/revisions\/5870"}],"wp:featuredmedia":[{"embeddable":true,"href":"https:\/\/blogs2.correiobraziliense.com.br\/denise\/wp-json\/wp\/v2\/media\/5869"}],"wp:attachment":[{"href":"https:\/\/blogs2.correiobraziliense.com.br\/denise\/wp-json\/wp\/v2\/media?parent=5868"}],"wp:term":[{"taxonomy":"category","embeddable":true,"href":"https:\/\/blogs2.correiobraziliense.com.br\/denise\/wp-json\/wp\/v2\/categories?post=5868"},{"taxonomy":"post_tag","embeddable":true,"href":"https:\/\/blogs2.correiobraziliense.com.br\/denise\/wp-json\/wp\/v2\/tags?post=5868"}],"curies":[{"name":"wp","href":"https:\/\/api.w.org\/{rel}","templated":true}]}}