{"id":5871,"date":"2020-08-04T07:41:51","date_gmt":"2020-08-04T10:41:51","guid":{"rendered":"https:\/\/blogs2.correiobraziliense.com.br\/denise\/?p=5871"},"modified":"2020-08-04T07:41:51","modified_gmt":"2020-08-04T10:41:51","slug":"auxilio-emergencial-e-solucao-mas-prorrogacao-vira-problema-para-bolsonaro","status":"publish","type":"post","link":"https:\/\/blogs2.correiobraziliense.com.br\/denise\/auxilio-emergencial-e-solucao-mas-prorrogacao-vira-problema-para-bolsonaro\/","title":{"rendered":"Aux\u00edlio emergencial \u00e9 solu\u00e7\u00e3o, mas prorroga\u00e7\u00e3o vira problema para Bolsonaro"},"content":{"rendered":"<h2><strong>Coluna Bras\u00edlia-DF<\/strong><\/h2>\n<p>Caber\u00e1 ao governo explicar \u00e0 popula\u00e7\u00e3o que o aux\u00edlio emergencial ser\u00e1 de um ter\u00e7o at\u00e9 dezembro, retomando o valor proposto pela equipe econ\u00f4mica, em mar\u00e7o. A oposi\u00e7\u00e3o, obviamente, pedir\u00e1 a prorroga\u00e7\u00e3o dos R$ 600. Mas a ideia da maioria dos partidos de centro \u00e9 deixar que o governo diga quanto pode pagar, sem comprometer ainda mais suas contas. \u201cVamos esperar o governo se posicionar. Afinal, \u00e9 ele que tem a chave do cofre\u201d, diz o l\u00edder do DEM, Efraim Filho (PB).<\/p>\n<p>A ideia \u00e9 evitar que o presidente Jair Bolsonaro tente colocar, no Parlamento, a pecha de irrespons\u00e1vel, por propor um aux\u00edlio de R$ 600 que o governo diz n\u00e3o ter como pagar. No Domingo, por exemplo, o presidente afirmou que governadores quebraram a economia e agora querem o pagamento do aux\u00edlio. At\u00e9 aqui, o governo surfou no \u201cdinheiro do Bolsonaro\u201d. Agora, se n\u00e3o puder pagar, ter\u00e1 de arcar, tamb\u00e9m, com as consequ\u00eancias.<\/p>\n<p>Em tempo: junto com o aux\u00edlio emergencial, o governo ter\u00e1 um novo embate em torno do teto de gastos, tema que divide hoje o governo. Paulo Guedes \u00e9 contra, enquanto o chefe da Casa Civil, Braga Netto, \u00e9 visto entre os parlamentares como uma posi\u00e7\u00e3o favor\u00e1vel. Nesse quesito, Guedes contar\u00e1 com o apoio do presidente da C\u00e2mara, Rodrigo Maia.<\/p>\n<h2>\n<strong>Vai dar ruim<\/strong><\/h2>\n<p>Em conversas reservadas, oposicionistas calculam que Bolsonaro est\u00e1 encalacrado: se prorrogar o aux\u00edlio com valor muito inferior aos R$ 600, ser\u00e1 criticado por quem se acostumou a viver com esse montante. De quebra, para qualquer gasto abaixo desse valor, ser\u00e1 dito que, se n\u00e3o fosse a viagem x, a compra y, haveria recursos para o aux\u00edlio.<\/p>\n<h2>\n<strong>Na \u00e1rea<\/strong><\/h2>\n<p>O governador do Maranh\u00e3o, Fl\u00e1vio Dino, fez uma live com deputados federais do estado. Aos poucos e sem alarde, vai colocando seu bloco na rua, mas n\u00e3o sem deixar frustra\u00e7\u00f5es. Jamais diz que pedir\u00e1 ao PT que apoie um n\u00e3o-petista para 2022.<\/p>\n<h2>\n<strong>No banco<\/strong><\/h2>\n<p>Os lulistas pretendiam aproveitar a campanha deste ano para tentar mostrar que Lula ainda tem a for\u00e7a. Os candidatos pelo Brasil afora, por\u00e9m, t\u00eam defendido que o momento \u00e9 de renova\u00e7\u00e3o de quadros.<\/p>\n<h2>\n<strong>Cen\u00e1rio perfeito<\/strong><\/h2>\n<p>Ningu\u00e9m vai dizer a Lula que ele n\u00e3o precisa aparecer. A ideia \u00e9 dizer que, em tempos de pandemia, \u00e9 melhor o ex-presidente evitar aglomera\u00e7\u00f5es.<\/p>\n<h2>\n<strong>Curtidas<\/strong><\/h2>\n<p><strong>Joga em cima e garante embaixo\/<\/strong> Pr\u00e9-candidato a presidente da C\u00e2mara, o deputado Marcelo Ramos \u00e9 tratado nos bastidores como aquele que se apresenta para que o PL possa garantir a vice-presid\u00eancia ou uma secretaria de peso na Mesa Diretora de 2021.<\/p>\n<p><strong>Por falar em Ramos&#8230;\/<\/strong> Integrante do Centr\u00e3o, Ramos precisa que Lira se inviabilize para conseguir espa\u00e7o em torno de sua pr\u00e9-candidatura. E h\u00e1 outro detalhe: se Lira n\u00e3o conseguir emplacar o pr\u00f3prio nome, h\u00e1 Aguinaldo Ribeiro, tamb\u00e9m do PP.<\/p>\n<p><strong>Me deixa quieto\/<\/strong> Aguinaldo tem evitado falar da elei\u00e7\u00e3o para presidente da Casa. Est\u00e1 mergulhado na relatoria da reforma tribut\u00e1ria. Assim, consegue evitar se expor cedo demais nessa briga e n\u00e3o se indisp\u00f5e com os colegas que j\u00e1 est\u00e3o na labuta por voos nos bastidores.<\/p>\n<p><strong>STF come\u00e7a dividido\/<\/strong> A decis\u00e3o do ministro Edson Fachin, contra o compartilhamento de dados da Lava- Jato e em sentido contr\u00e1rio ao presidente do STF, Dias Toffoli, e o procurador-geral, Augusto Aras, retoma a tens\u00e3o na Casa.<\/p>\n","protected":false},"excerpt":{"rendered":"<p>Coluna Bras\u00edlia-DF Caber\u00e1 ao governo explicar \u00e0 popula\u00e7\u00e3o que o aux\u00edlio emergencial ser\u00e1 de um ter\u00e7o at\u00e9 dezembro, retomando o valor proposto pela equipe econ\u00f4mica, em mar\u00e7o. A oposi\u00e7\u00e3o, obviamente, pedir\u00e1 a prorroga\u00e7\u00e3o dos R$ 600. Mas a ideia da maioria dos partidos de centro \u00e9 deixar que o governo diga quanto pode pagar, sem [&hellip;]<\/p>\n","protected":false},"author":29,"featured_media":5872,"comment_status":"closed","ping_status":"closed","sticky":false,"template":"","format":"standard","meta":{"wpb_read_more":[],"footnotes":""},"categories":[4],"tags":[311,28],"class_list":["post-5871","post","type-post","status-publish","format-standard","has-post-thumbnail","hentry","category-coluna-brasilia-df","tag-auxilio-emergencial","tag-bolsonaro"],"_links":{"self":[{"href":"https:\/\/blogs2.correiobraziliense.com.br\/denise\/wp-json\/wp\/v2\/posts\/5871","targetHints":{"allow":["GET"]}}],"collection":[{"href":"https:\/\/blogs2.correiobraziliense.com.br\/denise\/wp-json\/wp\/v2\/posts"}],"about":[{"href":"https:\/\/blogs2.correiobraziliense.com.br\/denise\/wp-json\/wp\/v2\/types\/post"}],"author":[{"embeddable":true,"href":"https:\/\/blogs2.correiobraziliense.com.br\/denise\/wp-json\/wp\/v2\/users\/29"}],"replies":[{"embeddable":true,"href":"https:\/\/blogs2.correiobraziliense.com.br\/denise\/wp-json\/wp\/v2\/comments?post=5871"}],"version-history":[{"count":1,"href":"https:\/\/blogs2.correiobraziliense.com.br\/denise\/wp-json\/wp\/v2\/posts\/5871\/revisions"}],"predecessor-version":[{"id":5873,"href":"https:\/\/blogs2.correiobraziliense.com.br\/denise\/wp-json\/wp\/v2\/posts\/5871\/revisions\/5873"}],"wp:featuredmedia":[{"embeddable":true,"href":"https:\/\/blogs2.correiobraziliense.com.br\/denise\/wp-json\/wp\/v2\/media\/5872"}],"wp:attachment":[{"href":"https:\/\/blogs2.correiobraziliense.com.br\/denise\/wp-json\/wp\/v2\/media?parent=5871"}],"wp:term":[{"taxonomy":"category","embeddable":true,"href":"https:\/\/blogs2.correiobraziliense.com.br\/denise\/wp-json\/wp\/v2\/categories?post=5871"},{"taxonomy":"post_tag","embeddable":true,"href":"https:\/\/blogs2.correiobraziliense.com.br\/denise\/wp-json\/wp\/v2\/tags?post=5871"}],"curies":[{"name":"wp","href":"https:\/\/api.w.org\/{rel}","templated":true}]}}