{"id":5874,"date":"2020-08-05T07:36:25","date_gmt":"2020-08-05T10:36:25","guid":{"rendered":"https:\/\/blogs2.correiobraziliense.com.br\/denise\/?p=5874"},"modified":"2020-08-05T07:37:09","modified_gmt":"2020-08-05T10:37:09","slug":"senadores-esperam-que-guedes-mostre-muito-alem-do-novo-imposto","status":"publish","type":"post","link":"https:\/\/blogs2.correiobraziliense.com.br\/denise\/senadores-esperam-que-guedes-mostre-muito-alem-do-novo-imposto\/","title":{"rendered":"Senadores esperam que Guedes mostre muito al\u00e9m do novo imposto"},"content":{"rendered":"<h6><strong>Coluna Bras\u00edlia-DF<\/strong><\/h6>\n<p>A expectativa dos senadores para hoje \u00e9 a de que o ministro da Economia, Paulo Guedes, apresente um projeto estrat\u00e9gico para o p\u00f3s-pandemia, que preserve quem ganha menos, e os n\u00fameros dentro da realidade do pa\u00eds. Se chegar vendendo terreno no c\u00e9u, em troca do novo imposto sobre transa\u00e7\u00f5es eletr\u00f4nicas, n\u00e3o encontrar\u00e1 um ambiente acolhedor.<\/p>\n<p>\u201cA desigualdade deve pautar, ou j\u00e1 deveria ter pautado, n\u00e3o s\u00f3 a reforma, mas a pol\u00edtica como um todo. A reforma tribut\u00e1ria tem de nos fazer crescer, mas n\u00e3o vamos nos desenvolver mantendo como est\u00e1 o que n\u00e3o nos engrandece\u201d, disse a senadora Simone Tebet (MDB-MS), que considera priorit\u00e1rio democratizar o modelo. \u201cGrandes fortunas e patrim\u00f4nio s\u00e3o o contraponto dos desafortunados. O modelo atual faz com que os mais pobres paguem mais impostos, relativamente que os mais ricos\u201d, completa.<\/p>\n<h2><strong>Eu quero informa\u00e7\u00e3o, talquei?<\/strong><\/h2>\n<p>O novo centro nacional de intelig\u00eancia, sob encomenda para manter o presidente Jair Bolsonaro informado, conforme o capit\u00e3o pediu, chega com capacidade redobrada. Os agentes nunca foram t\u00e3o felizes. Agora, ter\u00e3o, por exemplo, um software que cruza informa\u00e7\u00f5es de detentores de empresas no Brasil com os dados do exterior.<\/p>\n<h2><strong>Agora vai<\/strong><\/h2>\n<p>H\u00e1 quem assegure que o governo n\u00e3o ser\u00e1 mais pego de surpresa quando algu\u00e9m for indicado para um cargo p\u00fablico e tiver uma trust l\u00e1 fora. Eles apostam que nem a Receita Federal far\u00e1 melhor.<\/p>\n<h2><strong>Maia d\u00e1 o tom&#8230;<\/strong><\/h2>\n<p>A entrevista do presidente da C\u00e2mara, Rodrigo Maia (DEM-RJ), ao programa Roda Viva, da TV Cultura, deixou pelo menos dois par\u00e2metros para os pr\u00e9-candidatos \u00e0 sucess\u00e3o no comando da Casa: 1) n\u00e3o h\u00e1 acordo com o PP de Arthur Lira (AL), contrariando as expectativas dos progressistas; 2) o pr\u00f3prio Rodrigo n\u00e3o ser\u00e1 candidato, mesmo se Davi Alcolumbre (DEM-AP) conseguir mudar o entendimento em vigor, de que um presidente da C\u00e2mara e do Senado n\u00e3o pode se candidatar \u00e0 reelei\u00e7\u00e3o dentro da mesma legislatura.<\/p>\n<h2>\u2026 e o aliado leva o troco<\/h2>\n<p>A sucess\u00e3o de Maia passou a agitar a pol\u00edtica desde que o MDB e DEM sa\u00edram do Centr\u00e3o, e essas duas premissas, apontadas de viva voz pelo presidente da C\u00e2mara, agitar\u00e3o ainda mais. Integrantes do grupo de Arthur Lira, por exemplo, trabalham para tentar tirar Aguinaldo Ribeiro (PP-PB) do cargo de l\u00edder da Maioria. O clima s\u00f3 tende a piorar, at\u00e9 que todos se sentem \u00e0 mesa e fa\u00e7am um acordo de cavalheiros.<\/p>\n<p><strong>Li\u00e7\u00f5es de Tancredo I\/<\/strong> Ao dizer, no Roda Viva, que se considera \u201cbom de bastidor\u201d e dizer que lhe falta carisma para ser candidato a presidente da Rep\u00fablica, Rodrigo Maia come\u00e7a a se preparar para viver, a partir de 2021, o papel de gestor do centro na pol\u00edtica em busca de um candidato. Foi essa uma das atribui\u00e7\u00f5es de Tancredo Neves, quando da redemocratiza\u00e7\u00e3o do pa\u00eds, posi\u00e7\u00e3o que acabou lhe rendendo a cabe\u00e7a de chapa e a vit\u00f3ria no col\u00e9gio eleitoral, em 1985, tendo Jos\u00e9 Sarney, outro grande articulador, como seu vice.<\/p>\n<p><strong>Li\u00e7\u00f5es de Tancredo II\/<\/strong> Rodrigo Maia sabe que n\u00e3o ter\u00e1 espa\u00e7o para repetir Tancredo, porque lhe falta o carisma para tal, mas nada impede que termine numa vaga de vice ou como o mago das articula\u00e7\u00f5es de um futuro governo, caso tenha sucesso. Nos partidos, j\u00e1 tem muita gente nova \u00e0 procura de todas as biografias do ex-presidente.<\/p>\n<p><strong>#vossaexcel\u00eanciaprimeiro\/<\/strong> A nova campanha promovida por estudantes \u00e9 direta sobre o retorno das aulas presenciais. \u201cA vida de um estudante tem tanto valor quanto a de um pol\u00edtico\u201d, diz o texto, com a inscri\u00e7\u00e3o \u201cEscola n\u00e3o \u00e9 laborat\u00f3rio\u201d. A mensagem, encaminhada num quadro pelas redes sociais, cobra ainda a retomada das sess\u00f5es presenciais no Parlamento e nas assembleias legislativas. E completa: \u201cSe os pol\u00edticos acham que nas escolas n\u00e3o h\u00e1 risco de contamina\u00e7\u00e3o por coronav\u00edrus, que deem o exemplo, voltem primeiro\u201d.<\/p>\n<p><strong>Vale lembrar\/<\/strong> A decis\u00e3o de volta \u00e0s aulas presenciais n\u00e3o foi obra dos parlamentos, e sim de governadores e prefeitos. O Judici\u00e1rio, que confirmou parte das decis\u00f5es dos executivos estaduais e municipais, continua no trabalho remoto.<\/p>\n<p><strong>CB.PODER\/<\/strong> O presidente da Caixa Econ\u00f4mica Federal, Pedro Guimar\u00e3es, \u00e9 o entrevistado de hoje. N\u00e3o perca, 13h20, ao vivo na<em> TV Bras\u00edlia<\/em> e redes sociais do<strong> Correio Braziliense.<\/strong><\/p>\n","protected":false},"excerpt":{"rendered":"<p>Coluna Bras\u00edlia-DF A expectativa dos senadores para hoje \u00e9 a de que o ministro da Economia, Paulo Guedes, apresente um projeto estrat\u00e9gico para o p\u00f3s-pandemia, que preserve quem ganha menos, e os n\u00fameros dentro da realidade do pa\u00eds. Se chegar vendendo terreno no c\u00e9u, em troca do novo imposto sobre transa\u00e7\u00f5es eletr\u00f4nicas, n\u00e3o encontrar\u00e1 um [&hellip;]<\/p>\n","protected":false},"author":29,"featured_media":5875,"comment_status":"closed","ping_status":"closed","sticky":false,"template":"","format":"standard","meta":{"wpb_read_more":[],"footnotes":""},"categories":[4],"tags":[198,49],"class_list":["post-5874","post","type-post","status-publish","format-standard","has-post-thumbnail","hentry","category-coluna-brasilia-df","tag-cpmf","tag-paulo-guedes"],"_links":{"self":[{"href":"https:\/\/blogs2.correiobraziliense.com.br\/denise\/wp-json\/wp\/v2\/posts\/5874","targetHints":{"allow":["GET"]}}],"collection":[{"href":"https:\/\/blogs2.correiobraziliense.com.br\/denise\/wp-json\/wp\/v2\/posts"}],"about":[{"href":"https:\/\/blogs2.correiobraziliense.com.br\/denise\/wp-json\/wp\/v2\/types\/post"}],"author":[{"embeddable":true,"href":"https:\/\/blogs2.correiobraziliense.com.br\/denise\/wp-json\/wp\/v2\/users\/29"}],"replies":[{"embeddable":true,"href":"https:\/\/blogs2.correiobraziliense.com.br\/denise\/wp-json\/wp\/v2\/comments?post=5874"}],"version-history":[{"count":2,"href":"https:\/\/blogs2.correiobraziliense.com.br\/denise\/wp-json\/wp\/v2\/posts\/5874\/revisions"}],"predecessor-version":[{"id":5877,"href":"https:\/\/blogs2.correiobraziliense.com.br\/denise\/wp-json\/wp\/v2\/posts\/5874\/revisions\/5877"}],"wp:featuredmedia":[{"embeddable":true,"href":"https:\/\/blogs2.correiobraziliense.com.br\/denise\/wp-json\/wp\/v2\/media\/5875"}],"wp:attachment":[{"href":"https:\/\/blogs2.correiobraziliense.com.br\/denise\/wp-json\/wp\/v2\/media?parent=5874"}],"wp:term":[{"taxonomy":"category","embeddable":true,"href":"https:\/\/blogs2.correiobraziliense.com.br\/denise\/wp-json\/wp\/v2\/categories?post=5874"},{"taxonomy":"post_tag","embeddable":true,"href":"https:\/\/blogs2.correiobraziliense.com.br\/denise\/wp-json\/wp\/v2\/tags?post=5874"}],"curies":[{"name":"wp","href":"https:\/\/api.w.org\/{rel}","templated":true}]}}