{"id":5894,"date":"2020-08-11T07:38:27","date_gmt":"2020-08-11T10:38:27","guid":{"rendered":"https:\/\/blogs2.correiobraziliense.com.br\/denise\/?p=5894"},"modified":"2020-08-11T07:47:08","modified_gmt":"2020-08-11T10:47:08","slug":"ala-de-guedes-alerta-sobre-o-perigo-de-o-governo-cometer-o-mesmo-erro-do-pt-quando-lancou-o-pac","status":"publish","type":"post","link":"https:\/\/blogs2.correiobraziliense.com.br\/denise\/ala-de-guedes-alerta-sobre-o-perigo-de-o-governo-cometer-o-mesmo-erro-do-pt-quando-lancou-o-pac\/","title":{"rendered":"Ala de Guedes alerta sobre o perigo de o governo cometer o mesmo erro do PT quando lan\u00e7ou o PAC"},"content":{"rendered":"<h6><strong>Coluna Bras\u00edlia-DF<\/strong><\/h6>\n<p>A defesa que o ministro do Desenvolvimento Regional, Rog\u00e9rio Marinho, tem feito publicamente do gasto p\u00fablico ampliado, com aval quase que total dos ministros palacianos e do presidente Jair Bolsonaro, ser\u00e1 debatida, hoje, em reuni\u00e3o no Planalto para tratar do programa Pr\u00f3-Brasil. O encontro ser\u00e1 comandado pelo ministro da Casa Civil, Braga Netto, respons\u00e1vel pelo desenho geral do projeto.<\/p>\n<p>O Pr\u00f3-Brasil, ali\u00e1s, \u00e9 visto como a sa\u00edda para o governo tentar deixar em segundo plano a trag\u00e9dia da pandemia e, ao mesmo tempo, mostrar servi\u00e7o e recuperar a economia. A ala do ministro Paulo Guedes, entretanto, tem dito reservadamente que \u00e9 preciso ter cuidado para n\u00e3o cair no mesmo erro do PT, que, mesmo sem recursos, lan\u00e7ou o Programa de Acelera\u00e7\u00e3o do Crescimento (PAC).<\/p>\n<h2><strong>A miss\u00e3o covid-19<\/strong><\/h2>\n<p>O presidente Jair Bolsonaro n\u00e3o quer saber de seu governo ser responsabilizado pelas 100 mil mortes. Por isso, a ordem \u00e9 bater bumbo sobre as medidas adotadas. Por exemplo, a distribui\u00e7\u00e3o de material hospitalar aos estados.<\/p>\n<h2><strong>Vai que \u00e9 tua!<\/strong><\/h2>\n<p>S\u00f3 tem um probleminha e isso ser\u00e1 explorado pela oposi\u00e7\u00e3o hoje, amanh\u00e3 e em 2022. A troca de ministro da sa\u00fade ao longo desses cinco meses e a interinidade de Eduardo Pazuello s\u00e3o da lavra presidencial. Os pronunciamentos em cadeia nacional, inclusive o primeiro, quando Bolsonaro se referiu \u00e0 covid-19 como \u201cgripezinha\u201d tamb\u00e9m t\u00eam a marca do presidente.<\/p>\n<h2><strong>Melhora isso a\u00ed<\/strong><\/h2>\n<p>Aliados do presidente est\u00e3o convencidos de que, diante da trag\u00e9dia da pandemia, a forma de aliviar o sofrimento \u00e9 recuperar a economia. A avalia\u00e7\u00e3o \u00e9 de que, se aposta der certo, nada impedir\u00e1 um segundo mandato.<\/p>\n<p>Olha o protocolo I\/ Como quase toda a turma palaciana j\u00e1 teve covid-19, quase ningu\u00e9m por l\u00e1 est\u00e1 respeitando os protocolos, uso de m\u00e1scara, etc. Hoje, por exemplo, em pleno pico da covid-19 em Bras\u00edlia, a reuni\u00e3o do ministro Braga Netto (foto) sobre o Pr\u00f3-Brasil deve contar com a presen\u00e7a de quase 30 pessoas.<\/p>\n<p>Olha o protocolo II\/ Embora muitos palacianos tenham passado pela covid-19, inclusive Braga Netto, outros dentro do governo n\u00e3o tiveram a doen\u00e7a. E tendo em vista que h\u00e1 casos de reinfec\u00e7\u00e3o, n\u00e3o d\u00e1 para dispensar os protocolos, ainda que a reincid\u00eancia seja rara.<\/p>\n","protected":false},"excerpt":{"rendered":"<p>Coluna Bras\u00edlia-DF A defesa que o ministro do Desenvolvimento Regional, Rog\u00e9rio Marinho, tem feito publicamente do gasto p\u00fablico ampliado, com aval quase que total dos ministros palacianos e do presidente Jair Bolsonaro, ser\u00e1 debatida, hoje, em reuni\u00e3o no Planalto para tratar do programa Pr\u00f3-Brasil. O encontro ser\u00e1 comandado pelo ministro da Casa Civil, Braga Netto, [&hellip;]<\/p>\n","protected":false},"author":29,"featured_media":5896,"comment_status":"closed","ping_status":"closed","sticky":false,"template":"","format":"standard","meta":{"wpb_read_more":[],"footnotes":""},"categories":[4],"tags":[28,254,391,49,392,23,393],"class_list":["post-5894","post","type-post","status-publish","format-standard","has-post-thumbnail","hentry","category-coluna-brasilia-df","tag-bolsonaro","tag-braga-netto","tag-pac","tag-paulo-guedes","tag-pro-brasil","tag-pt","tag-rogerio-marinho"],"_links":{"self":[{"href":"https:\/\/blogs2.correiobraziliense.com.br\/denise\/wp-json\/wp\/v2\/posts\/5894","targetHints":{"allow":["GET"]}}],"collection":[{"href":"https:\/\/blogs2.correiobraziliense.com.br\/denise\/wp-json\/wp\/v2\/posts"}],"about":[{"href":"https:\/\/blogs2.correiobraziliense.com.br\/denise\/wp-json\/wp\/v2\/types\/post"}],"author":[{"embeddable":true,"href":"https:\/\/blogs2.correiobraziliense.com.br\/denise\/wp-json\/wp\/v2\/users\/29"}],"replies":[{"embeddable":true,"href":"https:\/\/blogs2.correiobraziliense.com.br\/denise\/wp-json\/wp\/v2\/comments?post=5894"}],"version-history":[{"count":2,"href":"https:\/\/blogs2.correiobraziliense.com.br\/denise\/wp-json\/wp\/v2\/posts\/5894\/revisions"}],"predecessor-version":[{"id":5900,"href":"https:\/\/blogs2.correiobraziliense.com.br\/denise\/wp-json\/wp\/v2\/posts\/5894\/revisions\/5900"}],"wp:featuredmedia":[{"embeddable":true,"href":"https:\/\/blogs2.correiobraziliense.com.br\/denise\/wp-json\/wp\/v2\/media\/5896"}],"wp:attachment":[{"href":"https:\/\/blogs2.correiobraziliense.com.br\/denise\/wp-json\/wp\/v2\/media?parent=5894"}],"wp:term":[{"taxonomy":"category","embeddable":true,"href":"https:\/\/blogs2.correiobraziliense.com.br\/denise\/wp-json\/wp\/v2\/categories?post=5894"},{"taxonomy":"post_tag","embeddable":true,"href":"https:\/\/blogs2.correiobraziliense.com.br\/denise\/wp-json\/wp\/v2\/tags?post=5894"}],"curies":[{"name":"wp","href":"https:\/\/api.w.org\/{rel}","templated":true}]}}