{"id":5949,"date":"2020-08-20T07:46:46","date_gmt":"2020-08-20T10:46:46","guid":{"rendered":"https:\/\/blogs2.correiobraziliense.com.br\/denise\/?p=5949"},"modified":"2020-08-20T07:48:11","modified_gmt":"2020-08-20T10:48:11","slug":"vem-ai-a-contribuicao-social-sobre-servicos-digitais","status":"publish","type":"post","link":"https:\/\/blogs2.correiobraziliense.com.br\/denise\/vem-ai-a-contribuicao-social-sobre-servicos-digitais\/","title":{"rendered":"Vem a\u00ed a contribui\u00e7\u00e3o social sobre servi\u00e7os digitais"},"content":{"rendered":"<h6><strong>Coluna Bras\u00edlia-DF<\/strong><\/h6>\n<p>O almo\u00e7o do presidente Jair Bolsonaro com parlamentares e ministros abriu as portas da esperan\u00e7a do governo em torno de uma brecha para ampliar a arrecada\u00e7\u00e3o. \u00c9 a contribui\u00e7\u00e3o social sobre servi\u00e7os digitais, apresentada nesta semana ao Parlamento pelo deputado Danilo Forte (PSDB-CE).<\/p>\n<p>O projeto de lei complementar atinge as grandes empresas de tecnologia que tenham uma receita bruta igual ou superior a R$ 4,5 bilh\u00f5es por ano. E o texto menciona, com todas as letras, que a arrecada\u00e7\u00e3o seria, exclusivamente, aplicada na renda b\u00e1sica (que o governo chama de Renda Brasil). O novo projeto de renda m\u00ednima entra na agenda do Congresso ainda neste ano.<\/p>\n<p>Bolsonaro gostou do que ouviu e logo chamou um assessor para que marcasse uma conversa do deputado com o ministro da Economia, Paulo Guedes. Na \u00e1rea econ\u00f4mica, os t\u00e9cnicos t\u00eam dito que tudo o que puder ser feito para ajudar a arrecada\u00e7\u00e3o ser\u00e1 bem-vindo.<\/p>\n<h2><strong>A la Temer<\/strong><\/h2>\n<p>Os encontros do presidente Jair Bolsonaro t\u00eam reunido os influencers do Parlamento, ou seja, deputados que conseguem convencer os colegas. Al\u00e9m dos projetos, a ordem \u00e9 criar um compadrio, capaz de evitar tiroteios futuros. Michel Temer ficava, dia e noite, em conversas com deputados e senadores. E passou por todos os problemas que enfrentou em seu mandato.<\/p>\n<h2><strong>Sempre ajuda<\/strong><\/h2>\n<p>O senador Fl\u00e1vio Bolsonaro, obrigado a se explicar no esc\u00e2ndalo das rachadinhas que levou seu ex-assessor Fabr\u00edcio Queiroz para a cadeia, ali\u00e1s, participou do almo\u00e7o no Planalto com l\u00edderes, deputados, senadores e ministros. E nem foi o pai que chamou. Quem lhe telefonou convidando para o Planalto foi o deputado F\u00e1bio Ramalho, que levou a comida.<\/p>\n<h2><strong>O duro recado<\/strong><\/h2>\n<p>O voto da ministra C\u00e1rmen L\u00facia, pela suspens\u00e3o dos supostos dossi\u00eas contra servidores no Minist\u00e9rio da Justi\u00e7a, dizem os t\u00e9cnicos, foi um divisor de \u00e1guas. Resta saber se os \u00f3rg\u00e3os de intelig\u00eancia v\u00e3o cumprir a determina\u00e7\u00e3o de suspender esses relat\u00f3rios, caso o STF feche posi\u00e7\u00e3o nesse sentido.<\/p>\n<h2><strong>Ficamos assim<\/strong><\/h2>\n<p>Nas conversas dos deputados e senadores com o presidente Jair Bolsonaro, j\u00e1 foi avisado que os movimentos da turma da agenda de costumes em favor de projetos, como armas e escola sem partido, n\u00e3o ter\u00e3o muito<br \/>\nespa\u00e7o para aprova\u00e7\u00e3o. Agora, na pauta econ\u00f4mica, est\u00e3o juntos.<\/p>\n<h2><strong>Nas duas pontas<\/strong><\/h2>\n<p>Enquanto o ministro da Economia, Paulo Guedes, est\u00e1 bem pr\u00f3ximo do presidente da C\u00e2mara, Rodrigo Maia, o do Desenvolvimento Regional, Rog\u00e9rio Marinho, faz a ponte com o baixo e m\u00e9dio cleros. Hoje, alguns v\u00e3o aproveitar e pegar uma \u201ccarona\u201d na viagem do ministro ao Nordeste.<\/p>\n<p><strong>Aperitivo\/<\/strong> Pr\u00e9-candidatos \u00e0 Presid\u00eancia da C\u00e2mara aproveitam os almo\u00e7os do presidente Jair Bolsonaro para fazer o seu networking. Ontem, por exemplo, estavam Arthur Lira (PP-AL) e F\u00e1bio Ramalho, do MDB-MG.<\/p>\n<p><strong>Propaganda subliminar\/<\/strong> Obviamente, nem Lira nem Fabinho Ramalho mencionam as respectivas pretens\u00f5es entre os comensais. Mas o recado est\u00e1 claro. Fabinho, por exemplo, avisa \u00e0 coluna que \u00e9 candidato em qualquer circunst\u00e2ncia.<\/p>\n<p><strong>A bancada \u201csou eu\u201d\/<\/strong> Fabinho Ramalho \u00e9 direto: \u201cN\u00e3o sou candidato de nenhum partido, sou candidato do Parlamento. Se for ao segundo turno, eu ganho. Tive 66 votos da \u00faltima vez, ou seja, a maior bancada, hoje, sou eu\u201d, diz.<\/p>\n<p><strong>E a pandemia, hein?\/<\/strong> Os deputados j\u00e1 se referem ao Planalto como um ambiente quase livre da covid-19. Afinal, dos ministros \u201cda Casa\u201d, s\u00f3 Luiz Eduardo Ramos n\u00e3o teve exame positivo.<\/p>\n<p><strong>Enquanto isso, na C\u00e2mara Legislativa do DF&#8230;\/<\/strong> Pobre Michelangelo\u2026 Seu Davi jamais poder\u00e1 ter sequer uma r\u00e9plica exibida por aqui, se a proposta que veta nudez nas artes for aprovada. Meu Deus, quanta ignor\u00e2ncia.<\/p>\n","protected":false},"excerpt":{"rendered":"<p>Coluna Bras\u00edlia-DF O almo\u00e7o do presidente Jair Bolsonaro com parlamentares e ministros abriu as portas da esperan\u00e7a do governo em torno de uma brecha para ampliar a arrecada\u00e7\u00e3o. \u00c9 a contribui\u00e7\u00e3o social sobre servi\u00e7os digitais, apresentada nesta semana ao Parlamento pelo deputado Danilo Forte (PSDB-CE). O projeto de lei complementar atinge as grandes empresas de [&hellip;]<\/p>\n","protected":false},"author":29,"featured_media":4492,"comment_status":"closed","ping_status":"closed","sticky":false,"template":"","format":"standard","meta":{"wpb_read_more":[],"footnotes":""},"categories":[4],"tags":[28,405,75,49,407,393,406],"class_list":["post-5949","post","type-post","status-publish","format-standard","has-post-thumbnail","hentry","category-coluna-brasilia-df","tag-bolsonaro","tag-contribuicao-social","tag-fabio-ramalho","tag-paulo-guedes","tag-rodrigo-marinho","tag-rogerio-marinho","tag-servicos-digitais"],"_links":{"self":[{"href":"https:\/\/blogs2.correiobraziliense.com.br\/denise\/wp-json\/wp\/v2\/posts\/5949","targetHints":{"allow":["GET"]}}],"collection":[{"href":"https:\/\/blogs2.correiobraziliense.com.br\/denise\/wp-json\/wp\/v2\/posts"}],"about":[{"href":"https:\/\/blogs2.correiobraziliense.com.br\/denise\/wp-json\/wp\/v2\/types\/post"}],"author":[{"embeddable":true,"href":"https:\/\/blogs2.correiobraziliense.com.br\/denise\/wp-json\/wp\/v2\/users\/29"}],"replies":[{"embeddable":true,"href":"https:\/\/blogs2.correiobraziliense.com.br\/denise\/wp-json\/wp\/v2\/comments?post=5949"}],"version-history":[{"count":2,"href":"https:\/\/blogs2.correiobraziliense.com.br\/denise\/wp-json\/wp\/v2\/posts\/5949\/revisions"}],"predecessor-version":[{"id":5951,"href":"https:\/\/blogs2.correiobraziliense.com.br\/denise\/wp-json\/wp\/v2\/posts\/5949\/revisions\/5951"}],"wp:featuredmedia":[{"embeddable":true,"href":"https:\/\/blogs2.correiobraziliense.com.br\/denise\/wp-json\/wp\/v2\/media\/4492"}],"wp:attachment":[{"href":"https:\/\/blogs2.correiobraziliense.com.br\/denise\/wp-json\/wp\/v2\/media?parent=5949"}],"wp:term":[{"taxonomy":"category","embeddable":true,"href":"https:\/\/blogs2.correiobraziliense.com.br\/denise\/wp-json\/wp\/v2\/categories?post=5949"},{"taxonomy":"post_tag","embeddable":true,"href":"https:\/\/blogs2.correiobraziliense.com.br\/denise\/wp-json\/wp\/v2\/tags?post=5949"}],"curies":[{"name":"wp","href":"https:\/\/api.w.org\/{rel}","templated":true}]}}