{"id":5961,"date":"2020-08-25T08:02:54","date_gmt":"2020-08-25T11:02:54","guid":{"rendered":"https:\/\/blogs2.correiobraziliense.com.br\/denise\/?p=5961"},"modified":"2020-08-25T08:02:54","modified_gmt":"2020-08-25T11:02:54","slug":"ate-aliados-esperam-que-bolsonaro-explique-os-r-89-mil-de-queiroz-para-michelle","status":"publish","type":"post","link":"https:\/\/blogs2.correiobraziliense.com.br\/denise\/ate-aliados-esperam-que-bolsonaro-explique-os-r-89-mil-de-queiroz-para-michelle\/","title":{"rendered":"At\u00e9 aliados esperam que Bolsonaro explique os R$ 89 mil de Queiroz para Michelle"},"content":{"rendered":"<h6><strong>Coluna Bras\u00edlia-DF<\/strong><\/h6>\n<p>A agress\u00e3o de Jair Bolsonaro ao jornalista que lhe perguntou a respeito dos R$ 89 mil, depositados por Fabr\u00edcio Queiroz na conta da primeira-dama Michelle Bolsonaro, provocou uma avalanche que o governo vinha a muito custo tentando contornar: a inclus\u00e3o do primeiro-casal nas suspeitas de ter-se beneficiado com o dinheiro que transitou pelas contas do ex-assessor do senador Fl\u00e1vio Bolsonaro (Republicanos-RJ).<\/p>\n<p>Esses dep\u00f3sitos vieram \u00e0 tona em 7 de agosto e, at\u00e9 ent\u00e3o, n\u00e3o houve qualquer pronunciamento oficial a respeito, a n\u00e3o ser a vontade do presidente de \u201cencher a boca de porrada\u201d do rep\u00f3rter que fez a pergunta.<\/p>\n<p>At\u00e9 para aliados de Bolsonaro a repercuss\u00e3o que a pergunta teve nas redes sociais indica que chegou hora de apresentar uma explica\u00e7\u00e3o plaus\u00edvel para o dinheiro na conta da primeira-dama. \u00c9 explicar ou explicar.<\/p>\n<p>Afinal, a falta de uma justificativa desgasta o discurso anticorrup\u00e7\u00e3o de Bolsonaro. E embora o presidente esteja numa boa fase perante a popula\u00e7\u00e3o, a avalia\u00e7\u00e3o geral \u00e9 a de que n\u00e3o d\u00e1 para ficar acomodado e achar que tudo est\u00e1 resolvido.<\/p>\n<h2>\n<strong>O rem\u00e9dio \u00e9 mudar o plano<\/strong><\/h2>\n<p>A julgar pela conversa de deputados e senadores, \u00e9 bom o governo come\u00e7ar a refazer as contas. A perspectiva de acabar com a Farm\u00e1cia Popular est\u00e1 fora de cogita\u00e7\u00e3o entre os congressistas.<\/p>\n<blockquote><p><em>&#8220;O que o PT fez com o Bolsa Escola para tirar votos do PSDB, Bolsonaro far\u00e1 com o PT: trocar o nome, aumentar a abrang\u00eancia e radicalizar nos aspectos assistencialistas\u201d<\/em><\/p><\/blockquote>\n<p style=\"text-align: right\"><strong>Do ex-senador, ex-governador e ex-ministro da Educa\u00e7\u00e3o Cristovam Buarque<\/strong><\/p>\n<h2>\n<strong>Fa\u00e7a o que eu digo&#8230;<\/strong><\/h2>\n<p>A guerra pelos terminais do Porto de Santos a cada dia ganha novos lances. Em um dos mandados de seguran\u00e7a que a Marimex impetrou para tentar manter a \u00e1rea que ocupa, h\u00e1 um extenso artigo de especialistas que criticam a decis\u00e3o do governo de destinar o espa\u00e7o para fertilizantes. O texto destaca o temor em rela\u00e7\u00e3o ao nitrato de am\u00f4nio, \u201cusado como mat\u00e9ria-prima para fabrica\u00e7\u00e3o de explosivos e sob controle do Ex\u00e9rcito\u201d. A opera\u00e7\u00e3o sem o devido controle realmente preocupa, em especial depois da explos\u00e3o em Beirute.<\/p>\n<h2><strong>\u2026 Mas n\u00e3o fa\u00e7a o que eu fa\u00e7o<\/strong><\/h2>\n<p>A empresa s\u00f3 n\u00e3o contou que foi multada duas vezes pela Ag\u00eancia Nacional de Transportes Aquavi\u00e1rios (Antaq), em 2017 e 2019, por \u201cnegligenciar a seguran\u00e7a portu\u00e1ria\u201d no armazenamento de cargas perigosas. No primeiro processo, a Marimex recorreu, alegando que seguia as recomenda\u00e7\u00f5es da Codesp, que n\u00e3o eram compuls\u00f3rias, e a san\u00e7\u00e3o virou advert\u00eancia; no segundo, a Antaq manteve a multa.<\/p>\n<h2>\n<strong><em>CURTIDAS<\/em><\/strong><\/h2>\n<p><strong>Para bons entendedores&#8230;\/<\/strong> A contar pelas declara\u00e7\u00f5es do presidente do Banco Central, Roberto Campos Neto, n\u00e3o tem essa de ficar no governo, no papel de ministro da Economia, caso Paulo Guedes deixe o cargo. Ontem, na CNN, ele foi direto, ao dizer que tem \u201calinhamento\u201d com o ministro e \u00e9 preciso focar nas entregas.<\/p>\n<p><strong>Flordelis livre&#8230;\/<\/strong> Suspeita de mandar matar o pr\u00f3prio marido, a deputada Flordelis (PSD-RJ) pode ficar tranquila em rela\u00e7\u00e3o a seu mandato. O presidente da C\u00e2mara, Rodrigo Maia (DEM-RJ), tem resistido a todas as press\u00f5es para fazer funcionar o Conselho de \u00c9tica em sess\u00f5es virtuais.<\/p>\n<p><strong>&#8230;e os outros tamb\u00e9m\/<\/strong> Assim, todos os processos ou pedidos de investiga\u00e7\u00e3o continuam represados.<\/p>\n<p><strong>Jos\u00e9 M\u00facio no CB.Poder\/<\/strong> O presidente do Tribunal de Contas da Uni\u00e3o, Jos\u00e9 M\u00facio Monteiro, \u00e9 o entrevistado de hoje do CB.Poder, na <em>TV Bras\u00edlia<\/em> e redes sociais do <strong>Correio Braziliense<\/strong>.<\/p>\n","protected":false},"excerpt":{"rendered":"<p>Coluna Bras\u00edlia-DF A agress\u00e3o de Jair Bolsonaro ao jornalista que lhe perguntou a respeito dos R$ 89 mil, depositados por Fabr\u00edcio Queiroz na conta da primeira-dama Michelle Bolsonaro, provocou uma avalanche que o governo vinha a muito custo tentando contornar: a inclus\u00e3o do primeiro-casal nas suspeitas de ter-se beneficiado com o dinheiro que transitou pelas [&hellip;]<\/p>\n","protected":false},"author":29,"featured_media":5292,"comment_status":"closed","ping_status":"closed","sticky":false,"template":"","format":"standard","meta":{"wpb_read_more":[],"footnotes":""},"categories":[4],"tags":[28,46,72],"class_list":["post-5961","post","type-post","status-publish","format-standard","has-post-thumbnail","hentry","category-coluna-brasilia-df","tag-bolsonaro","tag-fabricio-queiroz","tag-michelle-bolsonaro"],"_links":{"self":[{"href":"https:\/\/blogs2.correiobraziliense.com.br\/denise\/wp-json\/wp\/v2\/posts\/5961","targetHints":{"allow":["GET"]}}],"collection":[{"href":"https:\/\/blogs2.correiobraziliense.com.br\/denise\/wp-json\/wp\/v2\/posts"}],"about":[{"href":"https:\/\/blogs2.correiobraziliense.com.br\/denise\/wp-json\/wp\/v2\/types\/post"}],"author":[{"embeddable":true,"href":"https:\/\/blogs2.correiobraziliense.com.br\/denise\/wp-json\/wp\/v2\/users\/29"}],"replies":[{"embeddable":true,"href":"https:\/\/blogs2.correiobraziliense.com.br\/denise\/wp-json\/wp\/v2\/comments?post=5961"}],"version-history":[{"count":1,"href":"https:\/\/blogs2.correiobraziliense.com.br\/denise\/wp-json\/wp\/v2\/posts\/5961\/revisions"}],"predecessor-version":[{"id":5962,"href":"https:\/\/blogs2.correiobraziliense.com.br\/denise\/wp-json\/wp\/v2\/posts\/5961\/revisions\/5962"}],"wp:featuredmedia":[{"embeddable":true,"href":"https:\/\/blogs2.correiobraziliense.com.br\/denise\/wp-json\/wp\/v2\/media\/5292"}],"wp:attachment":[{"href":"https:\/\/blogs2.correiobraziliense.com.br\/denise\/wp-json\/wp\/v2\/media?parent=5961"}],"wp:term":[{"taxonomy":"category","embeddable":true,"href":"https:\/\/blogs2.correiobraziliense.com.br\/denise\/wp-json\/wp\/v2\/categories?post=5961"},{"taxonomy":"post_tag","embeddable":true,"href":"https:\/\/blogs2.correiobraziliense.com.br\/denise\/wp-json\/wp\/v2\/tags?post=5961"}],"curies":[{"name":"wp","href":"https:\/\/api.w.org\/{rel}","templated":true}]}}