{"id":5966,"date":"2020-08-27T07:51:16","date_gmt":"2020-08-27T10:51:16","guid":{"rendered":"https:\/\/blogs2.correiobraziliense.com.br\/denise\/?p=5966"},"modified":"2020-08-27T07:51:16","modified_gmt":"2020-08-27T10:51:16","slug":"bolsonaro-indica-que-nao-ha-mais-superministros-dentro-do-governo","status":"publish","type":"post","link":"https:\/\/blogs2.correiobraziliense.com.br\/denise\/bolsonaro-indica-que-nao-ha-mais-superministros-dentro-do-governo\/","title":{"rendered":"Bolsonaro indica que n\u00e3o h\u00e1 mais superministros dentro do governo"},"content":{"rendered":"<h6><strong>Coluna Bras\u00edlia-DF<\/strong><\/h6>\n<p>A <a href=\"https:\/\/www.correiobraziliense.com.br\/politica\/2020\/08\/4871354-fritura-publica-do-ex-superministro.html\">suspens\u00e3o tempor\u00e1ria<\/a> do novo programa Renda Brasil, dentro dos moldes apresentados pela equipe econ\u00f4mica, representa, na avalia\u00e7\u00e3o dos aliados do presidente, um recado claro ao pa\u00eds, ao mercado e at\u00e9 aos pol\u00edticos: n\u00e3o h\u00e1 mais superminsitros no governo de Jair Bolsonaro, nem equipe blindada em qualquer assunto.<\/p>\n<p>O da Justi\u00e7a, Sergio Moro, \u00e9 p\u00e1gina virada. O da Economia, Paulo Guedes, chegou a ter a posi\u00e7\u00e3o refor\u00e7ada pelo presidente h\u00e1 alguns dias, mas se n\u00e3o entregar a conta redondinha para um Renda Brasil no valor de R$ 300, vai ficar dif\u00edcil se segurar no cargo. Se ficar, ter\u00e1 que se sujeitar ao que deseja o presidente.<\/p>\n<p>O mercado est\u00e1 de olho em cada movimento de Bolsonaro e do ministro. E at\u00e9 onde a vista dos especialistas deste setor alcan\u00e7a, n\u00e3o tem sa\u00edda: ou o presidente cortar\u00e1 benef\u00edcios, ou ter\u00e1 que se conformar com um valor menor do Renda Brasil, pr\u00f3ximo dos atuais R$ 190 do Bolsa Fam\u00edlia, estourando R$ 250.<\/p>\n<h2>\n<strong>Sucess\u00e3o de Ibaneis na roda<\/strong><\/h2>\n<p>O p\u00e9riplo de deputados federais e senadores do DF para refor\u00e7ar o pedido de abertura da CPI da Sa\u00fade na C\u00e2mara Legislativa do Distrito Federal foi visto no Congresso Nacional como o primeiro gesto dos advers\u00e1rios do governador Ibaneis Rocha (MDB) em busca de espa\u00e7o. Quem conseguir se destacar e liderar esse processo ter\u00e1 condi\u00e7\u00f5es de sair.<\/p>\n<h2>\n<strong>Praga intermin\u00e1vel<\/strong><\/h2>\n<p>Este ano, 296 servidores j\u00e1 foram afastados por corrup\u00e7\u00e3o, segundo levantamento da Controladoria-Geral da<br \/>\nUni\u00e3o (CGU). E ainda estamos em agosto.<\/p>\n<h2>\n<strong>A troca n\u00e3o vai colar<\/strong><\/h2>\n<p>As conversas com Bolsonaro t\u00eam revelado menos preocupa\u00e7\u00e3o com a reforma tribut\u00e1ria e mais com a prorroga\u00e7\u00e3o do aux\u00edlio emergencial em valores que mantenham sua popularidade em alta.<\/p>\n<h2>\n<strong>Prioridades<\/strong><\/h2>\n<p>A contar pelas reclama\u00e7\u00f5es dos t\u00e9cnicos da \u00e1rea de fiscaliza\u00e7\u00e3o, o governo est\u00e1 baixando o or\u00e7amento deste setor para 2021 \u2013\u2013 de barragens a agrot\u00f3xicos. O deputado J\u00falio Delgado (PSB-MG), por exemplo, que fez a CPI das Barragens no Parlamento, lembra que n\u00e3o \u00e9 poss\u00edvel deixar esse tema de lado e correr o risco de repetir o desastre de Brumadinho, que matou 300 pessoas.<\/p>\n<p><strong>\u00c1gua e \u00f3leo\/<\/strong> Pr\u00e9-candidato a prefeito de S\u00e3o Paulo pelo PSB, o ex-governador M\u00e1rcio Fran\u00e7a vai reunir em seu palanque Ciro Gomes e\u2026 Bolsonaro! Pois \u00e9. H\u00e1 quem diga que o presidente \u00e9 at\u00e9 capaz de se aliar a um candidato de centro-esquerda para derrotar Bruno Covas (do PSDB, partido de Jo\u00e3o Doria), Joice Hasselmann, a ex-aliada, e, de quebra, o PT.<\/p>\n<p><strong>Por falar em PT&#8230;\/<\/strong> A ideia de punir petistas que decidirem apoiar Guilherme Boulos (PSol) est\u00e1 a cada dia mais consolidada.<\/p>\n<p><strong>Muita calma nessa hora\/<\/strong> L\u00edderes governistas se apressaram ontem em dizer que Paulo Guedes est\u00e1 firme no cargo e que rusgas s\u00e3o normais. Ocorre que deputados experientes respondiam com um lac\u00f4nico \u201csei\u201d.<\/p>\n<p><strong>O que vem por a\u00ed\/<\/strong> Depois da not\u00edcia de que Fl\u00e1vio Bolsonaro (Republicanos-RJ) estava num voo, semana passada, com a m\u00e1scara no queixo, j\u00e1 tem deputado interessado em uma legisla\u00e7\u00e3o para que as companhias a\u00e9reas estabele\u00e7am uma multa para aqueles que insistirem em n\u00e3o usar o acess\u00f3rio de forma adequada.<\/p>\n","protected":false},"excerpt":{"rendered":"<p>Coluna Bras\u00edlia-DF A suspens\u00e3o tempor\u00e1ria do novo programa Renda Brasil, dentro dos moldes apresentados pela equipe econ\u00f4mica, representa, na avalia\u00e7\u00e3o dos aliados do presidente, um recado claro ao pa\u00eds, ao mercado e at\u00e9 aos pol\u00edticos: n\u00e3o h\u00e1 mais superminsitros no governo de Jair Bolsonaro, nem equipe blindada em qualquer assunto. O da Justi\u00e7a, Sergio Moro, [&hellip;]<\/p>\n","protected":false},"author":29,"featured_media":5967,"comment_status":"closed","ping_status":"closed","sticky":false,"template":"","format":"standard","meta":{"wpb_read_more":[],"footnotes":""},"categories":[4],"tags":[28,49,412],"class_list":["post-5966","post","type-post","status-publish","format-standard","has-post-thumbnail","hentry","category-coluna-brasilia-df","tag-bolsonaro","tag-paulo-guedes","tag-superministros"],"_links":{"self":[{"href":"https:\/\/blogs2.correiobraziliense.com.br\/denise\/wp-json\/wp\/v2\/posts\/5966","targetHints":{"allow":["GET"]}}],"collection":[{"href":"https:\/\/blogs2.correiobraziliense.com.br\/denise\/wp-json\/wp\/v2\/posts"}],"about":[{"href":"https:\/\/blogs2.correiobraziliense.com.br\/denise\/wp-json\/wp\/v2\/types\/post"}],"author":[{"embeddable":true,"href":"https:\/\/blogs2.correiobraziliense.com.br\/denise\/wp-json\/wp\/v2\/users\/29"}],"replies":[{"embeddable":true,"href":"https:\/\/blogs2.correiobraziliense.com.br\/denise\/wp-json\/wp\/v2\/comments?post=5966"}],"version-history":[{"count":1,"href":"https:\/\/blogs2.correiobraziliense.com.br\/denise\/wp-json\/wp\/v2\/posts\/5966\/revisions"}],"predecessor-version":[{"id":5968,"href":"https:\/\/blogs2.correiobraziliense.com.br\/denise\/wp-json\/wp\/v2\/posts\/5966\/revisions\/5968"}],"wp:featuredmedia":[{"embeddable":true,"href":"https:\/\/blogs2.correiobraziliense.com.br\/denise\/wp-json\/wp\/v2\/media\/5967"}],"wp:attachment":[{"href":"https:\/\/blogs2.correiobraziliense.com.br\/denise\/wp-json\/wp\/v2\/media?parent=5966"}],"wp:term":[{"taxonomy":"category","embeddable":true,"href":"https:\/\/blogs2.correiobraziliense.com.br\/denise\/wp-json\/wp\/v2\/categories?post=5966"},{"taxonomy":"post_tag","embeddable":true,"href":"https:\/\/blogs2.correiobraziliense.com.br\/denise\/wp-json\/wp\/v2\/tags?post=5966"}],"curies":[{"name":"wp","href":"https:\/\/api.w.org\/{rel}","templated":true}]}}