{"id":6012,"date":"2020-09-03T12:28:06","date_gmt":"2020-09-03T15:28:06","guid":{"rendered":"https:\/\/blogs2.correiobraziliense.com.br\/denise\/?p=6012"},"modified":"2020-09-03T12:28:06","modified_gmt":"2020-09-03T15:28:06","slug":"estrategia-da-reforma-administrativa-e-identica-aquela-da-previdencia","status":"publish","type":"post","link":"https:\/\/blogs2.correiobraziliense.com.br\/denise\/estrategia-da-reforma-administrativa-e-identica-aquela-da-previdencia\/","title":{"rendered":"Estrat\u00e9gia da reforma administrativa \u00e9 id\u00eantica \u00e0quela da Previd\u00eancia"},"content":{"rendered":"<p>    O governo acaba de apresentar oficialmente a proposta de reforma administrativa com uma proposta de emenda constitucional que promete causar tanta pol\u00eamica quanto a reforma previdenci\u00e1ria. O ponto central \u00e9 o fim da estabilidade para aqueles que n\u00e3o s\u00e3o de carreiras de Estado e mudan\u00e7as ainda na forma de posse a essas carreiras em cinco novos v\u00ednculos empregat\u00edcios para os tr\u00eas Poderes. Para tentar levar a aprova\u00e7\u00e3o r\u00e1pida, a estrat\u00e9gia ser\u00e1 a mesma adotada na Previd\u00eancia: O dinheiro est\u00e1 acabando.<\/p>\n<p>   Na \u00e9poca da reforma da Previd\u00eancia, o governo dizia todos os dias que, se a reforma n\u00e3o fosse aprovada, aposentados corriam o risco de n\u00e3o receber. Agora, vale o discurso de que, &#8220;se nada for feito&#8221;, pode-se chegar ao ponto de &#8220;n\u00e3o pagar sal\u00e1rios&#8221;, disse o secret\u00e1rio especial adjunto de gest\u00e3o, Gleisson Rubin, alertando, mais \u00e0 frente para a perspectiva de n\u00e3o haver reajustes no futuro. &#8220;Se n\u00e3o resolvemos essas quest\u00f5es estruturais \u00e9 fantasioso imagina que voltaremos a reajustes ou corre\u00e7\u00e3o de infla\u00e7\u00e3o&#8221;, afirmou.<\/p>\n<p>   As chances de aprova\u00e7\u00e3o da reforma ainda este ano s\u00e3o consideradas nulas. Para 2021, conforme o leitor do blog p\u00f4de ler na Coluna Bras\u00edlia-DF de hoje, tamb\u00e9m n\u00e3os ser\u00e1 f\u00e1cil, por\u00e9m \u00e9 a janela que o governo ter\u00e1 antes do ingresso no ano eleitoral. A bola agora estar\u00e1 agora com o Congresso.  <\/p>\n","protected":false},"excerpt":{"rendered":"<p>O governo acaba de apresentar oficialmente a proposta de reforma administrativa com uma proposta de emenda constitucional que promete causar tanta pol\u00eamica quanto a reforma previdenci\u00e1ria. O ponto central \u00e9 o fim da estabilidade para aqueles que n\u00e3o s\u00e3o de carreiras de Estado e mudan\u00e7as ainda na forma de posse a essas carreiras em cinco [&hellip;]<\/p>\n","protected":false},"author":29,"featured_media":0,"comment_status":"closed","ping_status":"closed","sticky":false,"template":"","format":"standard","meta":{"wpb_read_more":[],"footnotes":""},"categories":[421],"tags":[],"class_list":["post-6012","post","type-post","status-publish","format-standard","hentry","category-reforma-administrativa"],"_links":{"self":[{"href":"https:\/\/blogs2.correiobraziliense.com.br\/denise\/wp-json\/wp\/v2\/posts\/6012","targetHints":{"allow":["GET"]}}],"collection":[{"href":"https:\/\/blogs2.correiobraziliense.com.br\/denise\/wp-json\/wp\/v2\/posts"}],"about":[{"href":"https:\/\/blogs2.correiobraziliense.com.br\/denise\/wp-json\/wp\/v2\/types\/post"}],"author":[{"embeddable":true,"href":"https:\/\/blogs2.correiobraziliense.com.br\/denise\/wp-json\/wp\/v2\/users\/29"}],"replies":[{"embeddable":true,"href":"https:\/\/blogs2.correiobraziliense.com.br\/denise\/wp-json\/wp\/v2\/comments?post=6012"}],"version-history":[{"count":1,"href":"https:\/\/blogs2.correiobraziliense.com.br\/denise\/wp-json\/wp\/v2\/posts\/6012\/revisions"}],"predecessor-version":[{"id":6013,"href":"https:\/\/blogs2.correiobraziliense.com.br\/denise\/wp-json\/wp\/v2\/posts\/6012\/revisions\/6013"}],"wp:attachment":[{"href":"https:\/\/blogs2.correiobraziliense.com.br\/denise\/wp-json\/wp\/v2\/media?parent=6012"}],"wp:term":[{"taxonomy":"category","embeddable":true,"href":"https:\/\/blogs2.correiobraziliense.com.br\/denise\/wp-json\/wp\/v2\/categories?post=6012"},{"taxonomy":"post_tag","embeddable":true,"href":"https:\/\/blogs2.correiobraziliense.com.br\/denise\/wp-json\/wp\/v2\/tags?post=6012"}],"curies":[{"name":"wp","href":"https:\/\/api.w.org\/{rel}","templated":true}]}}