{"id":6114,"date":"2020-09-23T06:52:28","date_gmt":"2020-09-23T09:52:28","guid":{"rendered":"https:\/\/blogs2.correiobraziliense.com.br\/denise\/?p=6114"},"modified":"2020-09-23T06:52:28","modified_gmt":"2020-09-23T09:52:28","slug":"no-discurso-na-onu-bolsonaro-esqueceu-de-corrupcao-e-seguranca-para-os-turistas","status":"publish","type":"post","link":"https:\/\/blogs2.correiobraziliense.com.br\/denise\/no-discurso-na-onu-bolsonaro-esqueceu-de-corrupcao-e-seguranca-para-os-turistas\/","title":{"rendered":"No discurso na ONU, Bolsonaro esqueceu de corrup\u00e7\u00e3o e seguran\u00e7a para os turistas"},"content":{"rendered":"<h6><strong>Coluna Bras\u00edlia-DF<\/strong><\/h6>\n<p>O discurso do presidente Jair Bolsonaro nas Na\u00e7\u00f5es Unidas n\u00e3o citou nem sequer uma vez o combate \u00e0 corrup\u00e7\u00e3o, nem tampouco mencionou que as cidades brasileiras representam um porto seguro para os turistas do mundo inteiro, dois pontos que faltaram se comparados \u00e0 fala presidencial de 2019.<\/p>\n<p>L\u00e1 atr\u00e1s, com nove meses e governo, Bolsonaro ainda n\u00e3o era pr\u00f3ximo do PP de Ciro Nogueira, do PTB de Roberto Jefferson e ressaltava o &#8220;patriotismo, a perseveran\u00e7a e coragem de um juiz que \u00e9 s\u00edmbolo no meu pa\u00eds, o doutor Sergio Moro, nosso atual ministro da Justi\u00e7a&#8221;.<\/p>\n<p>A seguran\u00e7a nas cidades brasileiras tamb\u00e9m foi deixada de lado. Em seu lugar, entrou a defesa das reformas, o apoio \u00e0 reforma da Organiza\u00e7\u00e3o Mundial do Com\u00e9rcio (OMC).<\/p>\n<p>Em tempo: <a href=\"https:\/\/blogs2.correiobraziliense.com.br\/denise\/heleno-e-mourao-dao-o-tom-ambiental-para-o-discurso-da-onu\/\">Conforme antecipou a coluna<\/a>, Bolsonaro desta vez n\u00e3o citou nenhum ministro. Afinal, como ele j\u00e1 pode perceber enquanto presidente da Rep\u00fablica, a velha express\u00e3o &#8220;entra comigo e sai comigo&#8221; que ele usou para nomear muita gente, j\u00e1 caiu em desuso faz tempo.<\/p>\n<h3>\n<strong>Em ano eleitoral, n\u00e3o vai<\/strong><\/h3>\n<p>Quem fez as contas garante: Com a elei\u00e7\u00e3o chegando aos lares dos brasileiros no in\u00edcio de outubro, com hor\u00e1rio eleitoral, o governo n\u00e3o ter\u00e1 votos para aprovar o aux\u00edlio emergencial de R$ 300. Ningu\u00e9m vai querer botar a cara e o nome no painel de vota\u00e7\u00f5es e arriscar levar um &#8220;cart\u00e3o vermelho&#8221;<\/p>\n<h3>\n<strong>A guerra do teto<\/strong><\/h3>\n<p>A contar pelo que disse o secret\u00e1rio de Fazenda de S\u00e3o Paulo, Henrique Meirelles, a &#8220;tenta\u00e7\u00e3o&#8221; de mexer no teto de gastos deve ser contida. No painel Telebrasil desta semana, o ex-ministro da Fazenda de Michel Temer e ex-presidente do Banco Central de Lula lembrou que \u00e9 um dos instrumentos do governo para manter a confian\u00e7a de que o pa\u00eds cuidar\u00e1 de equilibrar suas contas.<\/p>\n<h3>\n<strong>Separa\u00e7\u00e3o litigiosa<\/strong><\/h3>\n<p>Meirelles, com esse discurso, fica a anos-luz do PT de Lula. Ao lan\u00e7ar o plano de reconstru\u00e7\u00e3o nacional na segunda-feira, o PT defendeu o fim do teto de gastos e mais presen\u00e7a do estado para resolver a crise econ\u00f4mica. Meirelles se mant\u00e9m na linha de atrair investimentos.<\/p>\n<h3>\n<strong>O funil das reformas&#8230;<\/strong><\/h3>\n<p>A \u00e1rea econ\u00f4mica j\u00e1 sabe que reforma administrativa este ano n\u00e3o sai. Se alguma altera\u00e7\u00e3o constitucional for aprovada, ser\u00e1 o primeiro turno da reforma tribut\u00e1ria e olhe l\u00e1. Da\u00ed, a intensa agenda de reuni\u00f5es desta semana. A ideia \u00e9 acelerar esse processo e, se der, incluir o novo imposto sobre sobre opera\u00e7\u00f5es eletr\u00f4nicas.<\/p>\n<p><strong>Olho no lance\/<\/strong> Deputados e senadores come\u00e7am a prestar aten\u00e7\u00e3o nas grandes casas de apostas digitais que faturam bilh\u00f5es, por exemplo, com o futebol. Dados que circulam entre os parlamentares apontam R$ 4 bilh\u00f5es arrecadados na Copa do Mundo.<\/p>\n<p><strong>Agora, os elogios, talkey?\/<\/strong> A presen\u00e7a de l\u00edderes no Planalto, ontem, para acompanhar, ao lado de Bolsonaro, a exibi\u00e7\u00e3o do discurso na ONU, e j\u00e1 sa\u00edram dali com as orienta\u00e7\u00f5es na ponta da l\u00edngua para elogiar a fala presidencial.<\/p>\n<p><strong>Tens\u00e3o no Senado\/<\/strong> O jantar que o senador Izalci (PSDB-DF, foto) ofereceu, ontem, aos colegas num amplo sal\u00e3o de festas da cidade, atraiu as excel\u00eancias cansadas do isolamento, mas alguns foram com medo. Apesar do distanciamento social, sabe como \u00e9, em meio a confraterniza\u00e7\u00e3o, muita gente esquece que o Brasil ainda vive uma pandemia.<\/p>\n<p><strong>Por falar em tens\u00e3o&#8230;\/<\/strong> O discurso na ONU reavivou o mal-estar entre o presidente Jair Bolsonaro e o conselho nacional dos secret\u00e1rios de sa\u00fade (Conass). Essa hist\u00f3ria de dizer que ficou fora da coordena\u00e7\u00e3o da covid-19 foi meia-verdade.<\/p>\n","protected":false},"excerpt":{"rendered":"<p>Coluna Bras\u00edlia-DF O discurso do presidente Jair Bolsonaro nas Na\u00e7\u00f5es Unidas n\u00e3o citou nem sequer uma vez o combate \u00e0 corrup\u00e7\u00e3o, nem tampouco mencionou que as cidades brasileiras representam um porto seguro para os turistas do mundo inteiro, dois pontos que faltaram se comparados \u00e0 fala presidencial de 2019. L\u00e1 atr\u00e1s, com nove meses e [&hellip;]<\/p>\n","protected":false},"author":29,"featured_media":6115,"comment_status":"closed","ping_status":"closed","sticky":false,"template":"","format":"standard","meta":{"wpb_read_more":[],"footnotes":""},"categories":[4],"tags":[28,438,181],"class_list":["post-6114","post","type-post","status-publish","format-standard","has-post-thumbnail","hentry","category-coluna-brasilia-df","tag-bolsonaro","tag-corrupcao","tag-onu"],"_links":{"self":[{"href":"https:\/\/blogs2.correiobraziliense.com.br\/denise\/wp-json\/wp\/v2\/posts\/6114","targetHints":{"allow":["GET"]}}],"collection":[{"href":"https:\/\/blogs2.correiobraziliense.com.br\/denise\/wp-json\/wp\/v2\/posts"}],"about":[{"href":"https:\/\/blogs2.correiobraziliense.com.br\/denise\/wp-json\/wp\/v2\/types\/post"}],"author":[{"embeddable":true,"href":"https:\/\/blogs2.correiobraziliense.com.br\/denise\/wp-json\/wp\/v2\/users\/29"}],"replies":[{"embeddable":true,"href":"https:\/\/blogs2.correiobraziliense.com.br\/denise\/wp-json\/wp\/v2\/comments?post=6114"}],"version-history":[{"count":1,"href":"https:\/\/blogs2.correiobraziliense.com.br\/denise\/wp-json\/wp\/v2\/posts\/6114\/revisions"}],"predecessor-version":[{"id":6116,"href":"https:\/\/blogs2.correiobraziliense.com.br\/denise\/wp-json\/wp\/v2\/posts\/6114\/revisions\/6116"}],"wp:featuredmedia":[{"embeddable":true,"href":"https:\/\/blogs2.correiobraziliense.com.br\/denise\/wp-json\/wp\/v2\/media\/6115"}],"wp:attachment":[{"href":"https:\/\/blogs2.correiobraziliense.com.br\/denise\/wp-json\/wp\/v2\/media?parent=6114"}],"wp:term":[{"taxonomy":"category","embeddable":true,"href":"https:\/\/blogs2.correiobraziliense.com.br\/denise\/wp-json\/wp\/v2\/categories?post=6114"},{"taxonomy":"post_tag","embeddable":true,"href":"https:\/\/blogs2.correiobraziliense.com.br\/denise\/wp-json\/wp\/v2\/tags?post=6114"}],"curies":[{"name":"wp","href":"https:\/\/api.w.org\/{rel}","templated":true}]}}