{"id":6408,"date":"2020-12-14T18:29:00","date_gmt":"2020-12-14T21:29:00","guid":{"rendered":"https:\/\/blogs2.correiobraziliense.com.br\/denise\/?p=6408"},"modified":"2020-12-14T18:29:00","modified_gmt":"2020-12-14T21:29:00","slug":"bolsonaro-e-as-vacinas","status":"publish","type":"post","link":"https:\/\/blogs2.correiobraziliense.com.br\/denise\/bolsonaro-e-as-vacinas\/","title":{"rendered":"Ao liberar R$ 20 bilh\u00f5es para as vacinas, Bolsonaro espera sair da discuss\u00e3o pol\u00edtica sobre o tema"},"content":{"rendered":"<p>    Ao governador do Esp\u00edrito Santo, Renato Casagrande, o presidente Jair Bolsonaro assegurou que sai ainda hoje a medida que destinar\u00e1 R$ 20 bilh\u00f5es para compra de vacinas contra Covid-19, &#8220;e para todas, desde que autorizadas pela Anvisa&#8221;. Assim, o discurso presidencial est\u00e1 pronto: &#8220;Eu liberei os recursos, fiz a minha parte, agora os t\u00e9cnicos que resolvam&#8221;. Quanto \u00e0s \u00e1reas t\u00e9cnicas, entretanto, a hist\u00f3ria \u00e9 outra. N\u00e3o por acaso, hoje o governador de S\u00e3o Paulo, Jo\u00e3o D\u00f3ria, disse inclusive que n\u00e3o ser\u00e1 poss\u00edvel os servidores da Anvisa fecharem tudo na ag\u00eancia e partirem para um recesso de fim de ano, com a popula\u00e7\u00e3o esperando a vacina.<\/p>\n<p>   Bolsonaro considera que, ao liberar os recursos, vai sair dessa discuss\u00e3o, deixando que D\u00f3ria fa\u00e7a a guerra politica com os t\u00e9cnicos. Afinal, o presidente sempre poder\u00e1 dizer que essa \u00e1rea de efic\u00e1cia das vacinas n\u00e3o \u00e9 a sua e, portanto, ele n\u00e3o pode dar opini\u00e3o sobre a vacina A ou B. <\/p>\n<p>   Essa postura, por\u00e9m, n\u00e3o significa que Bolsonaro deixar\u00e1 de polemizar com Jo\u00e3o D\u00f3ria. Na avalia\u00e7\u00e3o dos mais ass\u00edduos frequentadores do Planalto, D\u00f3ria \u00e9 hoje o pr\u00e9-candidato a presidente da Rep\u00fablica com uma visibilidade t\u00e3o grande quanto a do presidente Jair Bolsonaro e, justi\u00e7a seja feita, est\u00e1 com o discurso de que trabalhou muito em busca da vacina, algo que Bolsonaro ainda n\u00e3o levou para o seu portf\u00f3lio rumo a 2022. Agora, com a libera\u00e7\u00e3o dos recursos, acredita ter encontrado um discurso. O jogo da reelei\u00e7\u00e3o ainda est\u00e1 longe, mas est\u00e3o todos em constru\u00e7\u00e3o de ativos para o futuro.<\/p>\n","protected":false},"excerpt":{"rendered":"<p>Ao governador do Esp\u00edrito Santo, Renato Casagrande, o presidente Jair Bolsonaro assegurou que sai ainda hoje a medida que destinar\u00e1 R$ 20 bilh\u00f5es para compra de vacinas contra Covid-19, &#8220;e para todas, desde que autorizadas pela Anvisa&#8221;. Assim, o discurso presidencial est\u00e1 pronto: &#8220;Eu liberei os recursos, fiz a minha parte, agora os t\u00e9cnicos que [&hellip;]<\/p>\n","protected":false},"author":29,"featured_media":0,"comment_status":"closed","ping_status":"closed","sticky":false,"template":"","format":"standard","meta":{"wpb_read_more":[],"footnotes":""},"categories":[501],"tags":[],"class_list":["post-6408","post","type-post","status-publish","format-standard","hentry","category-vacinas-coronavirus"],"_links":{"self":[{"href":"https:\/\/blogs2.correiobraziliense.com.br\/denise\/wp-json\/wp\/v2\/posts\/6408","targetHints":{"allow":["GET"]}}],"collection":[{"href":"https:\/\/blogs2.correiobraziliense.com.br\/denise\/wp-json\/wp\/v2\/posts"}],"about":[{"href":"https:\/\/blogs2.correiobraziliense.com.br\/denise\/wp-json\/wp\/v2\/types\/post"}],"author":[{"embeddable":true,"href":"https:\/\/blogs2.correiobraziliense.com.br\/denise\/wp-json\/wp\/v2\/users\/29"}],"replies":[{"embeddable":true,"href":"https:\/\/blogs2.correiobraziliense.com.br\/denise\/wp-json\/wp\/v2\/comments?post=6408"}],"version-history":[{"count":1,"href":"https:\/\/blogs2.correiobraziliense.com.br\/denise\/wp-json\/wp\/v2\/posts\/6408\/revisions"}],"predecessor-version":[{"id":6409,"href":"https:\/\/blogs2.correiobraziliense.com.br\/denise\/wp-json\/wp\/v2\/posts\/6408\/revisions\/6409"}],"wp:attachment":[{"href":"https:\/\/blogs2.correiobraziliense.com.br\/denise\/wp-json\/wp\/v2\/media?parent=6408"}],"wp:term":[{"taxonomy":"category","embeddable":true,"href":"https:\/\/blogs2.correiobraziliense.com.br\/denise\/wp-json\/wp\/v2\/categories?post=6408"},{"taxonomy":"post_tag","embeddable":true,"href":"https:\/\/blogs2.correiobraziliense.com.br\/denise\/wp-json\/wp\/v2\/tags?post=6408"}],"curies":[{"name":"wp","href":"https:\/\/api.w.org\/{rel}","templated":true}]}}