{"id":6422,"date":"2020-12-16T11:54:39","date_gmt":"2020-12-16T14:54:39","guid":{"rendered":"https:\/\/blogs2.correiobraziliense.com.br\/denise\/?p=6422"},"modified":"2020-12-16T13:06:06","modified_gmt":"2020-12-16T16:06:06","slug":"bolsonaro-tenta-isolar-doria","status":"publish","type":"post","link":"https:\/\/blogs2.correiobraziliense.com.br\/denise\/bolsonaro-tenta-isolar-doria\/","title":{"rendered":"Bolsonaro tenta isolar D\u00f3ria"},"content":{"rendered":"<p>    O lan\u00e7amento do Plano Nacional de Vacina\u00e7\u00e3o contra covid-19 do Minist\u00e9rio da Sa\u00fade era para ser apenas um evento t\u00e9cnico. O presidente Jair Bolsonaro fez quest\u00e3o de transferir o lan\u00e7amento para o Planalto, chamando governadores e parlamentares. O de S\u00e3o Paulo, Jo\u00e3o D\u00f3ria, que faz anivers\u00e1rio hoje, n\u00e3o compareceu. Paralelamente, o governador paulista negocia com v\u00e1rios governadores a Coronavac, produzida pelo Instituto Butant\u00e3.<\/p>\n<p>   Na seara politica, D\u00f3ria tem nadado de bra\u00e7ada no tema vacinas. Especialmente, depois da noticia de que a principal aposta do governo federal, a vacina de Oxford, da AstraZeneca, vai atrasar. O governo tamb\u00e9m d\u00e1 todos os sinais de que n\u00e3o deixar\u00e1 D\u00f3ria cumprir a data de 25 de janeiro para come\u00e7ar a vacina\u00e7\u00e3o em S\u00e3o Paulo.&#8221;S\u00f3 ser\u00e1 concreto, e a partir da\u00ed, temos a obriga\u00e7\u00e3o de cumprir prazos, quando tivermos registrada a vacina&#8221;, diz o ministro da Sa\u00fade, Eduardo Pazuello, ao comentar que esse registro n\u00e3o ser\u00e1 feito da noite para o dia. &#8220;AstraZeneca, temos transfer\u00eancia de tecnologia. Com Butant\u00e3, sinalizamos a compra. Pela lei, s\u00f3 posso efetivar o pagamento do que for registrado. Nunca deixamos de trabalhar com o Butant\u00e3, continuamos lidando tecnicamente com o instituto&#8221;, diz o ministro.<\/p>\n<p>   nas internas, os parlamentares informam que o script est\u00e1 posto: O governo far\u00e1 tudo o que puder para deixar Jo\u00e3o D\u00f3ria na posi\u00e7\u00e3o ter que explicar por que n\u00e3o cumprir\u00e1 o cronograma. Obviamente, ele jogar\u00e1 a responsabilidade para o Minist\u00e9rio da Saude. Essa guerra pol\u00edtica vai adentrar 2021, avisam os pol\u00edticos mais atentos \u00e0 disputa de 2022, que j\u00e1 pauta movimentos dos principais atores em todas as \u00e1reas. Infelizmente, at\u00e9 nas vacinas.  <\/p>\n","protected":false},"excerpt":{"rendered":"<p>O lan\u00e7amento do Plano Nacional de Vacina\u00e7\u00e3o contra covid-19 do Minist\u00e9rio da Sa\u00fade era para ser apenas um evento t\u00e9cnico. O presidente Jair Bolsonaro fez quest\u00e3o de transferir o lan\u00e7amento para o Planalto, chamando governadores e parlamentares. O de S\u00e3o Paulo, Jo\u00e3o D\u00f3ria, que faz anivers\u00e1rio hoje, n\u00e3o compareceu. Paralelamente, o governador paulista negocia com [&hellip;]<\/p>\n","protected":false},"author":29,"featured_media":0,"comment_status":"closed","ping_status":"closed","sticky":false,"template":"","format":"standard","meta":{"wpb_read_more":[],"footnotes":""},"categories":[501],"tags":[],"class_list":["post-6422","post","type-post","status-publish","format-standard","hentry","category-vacinas-coronavirus"],"_links":{"self":[{"href":"https:\/\/blogs2.correiobraziliense.com.br\/denise\/wp-json\/wp\/v2\/posts\/6422","targetHints":{"allow":["GET"]}}],"collection":[{"href":"https:\/\/blogs2.correiobraziliense.com.br\/denise\/wp-json\/wp\/v2\/posts"}],"about":[{"href":"https:\/\/blogs2.correiobraziliense.com.br\/denise\/wp-json\/wp\/v2\/types\/post"}],"author":[{"embeddable":true,"href":"https:\/\/blogs2.correiobraziliense.com.br\/denise\/wp-json\/wp\/v2\/users\/29"}],"replies":[{"embeddable":true,"href":"https:\/\/blogs2.correiobraziliense.com.br\/denise\/wp-json\/wp\/v2\/comments?post=6422"}],"version-history":[{"count":3,"href":"https:\/\/blogs2.correiobraziliense.com.br\/denise\/wp-json\/wp\/v2\/posts\/6422\/revisions"}],"predecessor-version":[{"id":6425,"href":"https:\/\/blogs2.correiobraziliense.com.br\/denise\/wp-json\/wp\/v2\/posts\/6422\/revisions\/6425"}],"wp:attachment":[{"href":"https:\/\/blogs2.correiobraziliense.com.br\/denise\/wp-json\/wp\/v2\/media?parent=6422"}],"wp:term":[{"taxonomy":"category","embeddable":true,"href":"https:\/\/blogs2.correiobraziliense.com.br\/denise\/wp-json\/wp\/v2\/categories?post=6422"},{"taxonomy":"post_tag","embeddable":true,"href":"https:\/\/blogs2.correiobraziliense.com.br\/denise\/wp-json\/wp\/v2\/tags?post=6422"}],"curies":[{"name":"wp","href":"https:\/\/api.w.org\/{rel}","templated":true}]}}