{"id":6562,"date":"2021-01-20T18:15:18","date_gmt":"2021-01-20T21:15:18","guid":{"rendered":"https:\/\/blogs2.correiobraziliense.com.br\/denise\/?p=6562"},"modified":"2021-01-20T18:15:18","modified_gmt":"2021-01-20T21:15:18","slug":"com-carta-a-biden-bolsonaro-tenta-sair-do-isolamento-no-cenario-internacional","status":"publish","type":"post","link":"https:\/\/blogs2.correiobraziliense.com.br\/denise\/com-carta-a-biden-bolsonaro-tenta-sair-do-isolamento-no-cenario-internacional\/","title":{"rendered":"Com carta a Biden, Bolsonaro tenta sair do isolamento no cen\u00e1rio internacional"},"content":{"rendered":"<p>   Nunca antes na hist\u00f3ria do Brasil, o pa\u00eds esteve t\u00e3o isolado no cen\u00e1rio internacional e precisando justamente daqueles que tanto atacou nos \u00faltimos tempos. E, do Itamaraty, v\u00eam informa\u00e7\u00f5es de que ou o Brasil muda sua forma de atua\u00e7\u00e3o ou ter\u00e1 problemas. Jair Bolsonaro jogou todas as fichas em Donald Trump e colocou um p\u00e9 no palanque do ex-presidente dos Estados Unidos a receber, em setembro do ano passado, em plena campanha para a Presid\u00eancia dos Estados Unidos, o secret\u00e1rio de Estado, Mike Pompeo, na fronteira com a Venezuela. O encontro foi lido \u00e0 \u00e9poca como uma forma de Bolsonaro dar uma forcinha a Trump junto ao eleitorado latino. Agora, com Trump descansando na Fl\u00f3rida, Bolsonaro ter\u00e1 que trabalhar muito a fim de tentar conquistar o respeito do novo presidente dos Estados Unidos, Joe Biden. Da\u00ed, o envio de uma carta e os parab\u00e9ns a Biden pelas redes sociais.<\/p>\n<p>   A carta enviada por Bolsonaro ao novo presidente \u00e9 uma esp\u00e9cie de bandeira branca. O presidente brasileiro n\u00e3o consegue sequer acertar com a \u00cdndia o envio imediato das vacinas, e ainda ver\u00e1 o novo presidente dos Estados Unidos se juntar aos pa\u00edses europeus que h\u00e1 tempos cobram um cuidado maior do governo brasileiro em rela\u00e7\u00e3o \u00e0 Amaz\u00f4nia. Para quem disse que, quando acabasse a &#8220;saliva&#8221; teria que ter &#8220;p\u00f3lvora&#8221;, o presidente brasileiro d\u00e1 sinais de que deixou de lado essas bravatas e est\u00e1 disposto a manter uma rela\u00e7\u00e3o cordial e respeitosa com os Estados Unidos. Melhor assim. <\/p>\n","protected":false},"excerpt":{"rendered":"<p>Nunca antes na hist\u00f3ria do Brasil, o pa\u00eds esteve t\u00e3o isolado no cen\u00e1rio internacional e precisando justamente daqueles que tanto atacou nos \u00faltimos tempos. E, do Itamaraty, v\u00eam informa\u00e7\u00f5es de que ou o Brasil muda sua forma de atua\u00e7\u00e3o ou ter\u00e1 problemas. Jair Bolsonaro jogou todas as fichas em Donald Trump e colocou um p\u00e9 [&hellip;]<\/p>\n","protected":false},"author":29,"featured_media":0,"comment_status":"closed","ping_status":"closed","sticky":false,"template":"","format":"standard","meta":{"wpb_read_more":[],"footnotes":""},"categories":[517],"tags":[],"class_list":["post-6562","post","type-post","status-publish","format-standard","hentry","category-bolsonaro-biden"],"_links":{"self":[{"href":"https:\/\/blogs2.correiobraziliense.com.br\/denise\/wp-json\/wp\/v2\/posts\/6562","targetHints":{"allow":["GET"]}}],"collection":[{"href":"https:\/\/blogs2.correiobraziliense.com.br\/denise\/wp-json\/wp\/v2\/posts"}],"about":[{"href":"https:\/\/blogs2.correiobraziliense.com.br\/denise\/wp-json\/wp\/v2\/types\/post"}],"author":[{"embeddable":true,"href":"https:\/\/blogs2.correiobraziliense.com.br\/denise\/wp-json\/wp\/v2\/users\/29"}],"replies":[{"embeddable":true,"href":"https:\/\/blogs2.correiobraziliense.com.br\/denise\/wp-json\/wp\/v2\/comments?post=6562"}],"version-history":[{"count":1,"href":"https:\/\/blogs2.correiobraziliense.com.br\/denise\/wp-json\/wp\/v2\/posts\/6562\/revisions"}],"predecessor-version":[{"id":6563,"href":"https:\/\/blogs2.correiobraziliense.com.br\/denise\/wp-json\/wp\/v2\/posts\/6562\/revisions\/6563"}],"wp:attachment":[{"href":"https:\/\/blogs2.correiobraziliense.com.br\/denise\/wp-json\/wp\/v2\/media?parent=6562"}],"wp:term":[{"taxonomy":"category","embeddable":true,"href":"https:\/\/blogs2.correiobraziliense.com.br\/denise\/wp-json\/wp\/v2\/categories?post=6562"},{"taxonomy":"post_tag","embeddable":true,"href":"https:\/\/blogs2.correiobraziliense.com.br\/denise\/wp-json\/wp\/v2\/tags?post=6562"}],"curies":[{"name":"wp","href":"https:\/\/api.w.org\/{rel}","templated":true}]}}