{"id":6837,"date":"2021-03-26T17:18:52","date_gmt":"2021-03-26T20:18:52","guid":{"rendered":"https:\/\/blogs2.correiobraziliense.com.br\/denise\/?p=6837"},"modified":"2021-03-26T17:18:52","modified_gmt":"2021-03-26T20:18:52","slug":"a-boa-corrida-das-vacinas","status":"publish","type":"post","link":"https:\/\/blogs2.correiobraziliense.com.br\/denise\/a-boa-corrida-das-vacinas\/","title":{"rendered":"A boa corrida das vacinas"},"content":{"rendered":"<p>    Desde o ano passado, o ministro da Ci\u00eancia e Tecnologia, Marcos Pontes, aposta na vacina brasileira contra a covid-19. Em entrevistas, ele sempre mencionava seis promessas nesse campo, entre as quais esta desenvolvida em parceria pela faculdade de Ribeir\u00e3o Preto. O governo, por\u00e9m, demorou para bater bumbo sobre essas pesquisas, da mesma forma que demorou a apostar nas vacinas. O governo falhou nessa comunica\u00e7\u00e3o e tamb\u00e9m na pol\u00edtica. Agora, diante do an\u00fancio da ButanVAc, 100% brasileira, produzia pelo Butantan e pronta para entrar em fase de testes, vem o governo e aponta outro imunizante no mesmo patamar de pesquisa, trazendo tamb\u00e9m para a popula\u00e7\u00e3o uma not\u00edcia t\u00e3o boa quanto o an\u00fancio feito hoje cedo pelo governador de S\u00e3o Paulo, Jo\u00e3o D\u00f3ria.<\/p>\n<p>    Politicamente, a ordem no governo \u00e9 &#8220;n\u00e3o se pode ficar atr\u00e1s do D\u00f3ria&#8221;. Afinal, desde que D\u00f3ria anunciou a compra da Coronavac, pelo Instituto Butantan, no ano passado, o presidente Jair Bolsonaro reagiu contra o imunizante. Disse com todas as letras que a &#8220;vacina chinesa do D\u00f3ria&#8221; n\u00e3o seria comprada e inclusive, desautorizou o ent\u00e3o ministro da Sa\u00fade, Eduardo Pazuello, a assinar contrato com o Butantan para a compra de 46 milh\u00f5es de doses. A aposta de Bolsonaro \u00e0quela altura era em rem\u00e9dios para combater a doen\u00e7a e n\u00e3o em vacinas. Em dezembro do ano passado, chegou a dizer que se a pessoa que tomasse vacina virasse &#8220;jacar\u00e9&#8221;, ele n\u00e3o teria nada a ver com isso, e ainda afirmou que n\u00e3o tomaria a vacina. Na porta do Alvorada, apoiadores chegaram a entoar uma m\u00fasica para a &#8220;cloroquina&#8221;. <\/p>\n<p>    Diante da chegada da CoronaVac, Bolsonaro n\u00e3o teve sa\u00edda, sen\u00e3o se render \u00e0 &#8220;vacina chinesa do D\u00f3ria&#8221;, a que pa\u00eds tinha naquele momento para vacinar a sua popula\u00e7\u00e3o, um p\u00fablico que, como crian\u00e7a do lado de fora da loja de doces, via pela tev\u00ea muitos pa\u00edses imunizando seus cidad\u00e3os. Em seguida, chegou a da AstraZeneca, a aposta do governo federal, produzida em parceria em a Fiocruz e s\u00e3o essas duas vacinas que est\u00e3o hoje \u00e0 disposi\u00e7\u00e3o dos brasileiros.<\/p>\n<p>   Agora, com a fase de testes da vacina brasileira, a aposta \u00e9 a de que, no futuro, teremos, em rela\u00e7\u00e3o \u00e0 covid, a situa\u00e7\u00e3o que temos hoje em rela\u00e7\u00e3o \u00e0 gripe. Enquanto a disputa pol\u00edtica beneficiar a popula\u00e7\u00e3o, ser\u00e1 bem-vinda. Que venham mais vacinas. <\/p>\n","protected":false},"excerpt":{"rendered":"<p>Desde o ano passado, o ministro da Ci\u00eancia e Tecnologia, Marcos Pontes, aposta na vacina brasileira contra a covid-19. Em entrevistas, ele sempre mencionava seis promessas nesse campo, entre as quais esta desenvolvida em parceria pela faculdade de Ribeir\u00e3o Preto. O governo, por\u00e9m, demorou para bater bumbo sobre essas pesquisas, da mesma forma que demorou [&hellip;]<\/p>\n","protected":false},"author":29,"featured_media":0,"comment_status":"closed","ping_status":"closed","sticky":false,"template":"","format":"standard","meta":{"wpb_read_more":[],"footnotes":""},"categories":[545],"tags":[],"class_list":["post-6837","post","type-post","status-publish","format-standard","hentry","category-vacinas-covid-19"],"_links":{"self":[{"href":"https:\/\/blogs2.correiobraziliense.com.br\/denise\/wp-json\/wp\/v2\/posts\/6837","targetHints":{"allow":["GET"]}}],"collection":[{"href":"https:\/\/blogs2.correiobraziliense.com.br\/denise\/wp-json\/wp\/v2\/posts"}],"about":[{"href":"https:\/\/blogs2.correiobraziliense.com.br\/denise\/wp-json\/wp\/v2\/types\/post"}],"author":[{"embeddable":true,"href":"https:\/\/blogs2.correiobraziliense.com.br\/denise\/wp-json\/wp\/v2\/users\/29"}],"replies":[{"embeddable":true,"href":"https:\/\/blogs2.correiobraziliense.com.br\/denise\/wp-json\/wp\/v2\/comments?post=6837"}],"version-history":[{"count":1,"href":"https:\/\/blogs2.correiobraziliense.com.br\/denise\/wp-json\/wp\/v2\/posts\/6837\/revisions"}],"predecessor-version":[{"id":6838,"href":"https:\/\/blogs2.correiobraziliense.com.br\/denise\/wp-json\/wp\/v2\/posts\/6837\/revisions\/6838"}],"wp:attachment":[{"href":"https:\/\/blogs2.correiobraziliense.com.br\/denise\/wp-json\/wp\/v2\/media?parent=6837"}],"wp:term":[{"taxonomy":"category","embeddable":true,"href":"https:\/\/blogs2.correiobraziliense.com.br\/denise\/wp-json\/wp\/v2\/categories?post=6837"},{"taxonomy":"post_tag","embeddable":true,"href":"https:\/\/blogs2.correiobraziliense.com.br\/denise\/wp-json\/wp\/v2\/tags?post=6837"}],"curies":[{"name":"wp","href":"https:\/\/api.w.org\/{rel}","templated":true}]}}