{"id":6966,"date":"2021-04-22T19:15:11","date_gmt":"2021-04-22T22:15:11","guid":{"rendered":"https:\/\/blogs2.correiobraziliense.com.br\/denise\/?p=6966"},"modified":"2021-04-22T19:15:11","modified_gmt":"2021-04-22T22:15:11","slug":"katia-abreu-quer-fim-do-desmatamento-ilegal-em-2025","status":"publish","type":"post","link":"https:\/\/blogs2.correiobraziliense.com.br\/denise\/katia-abreu-quer-fim-do-desmatamento-ilegal-em-2025\/","title":{"rendered":"K\u00e1tia Abreu quer fim do desmatamento ilegal em 2025"},"content":{"rendered":"<p>    Presidente da Comiss\u00e3o de Rela\u00e7\u00f5es Exteriores do Senado, a senadora K\u00e1tia Abreu (PDT_TO), acaba de anunciar que pretende apresentar um projeto de lei para que o Brasil seja mais ousado na meta do desmatamento ilegal. &#8220;As metas de redu\u00e7\u00e3o de emiss\u00f5es e de elimina\u00e7\u00e3o do desmatamento ilegal n\u00e3o s\u00e3o um \u00f4nus para o Pa\u00eds, mas sim prote\u00e7\u00e3o aos brasileiros e brasileiras, ao nosso planeta e a todos os seres humanos. Tanto que devemos ser ainda mais ousados. Podemos antecipar a meta brasileira para elimina\u00e7\u00e3o do desmatamento ilegal e avan\u00e7ar mais rapidamente, at\u00e9 2025, com a redu\u00e7\u00e3o de nossas emiss\u00f5es. J\u00e1 demonstramos no passado que temos condi\u00e7\u00f5es de avan\u00e7ar nessa dire\u00e7\u00e3o&#8221;, diz em nota divulgada h\u00e1 pouco.<\/p>\n<p>    Ela elogiou a mudan\u00e7a de tom do governo brasileiro, atribuindo o fato \u00e0 &#8220;linha mais equilibrada&#8221; do atual comando do Itamaraty. \u00c9 um passo importante, em se tratando de uma senadora que tem severas cr\u00edticas \u00e0 pol\u00edtica externa adotada pelo governo. Sinal de que a partir de agora haver\u00e1 di\u00e1logo entre a Comiss\u00e3o de Rela\u00e7\u00f5es Exteriores do Senado e o Itamaraty, algo que era considerado quase que imposs\u00edvel no per\u00edodo do &#8220;ex-Ernesto&#8221;, como K\u00e1tia Abreu chama o ex-chanceler Ernesto Ara\u00fajo. A seguir, a \u00edntegra da nota divulgada pela senadora <\/p>\n<p>NOTA \u00c0 IMPRENSA \u2013 C\u00fapula do Clima <\/p>\n<p>Na condi\u00e7\u00e3o de Senadora da Rep\u00fablica que preside a Comiss\u00e3o de Rela\u00e7\u00f5es Exteriores e Defesa Nacional \u2013 CRE do Senado Federal, e como representante do agroneg\u00f3cio brasileiro h\u00e1 mais de 30 anos, venho a p\u00fablico fazer as seguintes avalia\u00e7\u00f5es sobre a C\u00fapula do Clima e a participa\u00e7\u00e3o do Brasil no evento: <\/p>\n<p>1) Este encontro com representantes das principais na\u00e7\u00f5es chama a aten\u00e7\u00e3o de toda a humanidade pela relev\u00e2ncia do tema e para a necessidade de trabalharmos juntos no sentido de reduzir o aquecimento global, mitigar a mudan\u00e7a do clima e promover o desenvolvimento sustent\u00e1vel e inclusivo. Esta mobiliza\u00e7\u00e3o \u00e9 uma oportunidade para o Brasil sair da lista dos dez pa\u00edses mais emissores de gases do efeito estufa e mostrar ao mundo disposi\u00e7\u00e3o e capacidade de: a) eliminar por completo o desmatamento ilegal; b) preservar a Floresta Amaz\u00f4nia e nossa biodiversidade; e, c) refor\u00e7ar as nossas vantagens competitivas na \u00e1rea da produ\u00e7\u00e3o sustent\u00e1vel de alimentos.<\/p>\n<p>2) A interven\u00e7\u00e3o brasileira foi positiva, na linha equilibrada do atual comando do Itamaraty, sem exig\u00eancias inoportunas de contrapartidas financeiras, que poderiam ser vistas como um \u201ctoma-l\u00e1-d\u00e1-c\u00e1\u201d. Cumpre ressaltar, conforme foi feito, a necessidade de rela\u00e7\u00f5es maduras e justas na comunidade internacional, com maior \u00eanfase nas iniciativas de coopera\u00e7\u00e3o para o desenvolvimento sustent\u00e1vel e o desenvolvimento dos mecanismos de remunera\u00e7\u00e3o de servi\u00e7os ambientais.<\/p>\n<p>3) As metas de redu\u00e7\u00e3o de emiss\u00f5es e de elimina\u00e7\u00e3o do desmatamento ilegal n\u00e3o s\u00e3o um \u00f4nus para o Pa\u00eds, mas sim prote\u00e7\u00e3o aos brasileiros e brasileiras, ao nosso planeta e a todos os seres humanos. Tanto que devemos ser ainda mais ousados. Podemos antecipar a meta brasileira para elimina\u00e7\u00e3o do desmatamento ilegal e avan\u00e7ar mais rapidamente, at\u00e9 2025, com a redu\u00e7\u00e3o de nossas emiss\u00f5es. J\u00e1 demonstramos no passado que temos condi\u00e7\u00f5es de avan\u00e7ar nessa dire\u00e7\u00e3o.<\/p>\n<p>4) Para fazer frente ao desafio ambiental, o Brasil tem hoje diante de si duas vertentes complementares: o agroneg\u00f3cio sustent\u00e1vel e a nova economia dos mercados de carbono. Estrategicamente, pensemos o pa\u00eds como um grupo empresarial, com empresas diferentes atuando nestes dois mercados sendo o agroneg\u00f3cio uma empresa s\u00f3lida, l\u00edder de mercado, com d\u00e9cadas de estrutura\u00e7\u00e3o e posicionamento de marca.<\/p>\n<p>5) Ao agroneg\u00f3cio cumpre seguir o caminho da atualiza\u00e7\u00e3o, de adequa\u00e7\u00e3o \u00e0 sustentabilidade, de atendimento \u00e0s expectativas dos clientes. J\u00e1 a nova economia dos mercados de carbono \u00e9 uma inova\u00e7\u00e3o, um mercado em estrutura\u00e7\u00e3o, para o qual o Brasil precisa se preparar. Portanto, a melhor estrat\u00e9gia de neg\u00f3cios para o Brasil consiste em n\u00e3o vincular essas duas vertentes, mas conduzi-las, de modo aut\u00f4nomo, e cada uma no seu ritmo natural.<\/p>\n<p>6) A elimina\u00e7\u00e3o do desmatamento ilegal, o pleno cumprimento do C\u00f3digo Florestal e os cuidados com a Floresta Amaz\u00f4nica e suas popula\u00e7\u00f5es s\u00e3o elementos indispens\u00e1veis para fortalecer a reputa\u00e7\u00e3o do agroneg\u00f3cio sustent\u00e1vel brasileiro, para destravar importantes negocia\u00e7\u00f5es econ\u00f4micas internacionais e para abrir novos mercados para nossas exporta\u00e7\u00f5es.<\/p>\n<p>7) Pretendo propor ao Senado um projeto de lei para antecipar nossa meta para o fim do desmatamento ilegal at\u00e9 2025. Assim aumentaremos as vantagens competitivas do Brasil no mercado internacional.  Tenho orgulho de ter sido uma das principais respons\u00e1veis pelas atuais normas do C\u00f3digo Florestal Brasileiro, uma das leis mais avan\u00e7adas do mundo. Sei o tanto que o povo brasileiro tem se esfor\u00e7ado para fazer do Brasil a pot\u00eancia ambiental e, ao mesmo tempo, uma das maiores pot\u00eancias agr\u00edcolas do mundo. O Brasil \u00e9 capaz. E tem sido capaz, com a\u00e7\u00e3o e trabalho, ao longo de sua hist\u00f3ria.<\/p>\n<p>Bras\u00edlia, 22 de abril de 2021<br \/>\nSenadora K\u00e1tia Abreu (PP-TO)\/Presidente da Comiss\u00e3o de Rela\u00e7\u00f5es Exteriores e Defesa Nacional \u2013 CRE do Senado Federal<\/p>\n","protected":false},"excerpt":{"rendered":"<p>Presidente da Comiss\u00e3o de Rela\u00e7\u00f5es Exteriores do Senado, a senadora K\u00e1tia Abreu (PDT_TO), acaba de anunciar que pretende apresentar um projeto de lei para que o Brasil seja mais ousado na meta do desmatamento ilegal. &#8220;As metas de redu\u00e7\u00e3o de emiss\u00f5es e de elimina\u00e7\u00e3o do desmatamento ilegal n\u00e3o s\u00e3o um \u00f4nus para o Pa\u00eds, mas [&hellip;]<\/p>\n","protected":false},"author":29,"featured_media":0,"comment_status":"closed","ping_status":"closed","sticky":false,"template":"","format":"standard","meta":{"wpb_read_more":[],"footnotes":""},"categories":[556],"tags":[],"class_list":["post-6966","post","type-post","status-publish","format-standard","hentry","category-cupula-do-clima"],"_links":{"self":[{"href":"https:\/\/blogs2.correiobraziliense.com.br\/denise\/wp-json\/wp\/v2\/posts\/6966","targetHints":{"allow":["GET"]}}],"collection":[{"href":"https:\/\/blogs2.correiobraziliense.com.br\/denise\/wp-json\/wp\/v2\/posts"}],"about":[{"href":"https:\/\/blogs2.correiobraziliense.com.br\/denise\/wp-json\/wp\/v2\/types\/post"}],"author":[{"embeddable":true,"href":"https:\/\/blogs2.correiobraziliense.com.br\/denise\/wp-json\/wp\/v2\/users\/29"}],"replies":[{"embeddable":true,"href":"https:\/\/blogs2.correiobraziliense.com.br\/denise\/wp-json\/wp\/v2\/comments?post=6966"}],"version-history":[{"count":1,"href":"https:\/\/blogs2.correiobraziliense.com.br\/denise\/wp-json\/wp\/v2\/posts\/6966\/revisions"}],"predecessor-version":[{"id":6967,"href":"https:\/\/blogs2.correiobraziliense.com.br\/denise\/wp-json\/wp\/v2\/posts\/6966\/revisions\/6967"}],"wp:attachment":[{"href":"https:\/\/blogs2.correiobraziliense.com.br\/denise\/wp-json\/wp\/v2\/media?parent=6966"}],"wp:term":[{"taxonomy":"category","embeddable":true,"href":"https:\/\/blogs2.correiobraziliense.com.br\/denise\/wp-json\/wp\/v2\/categories?post=6966"},{"taxonomy":"post_tag","embeddable":true,"href":"https:\/\/blogs2.correiobraziliense.com.br\/denise\/wp-json\/wp\/v2\/tags?post=6966"}],"curies":[{"name":"wp","href":"https:\/\/api.w.org\/{rel}","templated":true}]}}