{"id":859,"date":"2016-08-30T01:38:45","date_gmt":"2016-08-30T04:38:45","guid":{"rendered":"https:\/\/blogs2.correiobraziliense.com.br\/denise\/?p=859"},"modified":"2016-08-30T01:38:45","modified_gmt":"2016-08-30T04:38:45","slug":"dilma-vai-bem-mas-nao-vira-votos","status":"publish","type":"post","link":"https:\/\/blogs2.correiobraziliense.com.br\/denise\/dilma-vai-bem-mas-nao-vira-votos\/","title":{"rendered":"Dilma vai bem, mas n\u00e3o vira votos"},"content":{"rendered":"<p>   Nove em cada dez senadores ouvidos pelo blog consideraram que Dilma cumpriu o seu papel nas 14 horas de exposi\u00e7\u00e3o no Senado. Por\u00e9m, diante de um colegiado que j\u00e1 est\u00e1 &#8220;com a cabe\u00e7a feita&#8221;, o saldo do dia foi o gesto de comparecer ao Parlamento, numa demonstra\u00e7\u00e3o de apre\u00e7o ao Legislativo, algo que Dilma raramente demonstrou enquanto comandava o pa\u00eds. Quanto aos votos, que era o que Dilma mais queria, o Senado ficar\u00e1 devendo. O governo Temer calcula ter fechados 59 votos pr\u00f3-impeachment, podendo chegar a 61. J\u00e1 o governo Dilma,que obteve 21 na pron\u00fancia do processo, ter\u00e1, na melhor das hip\u00f3teses, 22 votos. <\/p>\n<p>   As primeiras horas da presen\u00e7a de Dilma no Parlamento foram consideradas um gol de placa pelo PT. Ela acertou no tom, abordou todos os temas, foi incisiva sem ser arrogante ou agressiva. Ao longo dia, entretanto, Dilma foi ficando cada vez mais Dilma. Como se ainda estivesse com a faca e o queijo do poder nas m\u00e3os, o que fazcom que muitos permane\u00e7am refrat\u00e1rios.<br \/>\n   Os ex-ministros do governo e o presidente do PT,Rui Falc\u00e3o, ficaram at\u00e9 o \u00faltimo minuto. Lula saiu antes. Iria participar de um ato pr\u00f3-Dilma. O ex-presidente acompanha, conversa com senadores, ficar\u00e1 ao lado dela, mas tamb\u00e9m n\u00f5 acredita muito em milagres.<br \/>\n    Depois de acompanhar a exposi\u00e7\u00e3o de Dilma ao longo do dia, a c\u00fapula petista praticamente considerou cumprida a sua miss\u00e3o com Dilma. No geral, os petistas querem agora virar essa p\u00e1gina e partir para a oposic\u00e3o. Com a economia em frangalhos, dizem alguns, o melhor mesmo \u00e9 ficar agora na posi\u00e7\u00e3o de ataque ao governo em exerc\u00edcio e trabalhar para voltar em 18.  <\/p>\n","protected":false},"excerpt":{"rendered":"<p>Nove em cada dez senadores ouvidos pelo blog consideraram que Dilma cumpriu o seu papel nas 14 horas de exposi\u00e7\u00e3o no Senado. Por\u00e9m, diante de um colegiado que j\u00e1 est\u00e1 &#8220;com a cabe\u00e7a feita&#8221;, o saldo do dia foi o gesto de comparecer ao Parlamento, numa demonstra\u00e7\u00e3o de apre\u00e7o ao Legislativo, algo que Dilma raramente [&hellip;]<\/p>\n","protected":false},"author":29,"featured_media":0,"comment_status":"closed","ping_status":"closed","sticky":false,"template":"","format":"standard","meta":{"wpb_read_more":[],"footnotes":""},"categories":[5],"tags":[],"class_list":["post-859","post","type-post","status-publish","format-standard","hentry","category-politica"],"_links":{"self":[{"href":"https:\/\/blogs2.correiobraziliense.com.br\/denise\/wp-json\/wp\/v2\/posts\/859","targetHints":{"allow":["GET"]}}],"collection":[{"href":"https:\/\/blogs2.correiobraziliense.com.br\/denise\/wp-json\/wp\/v2\/posts"}],"about":[{"href":"https:\/\/blogs2.correiobraziliense.com.br\/denise\/wp-json\/wp\/v2\/types\/post"}],"author":[{"embeddable":true,"href":"https:\/\/blogs2.correiobraziliense.com.br\/denise\/wp-json\/wp\/v2\/users\/29"}],"replies":[{"embeddable":true,"href":"https:\/\/blogs2.correiobraziliense.com.br\/denise\/wp-json\/wp\/v2\/comments?post=859"}],"version-history":[{"count":2,"href":"https:\/\/blogs2.correiobraziliense.com.br\/denise\/wp-json\/wp\/v2\/posts\/859\/revisions"}],"predecessor-version":[{"id":861,"href":"https:\/\/blogs2.correiobraziliense.com.br\/denise\/wp-json\/wp\/v2\/posts\/859\/revisions\/861"}],"wp:attachment":[{"href":"https:\/\/blogs2.correiobraziliense.com.br\/denise\/wp-json\/wp\/v2\/media?parent=859"}],"wp:term":[{"taxonomy":"category","embeddable":true,"href":"https:\/\/blogs2.correiobraziliense.com.br\/denise\/wp-json\/wp\/v2\/categories?post=859"},{"taxonomy":"post_tag","embeddable":true,"href":"https:\/\/blogs2.correiobraziliense.com.br\/denise\/wp-json\/wp\/v2\/tags?post=859"}],"curies":[{"name":"wp","href":"https:\/\/api.w.org\/{rel}","templated":true}]}}