{"id":891,"date":"2016-09-16T08:45:08","date_gmt":"2016-09-16T11:45:08","guid":{"rendered":"https:\/\/blogs2.correiobraziliense.com.br\/denise\/?p=891"},"modified":"2016-09-16T15:25:28","modified_gmt":"2016-09-16T18:25:28","slug":"centrao-arrepia-tucanos","status":"publish","type":"post","link":"https:\/\/blogs2.correiobraziliense.com.br\/denise\/centrao-arrepia-tucanos\/","title":{"rendered":"Centr\u00e3o arrepia tucanos"},"content":{"rendered":"<p>    Na d\u00e9cada de 1980, o chamado centr\u00e3o foi criado para servir de contraponto ao poderoso PMDB, detentor de uma bancada de mais de 300 deputados. Agora, um grupo com perfil semelhante \u00e0quele do passado, \u00e9 reaproveitado pelo governo Michel Temer como forma de fazer um contraponto  ao PSDB, DEM e PSB. Pelo menos \u00e9 essa a leitura que surgiu nos bastidores, depois do documento divulgado ontem, no qual o PMDB e os partidos do centr\u00e3o firmam o \u201cmais absoluto e irrestrito compromisso e apoio\u201d \u00e0s a\u00e7\u00f5es do governo Temer.<\/p>\n<p>   O PSDB e o DEM t\u00eam  pr\u00e9-candidatos a presidente da Rep\u00fablica para 2018. O PMDB, embora Temer diga que n\u00e3o disputar\u00e1, tem um governo para chamar de seu e, se der certo, lan\u00e7ar\u00e1 um nome \u00e0 sucess\u00e3o presidencial para lhe representar. Se o casamento com o Centr\u00e3o der certo, est\u00e1 feita uma ampla base para uma futura campanha. \u00c9 esse o racioc\u00ednio que alguns fizeram essa semana. Em outras palavras, est\u00e1 posto o germe da desconfian\u00e7a na base do governo. Embora estejam no mesmo barco, h\u00e1 quem veja uma cisma mais adiante. <\/p>\n<p>\u00c0s caravanas!<br \/>\n   A ideia do PT era, passada a temporada de elei\u00e7\u00f5es, retomar as caravanas que marcaram as pr\u00e9-campanhas presidenciais de Lula na d\u00e9cada de 90. Mas, com a den\u00fancia contra o ex-presidente, n\u00e3o est\u00e1 descartada a ideia de come\u00e7ar j\u00e1 a percorrer o pa\u00eds num movimento semelhante \u00e0queles dos tempos em que o partido era oposi\u00e7\u00e3o. Assim, aproveita o embalo e faz campanha pelo partido no interior.<\/p>\n<p>Discurso em constru\u00e7\u00e3o<br \/>\n   A ideia de Lula percorrer o pa\u00eds traz ainda embutida a constru\u00e7\u00e3o do seguinte texto: Se Lula for preso ou condenado durante essas viagens, sempre poder\u00e1 dizer que o objetivo da deten\u00e7\u00e3o foi tir\u00e1-lo de perto do povo.<\/p>\n<p>Cad\u00ea os outros?<br \/>\n   Paralelamente \u00e0 atua\u00e7\u00e3o de Lula, os petistas querem refor\u00e7ar a ideia de que os procuradores centram fogo nas estrelas do partido e se esquecem dos esc\u00e2ndalos envolvendo outros atores importantes do cen\u00e1rio pol\u00edtico nacional. A partir de agora, v\u00e3o repisar cada vez mais nessa tecla, de forma a pressionar o Minist\u00e9rio P\u00fablico a agir com igual rigor.<\/p>\n<p>Em breve<br \/>\n   O ministro da Casa Civil, Eliseu Padilha, j\u00e1 deflagrou as conversas com a equipe respons\u00e1vel pelos an\u00fancios da campanha publicit\u00e1ria para esclarecer a popula\u00e7\u00e3o sobre a necessidade de reformar a Previd\u00eancia. A ideia \u00e9 definir os principais pontos a serem abordados para esclarecer que, se nada for feito, n\u00e3o haver\u00e1 recursos para pagar os benef\u00edcios no futuro. Algo do tipo, se n\u00e3o reformar, lascou.<\/p>\n<p>CURTIDAS<\/p>\n<p>Precavido\/  O deputado Goulart (PSD-SP) amea\u00e7a deixar o partido, caso o PSD assuma que fez parte do centr\u00e3o \u201ccomandado por Eduardo Cunha\u201d: \u201cNunca participei desse movimento, mesmo porque fui totalmente favor\u00e1vel \u00e0 sua cassa\u00e7\u00e3o. No entanto, me posiciono aqui afirmando que, se porventura o PSD assumir que fez parte do centr\u00e3o e que foi contra a cassa\u00e7\u00e3o de Cunha, saio imediatamente do Partido&#8221;, disse ele. <\/p>\n<p>Audi\u00eancia\/ O presidente Michel Temer acompanhou a entrevista dos procuradores sobre a den\u00fancia contra Lula na \u00faltima quarta-feira, mas n\u00e3o o discurso do ex-presidente ontem. Naquela hora, almo\u00e7ava com l\u00edderes do centr\u00e3o e o ministro Geddel Vieira Lima.<\/p>\n<p>Dieta\/ Se tem algo que foi mantido no Planalto no p\u00f3s- Dilma foi a vontade de cuidar da alimenta\u00e7\u00e3o. O almo\u00e7o, na sala cont\u00edgua ao gabinete presidencial, foi bem light: arroz integral, frango, salada, legumes e batata. <\/p>\n<p>Repaginada\/ Depois de passar por alguns constrangimentos em aeroportos, a senadora Gleisi Hoffmann (PT-PR) mudou a cor dos cabelos para castanho escuro e j\u00e1 anunciou que nunca mais concorrer\u00e1 a um mandato eletivo. <\/p>\n","protected":false},"excerpt":{"rendered":"<p>Na d\u00e9cada de 1980, o chamado centr\u00e3o foi criado para servir de contraponto ao poderoso PMDB, detentor de uma bancada de mais de 300 deputados. Agora, um grupo com perfil semelhante \u00e0quele do passado, \u00e9 reaproveitado pelo governo Michel Temer como forma de fazer um contraponto ao PSDB, DEM e PSB. Pelo menos \u00e9 essa [&hellip;]<\/p>\n","protected":false},"author":29,"featured_media":0,"comment_status":"closed","ping_status":"closed","sticky":false,"template":"","format":"standard","meta":{"wpb_read_more":[],"footnotes":""},"categories":[5],"tags":[],"class_list":["post-891","post","type-post","status-publish","format-standard","hentry","category-politica"],"_links":{"self":[{"href":"https:\/\/blogs2.correiobraziliense.com.br\/denise\/wp-json\/wp\/v2\/posts\/891","targetHints":{"allow":["GET"]}}],"collection":[{"href":"https:\/\/blogs2.correiobraziliense.com.br\/denise\/wp-json\/wp\/v2\/posts"}],"about":[{"href":"https:\/\/blogs2.correiobraziliense.com.br\/denise\/wp-json\/wp\/v2\/types\/post"}],"author":[{"embeddable":true,"href":"https:\/\/blogs2.correiobraziliense.com.br\/denise\/wp-json\/wp\/v2\/users\/29"}],"replies":[{"embeddable":true,"href":"https:\/\/blogs2.correiobraziliense.com.br\/denise\/wp-json\/wp\/v2\/comments?post=891"}],"version-history":[{"count":1,"href":"https:\/\/blogs2.correiobraziliense.com.br\/denise\/wp-json\/wp\/v2\/posts\/891\/revisions"}],"predecessor-version":[{"id":892,"href":"https:\/\/blogs2.correiobraziliense.com.br\/denise\/wp-json\/wp\/v2\/posts\/891\/revisions\/892"}],"wp:attachment":[{"href":"https:\/\/blogs2.correiobraziliense.com.br\/denise\/wp-json\/wp\/v2\/media?parent=891"}],"wp:term":[{"taxonomy":"category","embeddable":true,"href":"https:\/\/blogs2.correiobraziliense.com.br\/denise\/wp-json\/wp\/v2\/categories?post=891"},{"taxonomy":"post_tag","embeddable":true,"href":"https:\/\/blogs2.correiobraziliense.com.br\/denise\/wp-json\/wp\/v2\/tags?post=891"}],"curies":[{"name":"wp","href":"https:\/\/api.w.org\/{rel}","templated":true}]}}