{"id":900,"date":"2016-09-20T18:01:25","date_gmt":"2016-09-20T21:01:25","guid":{"rendered":"https:\/\/blogs2.correiobraziliense.com.br\/denise\/?p=900"},"modified":"2016-09-20T18:01:25","modified_gmt":"2016-09-20T21:01:25","slug":"documento-de-acordo-de-fernando-moura-com-lava-jato-preve-uso-de-delacao-cancelada","status":"publish","type":"post","link":"https:\/\/blogs2.correiobraziliense.com.br\/denise\/documento-de-acordo-de-fernando-moura-com-lava-jato-preve-uso-de-delacao-cancelada\/","title":{"rendered":"Documento de acordo de Fernando Moura com Lava-Jato prev\u00ea uso de dela\u00e7\u00e3o cancelada"},"content":{"rendered":"<p>EDUARDO MILIT\u00c3O<\/p>\n<p>O acordo de colabora\u00e7\u00e3o premiada fechado entre a for\u00e7a-tarefa da Opera\u00e7\u00e3o Lava-Jato e o empres\u00e1rio Fernando Hourneaux de Moura prev\u00ea o uso dos depoimentos e provas que ele trouxer mesmo se o trato for cancelado. Como mostrou o Correio na edi\u00e7\u00e3o desta ter\u00e7a-feira, o Minist\u00e9rio P\u00fablico confirma que a dela\u00e7\u00e3o cancelada dele para embasar a den\u00fancia contra o ex-presidente Luiz In\u00e1cio Lula da Silva (leia aqui http:\/\/www.correiobraziliense.com.br\/app\/outros\/ultimas-noticias\/63,37,63,14\/2016\/09\/20\/internas_polbraeco,549483\/denuncia-contra-lula-usa-delacao-cancelada-por-sergio-moro.shtml), mas diz que essa pr\u00e1tica \u00e9 permitida.<\/p>\n<p>O acordo de colabora\u00e7\u00e3o (veja a \u00edntegra do documento aqui http:\/\/wp.me\/a5hbs0-7d)  permite usar as provas se a rescis\u00e3o do trato for motivada pelo r\u00e9u ou investigado \u2013 como aconteceu com Fernando Moura. A cl\u00e1usula 28, por exemplo, diz:<\/p>\n<p>\u201cEm caso de rescis\u00e3o do acordo por responsabilidade exclusiva do colaborador, este perder\u00e1 automaticamente direito aos benef\u00edcios que lhe forem concedidos em virtude da coopera\u00e7\u00e3o com o Minist\u00e9rio P\u00fablico Federal, permanecendo h\u00edgidas e v\u00e1lidas todas as provas produzidas,inclusive depoimentos que houver prestado e documentos que houver apresentado, bem como v\u00e1lidos quaisquer valores pagos a t\u00edtulo de multa penal e\/ou (sic) multa compensat\u00f3rio c\u00edvel\u201d.<\/p>\n","protected":false},"excerpt":{"rendered":"<p>EDUARDO MILIT\u00c3O O acordo de colabora\u00e7\u00e3o premiada fechado entre a for\u00e7a-tarefa da Opera\u00e7\u00e3o Lava-Jato e o empres\u00e1rio Fernando Hourneaux de Moura prev\u00ea o uso dos depoimentos e provas que ele trouxer mesmo se o trato for cancelado. Como mostrou o Correio na edi\u00e7\u00e3o desta ter\u00e7a-feira, o Minist\u00e9rio P\u00fablico confirma que a dela\u00e7\u00e3o cancelada dele para [&hellip;]<\/p>\n","protected":false},"author":29,"featured_media":0,"comment_status":"closed","ping_status":"closed","sticky":false,"template":"","format":"standard","meta":{"wpb_read_more":[],"footnotes":""},"categories":[5],"tags":[],"class_list":["post-900","post","type-post","status-publish","format-standard","hentry","category-politica"],"_links":{"self":[{"href":"https:\/\/blogs2.correiobraziliense.com.br\/denise\/wp-json\/wp\/v2\/posts\/900","targetHints":{"allow":["GET"]}}],"collection":[{"href":"https:\/\/blogs2.correiobraziliense.com.br\/denise\/wp-json\/wp\/v2\/posts"}],"about":[{"href":"https:\/\/blogs2.correiobraziliense.com.br\/denise\/wp-json\/wp\/v2\/types\/post"}],"author":[{"embeddable":true,"href":"https:\/\/blogs2.correiobraziliense.com.br\/denise\/wp-json\/wp\/v2\/users\/29"}],"replies":[{"embeddable":true,"href":"https:\/\/blogs2.correiobraziliense.com.br\/denise\/wp-json\/wp\/v2\/comments?post=900"}],"version-history":[{"count":1,"href":"https:\/\/blogs2.correiobraziliense.com.br\/denise\/wp-json\/wp\/v2\/posts\/900\/revisions"}],"predecessor-version":[{"id":901,"href":"https:\/\/blogs2.correiobraziliense.com.br\/denise\/wp-json\/wp\/v2\/posts\/900\/revisions\/901"}],"wp:attachment":[{"href":"https:\/\/blogs2.correiobraziliense.com.br\/denise\/wp-json\/wp\/v2\/media?parent=900"}],"wp:term":[{"taxonomy":"category","embeddable":true,"href":"https:\/\/blogs2.correiobraziliense.com.br\/denise\/wp-json\/wp\/v2\/categories?post=900"},{"taxonomy":"post_tag","embeddable":true,"href":"https:\/\/blogs2.correiobraziliense.com.br\/denise\/wp-json\/wp\/v2\/tags?post=900"}],"curies":[{"name":"wp","href":"https:\/\/api.w.org\/{rel}","templated":true}]}}