{"id":14540,"date":"2020-02-18T00:00:43","date_gmt":"2020-02-18T03:00:43","guid":{"rendered":"https:\/\/blogs2.correiobraziliense.com.br\/dribledecorpo\/?p=14540"},"modified":"2020-02-18T15:29:25","modified_gmt":"2020-02-18T18:29:25","slug":"entrevista-marcio-fernandes-novo-tecnico-do-brasiliense-promoveu-neymar-ao-elenco-profissional-do-santos","status":"publish","type":"post","link":"https:\/\/blogs2.correiobraziliense.com.br\/dribledecorpo\/entrevista-marcio-fernandes-novo-tecnico-do-brasiliense-promoveu-neymar-ao-elenco-profissional-do-santos\/","title":{"rendered":"Entrevista: M\u00e1rcio Fernandes. Novo t\u00e9cnico do Brasiliense promoveu Neymar ao elenco profissional do Santos"},"content":{"rendered":"<p><em>O primeiro cl\u00e1ssico do ano entre Brasiliense e Gama deixou cicatrizes no lado amarelo da for\u00e7a. A diretoria demitiu o t\u00e9cnico Mauro Fernandes depois de um ac\u00famulo de maus resultados, como o empate contra o Taguatinga e a elimina\u00e7\u00e3o da Copa do Brasil contra o Paysandu. A solu\u00e7\u00e3o imediata foi trocar o nome do t\u00e9cnico e manter o sobrenome. Em vez de Mauro, M\u00e1rcio Fernandes \u00e9 o (velho) novo dono da prancheta. Campe\u00e3o candango em 2013 \u00e0 frente do Jacar\u00e9, ele comandou Neymar nas divis\u00f5es de base do Santos e promoveu o atacante ao elenco profissional em 2009. Esta \u00e9 uma das historias que ele conta na entrevista a seguir ao <strong>blog<\/strong>. Consumidor de literatura esportiva, ele revela o livro de cabeceira que servir\u00e1 de inspira\u00e7\u00e3o para levar o Brasiliense ao d\u00e9cimo t\u00edtulo candango na temporada em que o clube completar\u00e1 20 anos, e fala da amizade com o treinador do Gama, Vilson Taddei.<\/em><\/p>\n<p><strong>\u00a0<\/strong><\/p>\n<p><strong>Antes de falar sobre a sua volta ao Brasiliense, quero tratar sobre um fora de s\u00e9rie que estar\u00e1 em campo no duelo entre PSG e Borussia Dortmund pelas oitavas da Liga dos Campe\u00f5es. Voc\u00ea \u00e9 o t\u00e9cnico que promoveu o Neymar da base ao elenco profissional do Santos. O que espera do seu xod\u00f3 no mata-mata?<\/strong><\/p>\n<p>Ele \u00e9 um jogador diferenciado, um cara que pode decidir uma partida. Parece que est\u00e1 mais focado, levando a s\u00e9rio. Tem tudo para voltar ao cen\u00e1rio do Messi, Cristiano Ronaldo, a competir com os caras (Neymar foi o terceiro melhor do mundo em 2015). Ele \u00e9 fant\u00e1stico.<\/p>\n<p>&nbsp;<\/p>\n<p><strong>E voc\u00ea foi treinador dele na base e no profissional.<\/strong><\/p>\n<p>Sim, comecei a treinar o Neymar quando ele tinha 15 anos. Levamos para a Copa S\u00e3o Paulo de Futebol J\u00fanior, depois para o profissional, e hoje est\u00e1 a\u00ed.<\/p>\n<p><strong>\u00a0<\/strong><\/p>\n<p><strong>Imagina se voc\u00ea pudesse contar com ele no Brasiliense&#8230;<\/strong><\/p>\n<p>Ave, Maria (risos)! A\u00ed seria brincadeira, n\u00e9. Tomara que um dia a gente volte a trabalhar junto.<\/p>\n<p>&nbsp;<\/p>\n<blockquote><p>Ele (Neymar) \u00e9 um jogador diferenciado, um cara que pode decidir uma partida. Parece que est\u00e1 mais focado, levando a s\u00e9rio. Tem tudo para voltar ao cen\u00e1rio do Messi, Cristiano Ronaldo, a competir com os caras (Neymar foi o terceiro melhor do mundo em 2015). Ele \u00e9 fant\u00e1stico.<\/p>\n<p>&nbsp;<\/p><\/blockquote>\n<p>&nbsp;<\/p>\n<p><strong>Por falar no Brasiliense, eu sei que voc\u00ea gosta de literatura esportiva. Qual \u00e9 o livro de cabeceira que trouxe para dar uma guinada no Brasiliense?<\/strong><\/p>\n<p>Hoje, estou lendo o livro do (J\u00fcrgen) Klopp. Estou no come\u00e7o ainda, mas chama a aten\u00e7\u00e3o o fato de ele ter perfil de treinador desde quando era jogador. Interessante tamb\u00e9m saber que ele j\u00e1 foi comentarista esportivo, apontado at\u00e9 como um dos melhores. Mas ainda n\u00e3o cheguei na parte do Liverpool, que \u00e9 o mais interessante.<\/p>\n<p>&nbsp;<\/p>\n<p><strong>Pensa em aplicar no Brasiliense algo que o J<\/strong><strong>\u00fcrgen Klopp faz no Liverpool?<\/strong><\/p>\n<p>Eu procuro sempre estar me atualizando para aplicar nas equipes que a gente dirige. \u00c9 claro que a condi\u00e7\u00e3o t\u00e9cnica \u00e9 muito diferente, mas pego alguns par\u00e2metros que ele usa. Um deles \u00e9 a intensidade, ele usa jogadores com uma velocidade muito grande. S\u00e3o os casos do Man\u00e9 e do Salah. O Firmino ele usa mais como armador, ele recua para enfiar a bola. O que mais chama a aten\u00e7\u00e3o nos times dele \u00e9 a intensidade. Futebol hoje \u00e9 velocidade. Se voc\u00ea n\u00e3o tem isso, hoje, vira uma presa f\u00e1cil para a marca\u00e7\u00e3o. O Flamengo, por exemplo, quebra os advers\u00e1rios na velocidade, s\u00e3o muito r\u00e1pidos. A\u00ed, os caras n\u00e3o conseguem marcar. N\u00e3o posso ter jogadores lentos, que tocam muito a bola, sem objetivo nenhum. Assim, voc\u00ea acaba sendo batido. O Flamengo, hoje, \u00e9 muito dif\u00edcil de ser batido.<\/p>\n<p>&nbsp;<\/p>\n<p><strong>Impressiona tamb\u00e9m a capacidade do Liverpool de controlar o jogo. Contra o Flamengo, por exemplo, parecia que eles estavam sendo dominados, por\u00e9m, estavam moldando o jogo ao que eles pretendiam. <\/strong><\/p>\n<p>Ele (Klopp) falou isso. Viu que o Flamengo gostava de ter a bola, mas n\u00e3o tinha profundidade no jogo contra eles. Ele explica que deu a bola para o Flamengo, marcou na intermedi\u00e1ria e ganhou o espa\u00e7o todo para Man\u00e9, Salah&#8230; O Flamengo vinha at\u00e9 onde ele queria, desarmava e sa\u00eda rapidamente. Tinha 60 metros para chegar no gol do Flamengo. Essa foi a armadilha dele.<\/p>\n<p>&nbsp;<\/p>\n<blockquote><p>Eu procuro sempre estar me atualizando para aplicar nas equipes que a gente dirige. \u00c9 claro que a condi\u00e7\u00e3o t\u00e9cnica \u00e9 muito diferente, mas pego alguns par\u00e2metros que ele J\u00fcrgen Klopp) usa. Um deles \u00e9 a intensidade, ele usa jogadores com uma velocidade muito grande.\u00a0O Flamengo, por exemplo, quebra os advers\u00e1rios na velocidade, s\u00e3o muito r\u00e1pidos. A\u00ed, os caras n\u00e3o conseguem marcar. Voc\u00ea n\u00e3o pode ter jogadores lentos, que tocam muito a bola, sem objetivo nenhum.<\/p>\n<p>&nbsp;<\/p><\/blockquote>\n<p><strong>O que o motivou a voltar ao Brasiliense sete anos depois de levar o clube ao t\u00edtulo candango de 2013?<\/strong><\/p>\n<p>\u00c9 um clube tradicional. A gente tem um carinho, passamos aqui e o clube foi campe\u00e3o (candango, em 2013). As pessoas que dirigem o Brasiliense s\u00e3o s\u00e9rias. Isso tudo fez com que a gente aceitasse esse desafio. Espero ter a mesma sorte.<\/p>\n<p>&nbsp;<\/p>\n<figure id=\"attachment_14542\" aria-describedby=\"caption-attachment-14542\" style=\"width: 800px\" class=\"wp-caption aligncenter\"><a href=\"https:\/\/blogs2.correiobraziliense.com.br\/dribledecorpo\/entrevista-marcio-fernandes-novo-tecnico-do-brasiliense-promoveu-neymar-ao-elenco-profissional-do-santos\/claudio-bispo\/\" rel=\"attachment wp-att-14542\"><img loading=\"lazy\" decoding=\"async\" class=\"size-full wp-image-14542\" src=\"https:\/\/blogs2.correiobraziliense.com.br\/dribledecorpo\/wp-content\/uploads\/sites\/15\/2020\/02\/Claudio-Bispo.jpg\" alt=\"\" width=\"800\" height=\"428\" srcset=\"https:\/\/blogs2.correiobraziliense.com.br\/dribledecorpo\/wp-content\/uploads\/sites\/15\/2020\/02\/Claudio-Bispo.jpg 800w, https:\/\/blogs2.correiobraziliense.com.br\/dribledecorpo\/wp-content\/uploads\/sites\/15\/2020\/02\/Claudio-Bispo-300x161.jpg 300w, https:\/\/blogs2.correiobraziliense.com.br\/dribledecorpo\/wp-content\/uploads\/sites\/15\/2020\/02\/Claudio-Bispo-768x411.jpg 768w, https:\/\/blogs2.correiobraziliense.com.br\/dribledecorpo\/wp-content\/uploads\/sites\/15\/2020\/02\/Claudio-Bispo-350x187.jpg 350w, https:\/\/blogs2.correiobraziliense.com.br\/dribledecorpo\/wp-content\/uploads\/sites\/15\/2020\/02\/Claudio-Bispo-550x294.jpg 550w, https:\/\/blogs2.correiobraziliense.com.br\/dribledecorpo\/wp-content\/uploads\/sites\/15\/2020\/02\/Claudio-Bispo-230x123.jpg 230w\" sizes=\"auto, (max-width: 800px) 100vw, 800px\" \/><\/a><figcaption id=\"caption-attachment-14542\" class=\"wp-caption-text\">M\u00e1rcio Fernandes volta a assumir o Brasiliense depois de sete anos. Foto: Cl\u00e1udio Bispo\/Brasiliense FC<\/figcaption><\/figure>\n<p>&nbsp;<\/p>\n<p><strong>Foi r\u00e1pido o acerto?<\/strong><\/p>\n<p>Foi no domingo. Eu estava em Santos. A gente conversou e foi r\u00e1pido. Nem deixamos para o outro dia (segunda-feira).<\/p>\n<p>&nbsp;<\/p>\n<p><strong>Seu \u00faltimo trabalho foi bom&#8230;<\/strong><\/p>\n<p>Meu \u00faltimo clube foi o Remo. A gente conquistou o t\u00edtulo paraense do ano passado, disputamos a S\u00e9rie C, fomos at\u00e9 as finais e vim para c\u00e1.<\/p>\n<p>&nbsp;<\/p>\n<p><strong>Encontrou remanescentes do elenco de 2013?<\/strong><\/p>\n<p>S\u00f3 o Peninha. Foi um jogador que a gente lan\u00e7ou aqui. Os garotos que lan\u00e7amos aqui foram o Boc\u00e3o, o Peninha, o Luan e o Gilvan. Agora, s\u00f3 tem o Peninha aqui.<\/p>\n<p>&nbsp;<\/p>\n<blockquote><p>Meu \u00faltimo clube foi o Remo. A gente conquistou o t\u00edtulo paraense do ano passado, disputamos a S\u00e9rie C, fomos at\u00e9 as finais e vim para c\u00e1.<\/p><\/blockquote>\n<p>&nbsp;<\/p>\n<p><strong>A \u00faltima participa\u00e7\u00e3o do futebol candango na S\u00e9rie C foi em 2013. Voc\u00ea comandava o Brasiliense naquela edi\u00e7\u00e3o. De l\u00e1 para c\u00e1, o DF s\u00f3 joga a D. S\u00e3o sete anos. O que acha disso?<\/strong><\/p>\n<p>Comandei o Brasiliense em 2013, mas sa\u00ed e fui para a China, e veio o Roberto Fonseca. Faz sete anos. O Brasiliense merece estar em um lugar acima nos campeonatos nacionais. Quem sabe, a gente n\u00e3o consegue neste ano.<\/p>\n<p>&nbsp;<\/p>\n<p><strong>Voc\u00ea havia trabalhado com o Z\u00e9 Love no Santos?<\/strong><\/p>\n<p>Sim, trabalhei com ele no Santos, e com outros jogadores em outros clubes. Com o Edno, Neto Baiano, Peninha&#8230; Trabalhei com o Z\u00e9 Love no Santos no elenco profissional. Fui treinador da base, mas ele j\u00e1 tinha idade avan\u00e7ada e fazia parte do time de cima, dos profissionais.<\/p>\n<p>&nbsp;<\/p>\n<p><strong>Como avalia a situa\u00e7\u00e3o do Brasiliense no Candang\u00e3o? Cinco pontos atr\u00e1s do l\u00edder Gama, que venceu o cl\u00e1ssico do \u00faltimo s\u00e1bado. <\/strong><\/p>\n<p>Estamos um pouco distantes do primeiro colocado, cinco pontos. Temos que come\u00e7ar a diminuir essa diferen\u00e7a, mas n\u00e3o teremos outro confronto com eles nesta primeira fase.<\/p>\n<p>&nbsp;<\/p>\n<blockquote><p>Trabalhei com ele (Z\u00e9 Love)\u00a0 no Santos, e com outros jogadores em outros clubes. Com o Edno, Neto Baiano, Peninha&#8230; Trabalhei com o Z\u00e9 Love no Santos no elenco profissional. Fui treinador da base, mas ele j\u00e1 tinha idade avan\u00e7ada e fazia parte do time de cima, dos profissionais.<\/p><\/blockquote>\n<p>&nbsp;<\/p>\n<p><strong>Voc\u00ea enfrentou muito o Vilson Taddei (t\u00e9cnico do Gama) nessas andan\u00e7as pelo Brasil?<\/strong><\/p>\n<p>Enfrentei algumas vezes. Quanto estive no Red Bull, ele trabalhava no Linense. Depois, ele estava no Santo Andr\u00e9 e eu no Botafogo-SP. Nos enfrentamos. \u00c9 um cara que eu gosto muito. Gente boa, meu amigo. Agora, \u00e9 meu concorrente aqui em Bras\u00edlia.<\/p>\n<p>&nbsp;<\/p>\n<p><strong>O CT do Brasiliense est\u00e1 bem diferente de 2013, quando voc\u00ea passou l\u00e1&#8230; <\/strong><\/p>\n<p>A estrutura \u00e9 muito boa. Academia muito boa. Do tempo que sa\u00ed daqui para c\u00e1 constru\u00edram a arquibancada. O gramado sempre foi bom. Quando sa\u00ed daqui, em 2013, pensavam at\u00e9 em fazer um hotel ali, mas acho que n\u00e3o vingou.<\/p>\n<p>&nbsp;<\/p>\n<p>&nbsp;<\/p>\n<p><strong>Siga o blogueiro no Twitter:<\/strong>\u00a0@mplimaDF<\/p>\n<p><strong>Siga o blogueiro no Instagram:<\/strong>\u00a0@marcospaul0lima<\/p>\n<p><strong>Siga o blog no Facebook:<\/strong>\u00a0https:\/\/www.facebook.com\/dribledecorpo\/20<\/p>\n<div class=\"sharedaddy sd-sharing-enabled\">\n<div class=\"robots-nocontent sd-block sd-social sd-social-icon sd-sharing\">\n<h3 class=\"sd-title\">Compartilhe:<\/h3>\n<\/div>\n<\/div>\n","protected":false},"excerpt":{"rendered":"<p>O primeiro cl\u00e1ssico do ano entre Brasiliense e Gama deixou cicatrizes no lado amarelo da for\u00e7a. A diretoria demitiu o t\u00e9cnico Mauro Fernandes depois de um ac\u00famulo de maus resultados, como o empate contra o Taguatinga e a elimina\u00e7\u00e3o da Copa do Brasil contra o Paysandu. A solu\u00e7\u00e3o imediata foi trocar o nome do t\u00e9cnico [&hellip;]<\/p>\n","protected":false},"author":31,"featured_media":14541,"comment_status":"open","ping_status":"closed","sticky":false,"template":"","format":"standard","meta":{"wpb_read_more":[],"footnotes":""},"categories":[9],"tags":[],"class_list":["post-14540","post","type-post","status-publish","format-standard","has-post-thumbnail","hentry","category-esporte"],"_links":{"self":[{"href":"https:\/\/blogs2.correiobraziliense.com.br\/dribledecorpo\/wp-json\/wp\/v2\/posts\/14540","targetHints":{"allow":["GET"]}}],"collection":[{"href":"https:\/\/blogs2.correiobraziliense.com.br\/dribledecorpo\/wp-json\/wp\/v2\/posts"}],"about":[{"href":"https:\/\/blogs2.correiobraziliense.com.br\/dribledecorpo\/wp-json\/wp\/v2\/types\/post"}],"author":[{"embeddable":true,"href":"https:\/\/blogs2.correiobraziliense.com.br\/dribledecorpo\/wp-json\/wp\/v2\/users\/31"}],"replies":[{"embeddable":true,"href":"https:\/\/blogs2.correiobraziliense.com.br\/dribledecorpo\/wp-json\/wp\/v2\/comments?post=14540"}],"version-history":[{"count":7,"href":"https:\/\/blogs2.correiobraziliense.com.br\/dribledecorpo\/wp-json\/wp\/v2\/posts\/14540\/revisions"}],"predecessor-version":[{"id":14549,"href":"https:\/\/blogs2.correiobraziliense.com.br\/dribledecorpo\/wp-json\/wp\/v2\/posts\/14540\/revisions\/14549"}],"wp:featuredmedia":[{"embeddable":true,"href":"https:\/\/blogs2.correiobraziliense.com.br\/dribledecorpo\/wp-json\/wp\/v2\/media\/14541"}],"wp:attachment":[{"href":"https:\/\/blogs2.correiobraziliense.com.br\/dribledecorpo\/wp-json\/wp\/v2\/media?parent=14540"}],"wp:term":[{"taxonomy":"category","embeddable":true,"href":"https:\/\/blogs2.correiobraziliense.com.br\/dribledecorpo\/wp-json\/wp\/v2\/categories?post=14540"},{"taxonomy":"post_tag","embeddable":true,"href":"https:\/\/blogs2.correiobraziliense.com.br\/dribledecorpo\/wp-json\/wp\/v2\/tags?post=14540"}],"curies":[{"name":"wp","href":"https:\/\/api.w.org\/{rel}","templated":true}]}}