{"id":2100,"date":"2022-11-03T07:31:36","date_gmt":"2022-11-03T10:31:36","guid":{"rendered":"https:\/\/blogs2.correiobraziliense.com.br\/eixocapital\/?p=2100"},"modified":"2022-11-03T07:31:36","modified_gmt":"2022-11-03T10:31:36","slug":"dayse-amarilio-o-presidente-e-o-governador-sao-politicos-habeis-e-acredito-que-estarao-abertos-ao-dialogo-pelo-bem-do-df-e-do-brasil","status":"publish","type":"post","link":"https:\/\/blogs2.correiobraziliense.com.br\/eixocapital\/2022\/11\/03\/dayse-amarilio-o-presidente-e-o-governador-sao-politicos-habeis-e-acredito-que-estarao-abertos-ao-dialogo-pelo-bem-do-df-e-do-brasil\/","title":{"rendered":"Dayse Amarilio: &#8220;O presidente e o governador s\u00e3o pol\u00edticos h\u00e1beis e acredito que estar\u00e3o abertos ao di\u00e1logo pelo bem do DF e do Brasil&#8221;"},"content":{"rendered":"<p><strong>\u00c0 queima-roupa \/\/ Dayse Amarilio, deputada distrital do PSB<\/strong><\/p>\n<p><strong>por Ana Maria Campos<\/strong><\/p>\n<p><strong>A senhora chega \u00e0 C\u00e2mara Legislativa para um primeiro mandato. Qual \u00e9 a principal meta?<br \/>\n<\/strong>Trabalhar para fortalecer \u00e1reas como sa\u00fade e educa\u00e7\u00e3o; os servidores e os servi\u00e7os p\u00fablicos; al\u00e9m de atuar para implementar pol\u00edticas p\u00fablicas para as mulheres. Tudo isso por meio de um mandato participativo e transparente.<\/p>\n<p><strong>Qual vai ser o perfil de atua\u00e7\u00e3o em rela\u00e7\u00e3o ao governador Ibaneis Rocha (MDB)? Oposi\u00e7\u00e3o, independ\u00eancia, base de apoio?<br \/>\n<\/strong>Pretendo atuar conforme meu dever constitucional, com independ\u00eancia, de forma propositiva e sempre buscando o di\u00e1logo para defender os interesses da sociedade.<\/p>\n<p><strong>A que a senhora credita a sua vit\u00f3ria nas urnas em uma elei\u00e7\u00e3o t\u00e3o acirrada?<\/strong><br \/>\nAo despertar da enfermagem para necessidade de ocupar espa\u00e7os de decis\u00e3o e, por meio da categoria, contribuir para melhoria da sa\u00fade do DF.<\/p>\n<p><strong>Na sua opini\u00e3o, como vai ser a rela\u00e7\u00e3o do governador Ibaneis com o futuro presidente Lula?<br \/>\n<\/strong>A elei\u00e7\u00e3o passou, e agora precisamos reconstruir o pa\u00eds. O presidente e o governador s\u00e3o pol\u00edticos h\u00e1beis e acredito que estar\u00e3o abertos ao di\u00e1logo pelo bem do DF e do Brasil. N\u00e3o creio que haver\u00e1 qualquer dificuldade na rela\u00e7\u00e3o, que deve ser, antes de tudo, republicana.<\/p>\n<p><strong>Acha que o fato de o DF ser majoritariamente bolsonarista vai atrapalhar as pol\u00edticas p\u00fablicas do governo federal na capital do pa\u00eds?<br \/>\n<\/strong>Inicialmente talvez, mas acredito que agora \u00e9 hora de focarmos num bem maior: a manuten\u00e7\u00e3o de nossa democracia. Precisamos \u2014 Congresso Nacional, governo federal e a C\u00e2mara Legislativa \u2014 ser democratas e pensar pol\u00edticas p\u00fablicas para quem mais precisa, independentemente de qualquer posicionamento ideol\u00f3gico.<\/p>\n<p><strong>De que a senhora n\u00e3o abre m\u00e3o na sua atua\u00e7\u00e3o parlamentar?<br \/>\n<\/strong>N\u00e3o abro m\u00e3o de uma atua\u00e7\u00e3o independente, de lutar para dar voz a quem precisa e de trabalhar incansavelmente para melhorar a sa\u00fade do DF \u2014 tanto para as categorias, como para os usu\u00e1rios do Sistema \u00danico de Sa\u00fade (SUS).<\/p>\n","protected":false},"excerpt":{"rendered":"<p>A deputada distrital eleita pelo PSB, Dayse Amarilio, reconhece que, pelo menos in\u00edcio de ter apoio de eleitores de Bolsonaro.<\/p>\n","protected":false},"author":9,"featured_media":2101,"comment_status":"open","ping_status":"open","sticky":false,"template":"","format":"standard","meta":{"footnotes":""},"categories":[247],"tags":[630,90],"class_list":["post-2100","post","type-post","status-publish","format-standard","has-post-thumbnail","hentry","category-eixo-capital","tag-dayse-amarilio","tag-entrevista"],"yoast_head":"<!-- This site is optimized with the Yoast SEO plugin v27.9 - https:\/\/yoast.com\/product\/yoast-seo-wordpress\/ -->\n<title>Entrevista Dayse Amarilio | Blog Eixo Capital<\/title>\n<meta name=\"description\" content=\"A deputada distrital eleita pelo PSB, Dayse Amarilio, reconhece que, pelo menos in\u00edcio de ter apoio de eleitores de Bolsonaro.\" \/>\n<meta name=\"robots\" content=\"index, follow, max-snippet:-1, max-image-preview:large, max-video-preview:-1\" \/>\n<link rel=\"canonical\" href=\"https:\/\/blogs2.correiobraziliense.com.br\/eixocapital\/2022\/11\/03\/dayse-amarilio-o-presidente-e-o-governador-sao-politicos-habeis-e-acredito-que-estarao-abertos-ao-dialogo-pelo-bem-do-df-e-do-brasil\/\" \/>\n<meta property=\"og:locale\" content=\"pt_BR\" \/>\n<meta property=\"og:type\" content=\"article\" \/>\n<meta property=\"og:title\" content=\"Dayse Amarilio: &quot;O presidente e o governador s\u00e3o pol\u00edticos h\u00e1beis e acredito que estar\u00e3o abertos ao di\u00e1logo pelo bem do DF e do Brasil&quot;\" \/>\n<meta property=\"og:description\" content=\"A deputada distrital eleita pelo PSB, Dayse Amarilio, reconhece que, pelo menos in\u00edcio de ter apoio de eleitores de Bolsonaro.\" \/>\n<meta property=\"og:url\" content=\"https:\/\/blogs2.correiobraziliense.com.br\/eixocapital\/2022\/11\/03\/dayse-amarilio-o-presidente-e-o-governador-sao-politicos-habeis-e-acredito-que-estarao-abertos-ao-dialogo-pelo-bem-do-df-e-do-brasil\/\" \/>\n<meta property=\"og:site_name\" content=\"Eixo Capital\" \/>\n<meta property=\"article:published_time\" content=\"2022-11-03T10:31:36+00:00\" \/>\n<meta property=\"og:image\" content=\"https:\/\/blogs2.correiobraziliense.com.br\/eixocapital\/wp-content\/uploads\/sites\/61\/2022\/11\/dayse_amarilio.jpg\" \/>\n\t<meta property=\"og:image:width\" content=\"1200\" \/>\n\t<meta property=\"og:image:height\" content=\"650\" \/>\n\t<meta property=\"og:image:type\" content=\"image\/jpeg\" \/>\n<meta name=\"author\" content=\"Ana Maria Campos\" \/>\n<meta name=\"twitter:card\" content=\"summary_large_image\" \/>\n<meta name=\"twitter:title\" content=\"Dayse Amarilio: &quot;O presidente e o governador s\u00e3o pol\u00edticos h\u00e1beis e acredito que estar\u00e3o abertos ao di\u00e1logo pelo bem do DF e do Brasil&quot;\" \/>\n<meta name=\"twitter:description\" content=\"A deputada distrital eleita pelo PSB, Dayse Amarilio, reconhece que, pelo menos in\u00edcio de ter apoio de eleitores de Bolsonaro.\" \/>\n<meta name=\"twitter:creator\" content=\"@anacampos_cb\" \/>\n<meta name=\"twitter:label1\" content=\"Escrito por\" \/>\n\t<meta name=\"twitter:data1\" content=\"Ana Maria Campos\" \/>\n\t<meta name=\"twitter:label2\" content=\"Est. tempo de leitura\" \/>\n\t<meta name=\"twitter:data2\" content=\"2 minutos\" \/>\n<script type=\"application\/ld+json\" class=\"yoast-schema-graph\">{\"@context\":\"https:\\\/\\\/schema.org\",\"@graph\":[{\"@type\":\"Article\",\"@id\":\"https:\\\/\\\/blogs2.correiobraziliense.com.br\\\/eixocapital\\\/2022\\\/11\\\/03\\\/dayse-amarilio-o-presidente-e-o-governador-sao-politicos-habeis-e-acredito-que-estarao-abertos-ao-dialogo-pelo-bem-do-df-e-do-brasil\\\/#article\",\"isPartOf\":{\"@id\":\"https:\\\/\\\/blogs2.correiobraziliense.com.br\\\/eixocapital\\\/2022\\\/11\\\/03\\\/dayse-amarilio-o-presidente-e-o-governador-sao-politicos-habeis-e-acredito-que-estarao-abertos-ao-dialogo-pelo-bem-do-df-e-do-brasil\\\/\"},\"author\":{\"name\":\"Ana Maria Campos\",\"@id\":\"https:\\\/\\\/blogs2.correiobraziliense.com.br\\\/eixocapital\\\/#\\\/schema\\\/person\\\/a4f5a2f0b3624e2786848e90a97d2193\"},\"headline\":\"Dayse Amarilio: &#8220;O presidente e o governador s\u00e3o pol\u00edticos h\u00e1beis e acredito que estar\u00e3o abertos ao di\u00e1logo pelo bem do DF e do Brasil&#8221;\",\"datePublished\":\"2022-11-03T10:31:36+00:00\",\"mainEntityOfPage\":{\"@id\":\"https:\\\/\\\/blogs2.correiobraziliense.com.br\\\/eixocapital\\\/2022\\\/11\\\/03\\\/dayse-amarilio-o-presidente-e-o-governador-sao-politicos-habeis-e-acredito-que-estarao-abertos-ao-dialogo-pelo-bem-do-df-e-do-brasil\\\/\"},\"wordCount\":389,\"commentCount\":0,\"image\":{\"@id\":\"https:\\\/\\\/blogs2.correiobraziliense.com.br\\\/eixocapital\\\/2022\\\/11\\\/03\\\/dayse-amarilio-o-presidente-e-o-governador-sao-politicos-habeis-e-acredito-que-estarao-abertos-ao-dialogo-pelo-bem-do-df-e-do-brasil\\\/#primaryimage\"},\"thumbnailUrl\":\"https:\\\/\\\/blogs2.correiobraziliense.com.br\\\/eixocapital\\\/wp-content\\\/uploads\\\/sites\\\/61\\\/2022\\\/11\\\/dayse_amarilio.jpg\",\"keywords\":[\"Dayse Amarilio\",\"Entrevista\"],\"articleSection\":[\"Eixo Capital\"],\"inLanguage\":\"pt-BR\",\"potentialAction\":[{\"@type\":\"CommentAction\",\"name\":\"Comment\",\"target\":[\"https:\\\/\\\/blogs2.correiobraziliense.com.br\\\/eixocapital\\\/2022\\\/11\\\/03\\\/dayse-amarilio-o-presidente-e-o-governador-sao-politicos-habeis-e-acredito-que-estarao-abertos-ao-dialogo-pelo-bem-do-df-e-do-brasil\\\/#respond\"]}]},{\"@type\":\"WebPage\",\"@id\":\"https:\\\/\\\/blogs2.correiobraziliense.com.br\\\/eixocapital\\\/2022\\\/11\\\/03\\\/dayse-amarilio-o-presidente-e-o-governador-sao-politicos-habeis-e-acredito-que-estarao-abertos-ao-dialogo-pelo-bem-do-df-e-do-brasil\\\/\",\"url\":\"https:\\\/\\\/blogs2.correiobraziliense.com.br\\\/eixocapital\\\/2022\\\/11\\\/03\\\/dayse-amarilio-o-presidente-e-o-governador-sao-politicos-habeis-e-acredito-que-estarao-abertos-ao-dialogo-pelo-bem-do-df-e-do-brasil\\\/\",\"name\":\"Entrevista Dayse Amarilio | Blog Eixo Capital\",\"isPartOf\":{\"@id\":\"https:\\\/\\\/blogs2.correiobraziliense.com.br\\\/eixocapital\\\/#website\"},\"primaryImageOfPage\":{\"@id\":\"https:\\\/\\\/blogs2.correiobraziliense.com.br\\\/eixocapital\\\/2022\\\/11\\\/03\\\/dayse-amarilio-o-presidente-e-o-governador-sao-politicos-habeis-e-acredito-que-estarao-abertos-ao-dialogo-pelo-bem-do-df-e-do-brasil\\\/#primaryimage\"},\"image\":{\"@id\":\"https:\\\/\\\/blogs2.correiobraziliense.com.br\\\/eixocapital\\\/2022\\\/11\\\/03\\\/dayse-amarilio-o-presidente-e-o-governador-sao-politicos-habeis-e-acredito-que-estarao-abertos-ao-dialogo-pelo-bem-do-df-e-do-brasil\\\/#primaryimage\"},\"thumbnailUrl\":\"https:\\\/\\\/blogs2.correiobraziliense.com.br\\\/eixocapital\\\/wp-content\\\/uploads\\\/sites\\\/61\\\/2022\\\/11\\\/dayse_amarilio.jpg\",\"datePublished\":\"2022-11-03T10:31:36+00:00\",\"author\":{\"@id\":\"https:\\\/\\\/blogs2.correiobraziliense.com.br\\\/eixocapital\\\/#\\\/schema\\\/person\\\/a4f5a2f0b3624e2786848e90a97d2193\"},\"description\":\"A deputada distrital eleita pelo PSB, Dayse Amarilio, reconhece que, pelo menos in\u00edcio de ter apoio de eleitores de Bolsonaro.\",\"breadcrumb\":{\"@id\":\"https:\\\/\\\/blogs2.correiobraziliense.com.br\\\/eixocapital\\\/2022\\\/11\\\/03\\\/dayse-amarilio-o-presidente-e-o-governador-sao-politicos-habeis-e-acredito-que-estarao-abertos-ao-dialogo-pelo-bem-do-df-e-do-brasil\\\/#breadcrumb\"},\"inLanguage\":\"pt-BR\",\"potentialAction\":[{\"@type\":\"ReadAction\",\"target\":[\"https:\\\/\\\/blogs2.correiobraziliense.com.br\\\/eixocapital\\\/2022\\\/11\\\/03\\\/dayse-amarilio-o-presidente-e-o-governador-sao-politicos-habeis-e-acredito-que-estarao-abertos-ao-dialogo-pelo-bem-do-df-e-do-brasil\\\/\"]}]},{\"@type\":\"ImageObject\",\"inLanguage\":\"pt-BR\",\"@id\":\"https:\\\/\\\/blogs2.correiobraziliense.com.br\\\/eixocapital\\\/2022\\\/11\\\/03\\\/dayse-amarilio-o-presidente-e-o-governador-sao-politicos-habeis-e-acredito-que-estarao-abertos-ao-dialogo-pelo-bem-do-df-e-do-brasil\\\/#primaryimage\",\"url\":\"https:\\\/\\\/blogs2.correiobraziliense.com.br\\\/eixocapital\\\/wp-content\\\/uploads\\\/sites\\\/61\\\/2022\\\/11\\\/dayse_amarilio.jpg\",\"contentUrl\":\"https:\\\/\\\/blogs2.correiobraziliense.com.br\\\/eixocapital\\\/wp-content\\\/uploads\\\/sites\\\/61\\\/2022\\\/11\\\/dayse_amarilio.jpg\",\"width\":1200,\"height\":650},{\"@type\":\"BreadcrumbList\",\"@id\":\"https:\\\/\\\/blogs2.correiobraziliense.com.br\\\/eixocapital\\\/2022\\\/11\\\/03\\\/dayse-amarilio-o-presidente-e-o-governador-sao-politicos-habeis-e-acredito-que-estarao-abertos-ao-dialogo-pelo-bem-do-df-e-do-brasil\\\/#breadcrumb\",\"itemListElement\":[{\"@type\":\"ListItem\",\"position\":1,\"name\":\"In\u00edcio\",\"item\":\"https:\\\/\\\/blogs2.correiobraziliense.com.br\\\/eixocapital\\\/\"},{\"@type\":\"ListItem\",\"position\":2,\"name\":\"Dayse Amarilio: &#8220;O presidente e o governador s\u00e3o pol\u00edticos h\u00e1beis e acredito que estar\u00e3o abertos ao di\u00e1logo pelo bem do DF e do Brasil&#8221;\"}]},{\"@type\":\"WebSite\",\"@id\":\"https:\\\/\\\/blogs2.correiobraziliense.com.br\\\/eixocapital\\\/#website\",\"url\":\"https:\\\/\\\/blogs2.correiobraziliense.com.br\\\/eixocapital\\\/\",\"name\":\"Eixo Capital\",\"description\":\"Not\u00edcias do cen\u00e1rio pol\u00edtico.\",\"potentialAction\":[{\"@type\":\"SearchAction\",\"target\":{\"@type\":\"EntryPoint\",\"urlTemplate\":\"https:\\\/\\\/blogs2.correiobraziliense.com.br\\\/eixocapital\\\/?s={search_term_string}\"},\"query-input\":{\"@type\":\"PropertyValueSpecification\",\"valueRequired\":true,\"valueName\":\"search_term_string\"}}],\"inLanguage\":\"pt-BR\"},{\"@type\":\"Person\",\"@id\":\"https:\\\/\\\/blogs2.correiobraziliense.com.br\\\/eixocapital\\\/#\\\/schema\\\/person\\\/a4f5a2f0b3624e2786848e90a97d2193\",\"name\":\"Ana Maria Campos\",\"image\":{\"@type\":\"ImageObject\",\"inLanguage\":\"pt-BR\",\"@id\":\"https:\\\/\\\/secure.gravatar.com\\\/avatar\\\/a157388e997a7621740e33544a5ed091bc7576febcb7dc9ad33c6ee0d6f8da58?s=96&d=mm&r=g\",\"url\":\"https:\\\/\\\/secure.gravatar.com\\\/avatar\\\/a157388e997a7621740e33544a5ed091bc7576febcb7dc9ad33c6ee0d6f8da58?s=96&d=mm&r=g\",\"contentUrl\":\"https:\\\/\\\/secure.gravatar.com\\\/avatar\\\/a157388e997a7621740e33544a5ed091bc7576febcb7dc9ad33c6ee0d6f8da58?s=96&d=mm&r=g\",\"caption\":\"Ana Maria Campos\"},\"description\":\"Editora de pol\u00edtica do Distrito Federal e titular da coluna Eixo Capital no Correio Braziliense.\",\"sameAs\":[\"https:\\\/\\\/x.com\\\/anacampos_cb\"],\"url\":\"https:\\\/\\\/blogs2.correiobraziliense.com.br\\\/eixocapital\\\/author\\\/anacampos\\\/\"}]}<\/script>\n<!-- \/ Yoast SEO plugin. -->","yoast_head_json":{"title":"Entrevista Dayse Amarilio | Blog Eixo Capital","description":"A deputada distrital eleita pelo PSB, Dayse Amarilio, reconhece que, pelo menos in\u00edcio de ter apoio de eleitores de Bolsonaro.","robots":{"index":"index","follow":"follow","max-snippet":"max-snippet:-1","max-image-preview":"max-image-preview:large","max-video-preview":"max-video-preview:-1"},"canonical":"https:\/\/blogs2.correiobraziliense.com.br\/eixocapital\/2022\/11\/03\/dayse-amarilio-o-presidente-e-o-governador-sao-politicos-habeis-e-acredito-que-estarao-abertos-ao-dialogo-pelo-bem-do-df-e-do-brasil\/","og_locale":"pt_BR","og_type":"article","og_title":"Dayse Amarilio: \"O presidente e o governador s\u00e3o pol\u00edticos h\u00e1beis e acredito que estar\u00e3o abertos ao di\u00e1logo pelo bem do DF e do Brasil\"","og_description":"A deputada distrital eleita pelo PSB, Dayse Amarilio, reconhece que, pelo menos in\u00edcio de ter apoio de eleitores de Bolsonaro.","og_url":"https:\/\/blogs2.correiobraziliense.com.br\/eixocapital\/2022\/11\/03\/dayse-amarilio-o-presidente-e-o-governador-sao-politicos-habeis-e-acredito-que-estarao-abertos-ao-dialogo-pelo-bem-do-df-e-do-brasil\/","og_site_name":"Eixo Capital","article_published_time":"2022-11-03T10:31:36+00:00","og_image":[{"width":1200,"height":650,"url":"https:\/\/blogs2.correiobraziliense.com.br\/eixocapital\/wp-content\/uploads\/sites\/61\/2022\/11\/dayse_amarilio.jpg","type":"image\/jpeg"}],"author":"Ana Maria Campos","twitter_card":"summary_large_image","twitter_title":"Dayse Amarilio: \"O presidente e o governador s\u00e3o pol\u00edticos h\u00e1beis e acredito que estar\u00e3o abertos ao di\u00e1logo pelo bem do DF e do Brasil\"","twitter_description":"A deputada distrital eleita pelo PSB, Dayse Amarilio, reconhece que, pelo menos in\u00edcio de ter apoio de eleitores de Bolsonaro.","twitter_creator":"@anacampos_cb","twitter_misc":{"Escrito por":"Ana Maria Campos","Est. tempo de leitura":"2 minutos"},"schema":{"@context":"https:\/\/schema.org","@graph":[{"@type":"Article","@id":"https:\/\/blogs2.correiobraziliense.com.br\/eixocapital\/2022\/11\/03\/dayse-amarilio-o-presidente-e-o-governador-sao-politicos-habeis-e-acredito-que-estarao-abertos-ao-dialogo-pelo-bem-do-df-e-do-brasil\/#article","isPartOf":{"@id":"https:\/\/blogs2.correiobraziliense.com.br\/eixocapital\/2022\/11\/03\/dayse-amarilio-o-presidente-e-o-governador-sao-politicos-habeis-e-acredito-que-estarao-abertos-ao-dialogo-pelo-bem-do-df-e-do-brasil\/"},"author":{"name":"Ana Maria Campos","@id":"https:\/\/blogs2.correiobraziliense.com.br\/eixocapital\/#\/schema\/person\/a4f5a2f0b3624e2786848e90a97d2193"},"headline":"Dayse Amarilio: &#8220;O presidente e o governador s\u00e3o pol\u00edticos h\u00e1beis e acredito que estar\u00e3o abertos ao di\u00e1logo pelo bem do DF e do Brasil&#8221;","datePublished":"2022-11-03T10:31:36+00:00","mainEntityOfPage":{"@id":"https:\/\/blogs2.correiobraziliense.com.br\/eixocapital\/2022\/11\/03\/dayse-amarilio-o-presidente-e-o-governador-sao-politicos-habeis-e-acredito-que-estarao-abertos-ao-dialogo-pelo-bem-do-df-e-do-brasil\/"},"wordCount":389,"commentCount":0,"image":{"@id":"https:\/\/blogs2.correiobraziliense.com.br\/eixocapital\/2022\/11\/03\/dayse-amarilio-o-presidente-e-o-governador-sao-politicos-habeis-e-acredito-que-estarao-abertos-ao-dialogo-pelo-bem-do-df-e-do-brasil\/#primaryimage"},"thumbnailUrl":"https:\/\/blogs2.correiobraziliense.com.br\/eixocapital\/wp-content\/uploads\/sites\/61\/2022\/11\/dayse_amarilio.jpg","keywords":["Dayse Amarilio","Entrevista"],"articleSection":["Eixo Capital"],"inLanguage":"pt-BR","potentialAction":[{"@type":"CommentAction","name":"Comment","target":["https:\/\/blogs2.correiobraziliense.com.br\/eixocapital\/2022\/11\/03\/dayse-amarilio-o-presidente-e-o-governador-sao-politicos-habeis-e-acredito-que-estarao-abertos-ao-dialogo-pelo-bem-do-df-e-do-brasil\/#respond"]}]},{"@type":"WebPage","@id":"https:\/\/blogs2.correiobraziliense.com.br\/eixocapital\/2022\/11\/03\/dayse-amarilio-o-presidente-e-o-governador-sao-politicos-habeis-e-acredito-que-estarao-abertos-ao-dialogo-pelo-bem-do-df-e-do-brasil\/","url":"https:\/\/blogs2.correiobraziliense.com.br\/eixocapital\/2022\/11\/03\/dayse-amarilio-o-presidente-e-o-governador-sao-politicos-habeis-e-acredito-que-estarao-abertos-ao-dialogo-pelo-bem-do-df-e-do-brasil\/","name":"Entrevista Dayse Amarilio | Blog Eixo Capital","isPartOf":{"@id":"https:\/\/blogs2.correiobraziliense.com.br\/eixocapital\/#website"},"primaryImageOfPage":{"@id":"https:\/\/blogs2.correiobraziliense.com.br\/eixocapital\/2022\/11\/03\/dayse-amarilio-o-presidente-e-o-governador-sao-politicos-habeis-e-acredito-que-estarao-abertos-ao-dialogo-pelo-bem-do-df-e-do-brasil\/#primaryimage"},"image":{"@id":"https:\/\/blogs2.correiobraziliense.com.br\/eixocapital\/2022\/11\/03\/dayse-amarilio-o-presidente-e-o-governador-sao-politicos-habeis-e-acredito-que-estarao-abertos-ao-dialogo-pelo-bem-do-df-e-do-brasil\/#primaryimage"},"thumbnailUrl":"https:\/\/blogs2.correiobraziliense.com.br\/eixocapital\/wp-content\/uploads\/sites\/61\/2022\/11\/dayse_amarilio.jpg","datePublished":"2022-11-03T10:31:36+00:00","author":{"@id":"https:\/\/blogs2.correiobraziliense.com.br\/eixocapital\/#\/schema\/person\/a4f5a2f0b3624e2786848e90a97d2193"},"description":"A deputada distrital eleita pelo PSB, Dayse Amarilio, reconhece que, pelo menos in\u00edcio de ter apoio de eleitores de Bolsonaro.","breadcrumb":{"@id":"https:\/\/blogs2.correiobraziliense.com.br\/eixocapital\/2022\/11\/03\/dayse-amarilio-o-presidente-e-o-governador-sao-politicos-habeis-e-acredito-que-estarao-abertos-ao-dialogo-pelo-bem-do-df-e-do-brasil\/#breadcrumb"},"inLanguage":"pt-BR","potentialAction":[{"@type":"ReadAction","target":["https:\/\/blogs2.correiobraziliense.com.br\/eixocapital\/2022\/11\/03\/dayse-amarilio-o-presidente-e-o-governador-sao-politicos-habeis-e-acredito-que-estarao-abertos-ao-dialogo-pelo-bem-do-df-e-do-brasil\/"]}]},{"@type":"ImageObject","inLanguage":"pt-BR","@id":"https:\/\/blogs2.correiobraziliense.com.br\/eixocapital\/2022\/11\/03\/dayse-amarilio-o-presidente-e-o-governador-sao-politicos-habeis-e-acredito-que-estarao-abertos-ao-dialogo-pelo-bem-do-df-e-do-brasil\/#primaryimage","url":"https:\/\/blogs2.correiobraziliense.com.br\/eixocapital\/wp-content\/uploads\/sites\/61\/2022\/11\/dayse_amarilio.jpg","contentUrl":"https:\/\/blogs2.correiobraziliense.com.br\/eixocapital\/wp-content\/uploads\/sites\/61\/2022\/11\/dayse_amarilio.jpg","width":1200,"height":650},{"@type":"BreadcrumbList","@id":"https:\/\/blogs2.correiobraziliense.com.br\/eixocapital\/2022\/11\/03\/dayse-amarilio-o-presidente-e-o-governador-sao-politicos-habeis-e-acredito-que-estarao-abertos-ao-dialogo-pelo-bem-do-df-e-do-brasil\/#breadcrumb","itemListElement":[{"@type":"ListItem","position":1,"name":"In\u00edcio","item":"https:\/\/blogs2.correiobraziliense.com.br\/eixocapital\/"},{"@type":"ListItem","position":2,"name":"Dayse Amarilio: &#8220;O presidente e o governador s\u00e3o pol\u00edticos h\u00e1beis e acredito que estar\u00e3o abertos ao di\u00e1logo pelo bem do DF e do Brasil&#8221;"}]},{"@type":"WebSite","@id":"https:\/\/blogs2.correiobraziliense.com.br\/eixocapital\/#website","url":"https:\/\/blogs2.correiobraziliense.com.br\/eixocapital\/","name":"Eixo Capital","description":"Not\u00edcias do cen\u00e1rio pol\u00edtico.","potentialAction":[{"@type":"SearchAction","target":{"@type":"EntryPoint","urlTemplate":"https:\/\/blogs2.correiobraziliense.com.br\/eixocapital\/?s={search_term_string}"},"query-input":{"@type":"PropertyValueSpecification","valueRequired":true,"valueName":"search_term_string"}}],"inLanguage":"pt-BR"},{"@type":"Person","@id":"https:\/\/blogs2.correiobraziliense.com.br\/eixocapital\/#\/schema\/person\/a4f5a2f0b3624e2786848e90a97d2193","name":"Ana Maria Campos","image":{"@type":"ImageObject","inLanguage":"pt-BR","@id":"https:\/\/secure.gravatar.com\/avatar\/a157388e997a7621740e33544a5ed091bc7576febcb7dc9ad33c6ee0d6f8da58?s=96&d=mm&r=g","url":"https:\/\/secure.gravatar.com\/avatar\/a157388e997a7621740e33544a5ed091bc7576febcb7dc9ad33c6ee0d6f8da58?s=96&d=mm&r=g","contentUrl":"https:\/\/secure.gravatar.com\/avatar\/a157388e997a7621740e33544a5ed091bc7576febcb7dc9ad33c6ee0d6f8da58?s=96&d=mm&r=g","caption":"Ana Maria Campos"},"description":"Editora de pol\u00edtica do Distrito Federal e titular da coluna Eixo Capital no Correio Braziliense.","sameAs":["https:\/\/x.com\/anacampos_cb"],"url":"https:\/\/blogs2.correiobraziliense.com.br\/eixocapital\/author\/anacampos\/"}]}},"_links":{"self":[{"href":"https:\/\/blogs2.correiobraziliense.com.br\/eixocapital\/wp-json\/wp\/v2\/posts\/2100","targetHints":{"allow":["GET"]}}],"collection":[{"href":"https:\/\/blogs2.correiobraziliense.com.br\/eixocapital\/wp-json\/wp\/v2\/posts"}],"about":[{"href":"https:\/\/blogs2.correiobraziliense.com.br\/eixocapital\/wp-json\/wp\/v2\/types\/post"}],"author":[{"embeddable":true,"href":"https:\/\/blogs2.correiobraziliense.com.br\/eixocapital\/wp-json\/wp\/v2\/users\/9"}],"replies":[{"embeddable":true,"href":"https:\/\/blogs2.correiobraziliense.com.br\/eixocapital\/wp-json\/wp\/v2\/comments?post=2100"}],"version-history":[{"count":1,"href":"https:\/\/blogs2.correiobraziliense.com.br\/eixocapital\/wp-json\/wp\/v2\/posts\/2100\/revisions"}],"predecessor-version":[{"id":2102,"href":"https:\/\/blogs2.correiobraziliense.com.br\/eixocapital\/wp-json\/wp\/v2\/posts\/2100\/revisions\/2102"}],"wp:featuredmedia":[{"embeddable":true,"href":"https:\/\/blogs2.correiobraziliense.com.br\/eixocapital\/wp-json\/wp\/v2\/media\/2101"}],"wp:attachment":[{"href":"https:\/\/blogs2.correiobraziliense.com.br\/eixocapital\/wp-json\/wp\/v2\/media?parent=2100"}],"wp:term":[{"taxonomy":"category","embeddable":true,"href":"https:\/\/blogs2.correiobraziliense.com.br\/eixocapital\/wp-json\/wp\/v2\/categories?post=2100"},{"taxonomy":"post_tag","embeddable":true,"href":"https:\/\/blogs2.correiobraziliense.com.br\/eixocapital\/wp-json\/wp\/v2\/tags?post=2100"}],"curies":[{"name":"wp","href":"https:\/\/api.w.org\/{rel}","templated":true}]}}