{"id":100,"date":"2015-05-06T00:10:00","date_gmt":"2015-05-06T03:10:00","guid":{"rendered":"https:\/\/blogs2.correiobraziliense.com.br\/vicente\/tabua_de_salvacao\/"},"modified":"2015-05-06T00:10:00","modified_gmt":"2015-05-06T03:10:00","slug":"tabua_de_salvacao","status":"publish","type":"post","link":"https:\/\/blogs2.correiobraziliense.com.br\/vicente\/tabua_de_salvacao\/","title":{"rendered":"T\u00c1BUA DE SALVA\u00c7\u00c3O"},"content":{"rendered":"\n<p>Em conversa com integrantes da equipe econ\u00f4mica, a presidente Dilma Rousseff tem deixado transparecer, sem constrangimento, a satisfa\u00e7\u00e3o pelo clima menos beligerante do mercado financeiro em rela\u00e7\u00e3o ao governo. A avalia\u00e7\u00e3o \u00e9 de que, aos poucos, lentamente, os investidores est\u00e3o se convencendo de que, mesmo com os embates pol\u00edticos, o ministro da Fazenda entregar\u00e1 o ajuste fiscal prometido. Mas \u00e9 preciso muita cautela. Comemorar antes da hora sempre se mostrou um p\u00e9ssimo neg\u00f3cio. <\/p>\n<p>O ajuste fiscal que todos esperam \u00e9 s\u00f3 o come\u00e7o da reconstru\u00e7\u00e3o da confian\u00e7a que o pa\u00eds precisa para a retomada do crescimento. O estrago provocado nas contas p\u00fablicas nos \u00faltimos quatro anos deixou um deficit enorme de credibilidade e um passivo assustador. Quando se olha para os resultados do setor p\u00fablico nos \u00faltimos 12 meses, o que se v\u00ea \u00e9 um rombo de R$ 435,7 bilh\u00f5es, o equivalente a 7,81% do Produto Interno Bruto (PIB). Essa fatura corresponde a soma do buraco de R$ 39,1 bilh\u00f5es no caixa da Uni\u00e3o, de estados e munic\u00edpios com as despesas de juros, de R$ 396,6 bilh\u00f5es. <\/p>\n<p>Diante desse quadro, o superavit de 1,2% do PIB prometido por Levy para este ano, equivalente a R$ 70 bilh\u00f5es, est\u00e1 longe de ser a solu\u00e7\u00e3o que o pa\u00eds precisa para recuperar a responsabilidade fiscal. N\u00e3o por acaso, o mercado reduziu a import\u00e2ncia que vinha dando \u00e0 vota\u00e7\u00e3o das Medidas Provis\u00f3rias 664 e 665, que reduzem o acesso a benef\u00edcios sociais. Mais importante do que o valor a ser economizado com as MPs, que j\u00e1 foram desfiguradas pelo Congresso, \u00e9 o tamanho do corte de gastos que o governo promete anunciar ainda neste m\u00eas. \u00c9 esse o verdadeiro arrocho que o mercado que ver. <\/p>\n<p>Por enquanto, o que o governo est\u00e1 sinalizando s\u00e3o ajustes de curto prazo. Ainda h\u00e1 d\u00favidas se o compromisso com o equil\u00edbrio fiscal se prolongar\u00e1 pelos pr\u00f3ximos anos, livre de tenta\u00e7\u00f5es pol\u00edticas e de presidentes que cismam em lan\u00e7ar novas matrizes econ\u00f4micas acreditando que podem provocar saltos espetaculares no PIB. Dilma Rousseff deu demonstra\u00e7\u00f5es suficientes de que \u00e9 chegada a estripulias nas contas p\u00fablicas. E que s\u00f3 se rendeu ao ortodoxismo de Levy como t\u00e1bua de salva\u00e7\u00e3o. <\/p>\n<p>Nada impede que, dois anos depois, \u00e0s v\u00e9speras das pr\u00f3ximas elei\u00e7\u00f5es, Dilma volte a recorrer a maquiagens, truques, pedaladas fiscais para tentar bombar a economia a fim de criar uma sensa\u00e7\u00e3o superficial de bem-estar na popula\u00e7\u00e3o, como forma de viabilizar uma candidatura petista. O desejo de poder do PT \u00e9 desmedido. E se precisar colocar as contas p\u00fablicas em risco novamente para manter o dom\u00ednio do Pal\u00e1cio do Planalto por mais quatro anos, n\u00e3o medir\u00e1 esfor\u00e7os. Dilma ser\u00e1 apenas a executora do projeto para fazer seu sucessor. <\/p>\n<p>O PT, como j\u00e1 demonstrou o ex-presidente Lula, n\u00e3o desistir\u00e1 facilmente da empreitada de sair vitorioso das urnas em 2018. O partido sabe que a situa\u00e7\u00e3o econ\u00f4mica vai piorar muito neste ano. Por isso, mesmo que envergonhado, dar\u00e1 apoio \u00e0s medidas adotadas por Dilma. A aposta \u00e9 a de que, mais \u00e0 frente, ser\u00e1 recompensado com mais crescimento, emprego e renda, combina\u00e7\u00e3o que sempre seduz os eleitores. A legenda acredita ainda que as den\u00fancias de corrup\u00e7\u00e3o envolvendo a Petrobras perder\u00e3o for\u00e7a, sobretudo depois de a estatal recuperar o f\u00f4lego para investir. <\/p>\n<p>Pelos c\u00e1lculos do Bank of America Merrill Lynch, se o ajuste fiscal promovido por Levy der resultados, o governo come\u00e7ar\u00e1 a colher resultados a partir de 2016. A expectativa dos economistas da institui\u00e7\u00e3o norte-americana \u00e9 a de que, depois de encolher 1,3% neste ano, o PIB avance 1,2% no seguinte, puxado pela maior confian\u00e7a dos agentes econ\u00f4micos. O banco acredita que os investimentos produtivos tender\u00e3o a voltar, assim como o consumo, a despeito do ritmo lento. <\/p>\n<p>Aos mais pr\u00f3ximos, Dilma vem conclamando que, aprovadas as medidas provis\u00f3rias no Congresso e anunciado o corte de gastos que deve ficar entre R$ 60 bilh\u00f5es e R$ 80 bilh\u00f5es, todos os integrantes do governo saiam \u00e0s ruas para mostrar que o governo n\u00e3o morreu. Ela, inclusive, j\u00e1 se prepara para, com n\u00fameros mais favor\u00e1veis nas m\u00e3os, voltar a enfrentar os eleitores. Acredita que ter\u00e1 bons argumentos para rebater os panela\u00e7os que, agora, ela tanto teme. <\/p>\n<p>Faz parte do papel do governo tentar mostrar otimismo. Mas da\u00ed a acreditar que ter\u00e1 driblado todos os problemas e a desconfian\u00e7a com um pacote fiscal longe do ideal tem uma grande dist\u00e2ncia. Os mesmos investidores que est\u00e3o mostrando certo conformismo com o que o Pal\u00e1cio do Planalto tem oferecido v\u00e3o cobrar medidas adicionais e mais fortes para arrumar a casa de vez. A vida de Dilma est\u00e1 longe, mas muito longe de um mar de rosas. H\u00e1, sim, um assustador tsunami \u00e0 espreita.&nbsp;&nbsp;<b>Trabalhador paga a conta<\/b>&nbsp;\u00bb A ind\u00fastria se manter\u00e1 no fundo do po\u00e7o por um longo per\u00edodo. Pelas contas de Luciana de S\u00e1, economista-chefe da Federa\u00e7\u00e3o das Ind\u00fastrias do Rio de Janeiro (Firjan), o setor encolheu 2,8% em mar\u00e7o na compara\u00e7\u00e3o com o mesmo m\u00eas de 2014. \u201cO pior chegou. A queda da produ\u00e7\u00e3o est\u00e1 batendo firme no emprego e na renda\u201d, diz.&nbsp;<b>Reajustes de combust\u00edveis<\/b>&nbsp;\u00bb O economista-chefe da Gradual Investimentos, Andr\u00e9 Perfeito, n\u00e3o descarta a possibilidade de a Petrobras anunciar aumento dos combust\u00edveis no segundo semestre, se os pre\u00e7os do petr\u00f3leo continuarem em alta e o d\u00f3lar caminhar para mais pr\u00f3ximo de R$ 3,50. Segundo ele, o discurso para esse poss\u00edvel reajuste j\u00e1 est\u00e1 sendo preparado pelo governo.<i> <\/p>\n<p><\/i><i>Bras\u00edlia, 00h10min<\/i>   <\/p>\n","protected":false},"excerpt":{"rendered":"<p>Em conversa com integrantes da equipe econ\u00f4mica, a presidente Dilma Rousseff tem deixado transparecer, sem constrangimento, a satisfa\u00e7\u00e3o pelo clima menos beligerante do mercado financeiro em rela\u00e7\u00e3o ao governo. A avalia\u00e7\u00e3o \u00e9 de que, aos poucos, lentamente, os investidores est\u00e3o se convencendo de que, mesmo com os embates pol\u00edticos, o ministro da Fazenda entregar\u00e1 o [&hellip;]<\/p>\n","protected":false},"author":22,"featured_media":0,"comment_status":"open","ping_status":"open","sticky":false,"template":"","format":"standard","meta":{"wpb_read_more":[],"footnotes":""},"categories":[1],"tags":[],"class_list":["post-100","post","type-post","status-publish","format-standard","hentry","category-sem-categoria"],"_links":{"self":[{"href":"https:\/\/blogs2.correiobraziliense.com.br\/vicente\/wp-json\/wp\/v2\/posts\/100","targetHints":{"allow":["GET"]}}],"collection":[{"href":"https:\/\/blogs2.correiobraziliense.com.br\/vicente\/wp-json\/wp\/v2\/posts"}],"about":[{"href":"https:\/\/blogs2.correiobraziliense.com.br\/vicente\/wp-json\/wp\/v2\/types\/post"}],"author":[{"embeddable":true,"href":"https:\/\/blogs2.correiobraziliense.com.br\/vicente\/wp-json\/wp\/v2\/users\/22"}],"replies":[{"embeddable":true,"href":"https:\/\/blogs2.correiobraziliense.com.br\/vicente\/wp-json\/wp\/v2\/comments?post=100"}],"version-history":[{"count":0,"href":"https:\/\/blogs2.correiobraziliense.com.br\/vicente\/wp-json\/wp\/v2\/posts\/100\/revisions"}],"wp:attachment":[{"href":"https:\/\/blogs2.correiobraziliense.com.br\/vicente\/wp-json\/wp\/v2\/media?parent=100"}],"wp:term":[{"taxonomy":"category","embeddable":true,"href":"https:\/\/blogs2.correiobraziliense.com.br\/vicente\/wp-json\/wp\/v2\/categories?post=100"},{"taxonomy":"post_tag","embeddable":true,"href":"https:\/\/blogs2.correiobraziliense.com.br\/vicente\/wp-json\/wp\/v2\/tags?post=100"}],"curies":[{"name":"wp","href":"https:\/\/api.w.org\/{rel}","templated":true}]}}