{"id":10024,"date":"2019-02-14T09:25:10","date_gmt":"2019-02-14T11:25:10","guid":{"rendered":"https:\/\/blogs2.correiobraziliense.com.br\/vicente\/?p=10024"},"modified":"2019-02-14T09:25:10","modified_gmt":"2019-02-14T11:25:10","slug":"setor-de-servicos-ainda-nao-saiu-da-crise-economica-diz-ibge","status":"publish","type":"post","link":"https:\/\/blogs2.correiobraziliense.com.br\/vicente\/setor-de-servicos-ainda-nao-saiu-da-crise-economica-diz-ibge\/","title":{"rendered":"Setor de servi\u00e7os ainda n\u00e3o saiu da crise econ\u00f4mica, diz IBGE"},"content":{"rendered":"<h2>HAMILTON FERRARI<\/p>\n<p>O setor de servi\u00e7os ainda n\u00e3o conseguiu se recuperar da crise econ\u00f4mica. Pelo quarto ano consecutivo, o volume tombou novamente em 2018. Segundo dados divulgados pelo Instituto Brasileiro de Geografia e Estat\u00edstica (IBGE), divulgados na manh\u00e3 desta quinta-feira (14\/2), houve recuo de 0,1% na atividade do setor no \u00faltimo ano.<\/h2>\n<p>&nbsp;<\/p>\n<p>Ap\u00f3s o per\u00edodo de quatro anos consecutivos de perdas, o setor tem retra\u00e7\u00e3o de 11,1%. No \u00faltimo resultado do \u00faltimo ano, de dezembro, os servi\u00e7os registraram leve alta de 0,2% em compara\u00e7\u00e3o com novembro.<\/p>\n<p>&nbsp;<\/p>\n<p>Das cinco atividades pesquisadas do instituto, duas puxaram a queda em 2018. Entre os grupos, os servi\u00e7os profissionais, administrativos e complementares retra\u00edram 1,9% no \u00faltimo ano, representando o principal impacto negativo sobre o \u00edndice. Os servi\u00e7os de informa\u00e7\u00e3o e comunica\u00e7\u00e3o tamb\u00e9m ca\u00edram 0,5%, explicado, principalmente, pela menor receita recebida pelas empresas do ramo de telecomunica\u00e7\u00f5es.<\/p>\n<p>&nbsp;<\/p>\n<p>Em contrapartida, os segmentos de transportes, servi\u00e7os auxiliares aos transportes e correio (1,2%), de outros servi\u00e7os (1,9%) e de servi\u00e7os prestados \u00e0s fam\u00edlias (0,2%) cresceram em 2018.<\/p>\n<p>&nbsp;<\/p>\n<p>Observando as 27 unidades da federa\u00e7\u00e3o, os servi\u00e7os recuaram em 23. O principal impacto negativo, em termos regionais, ocorreu no Rio de Janeiro (-3,2%). Houve forte recuos ainda no Cear\u00e1 (-7,1%), na Bahia (-3,3%), no Paran\u00e1 (-1,7%) e no Rio Grande do Sul (-1,7%). Na contram\u00e3o, S\u00e3o Paulo (2,1%) tentou puxar uma retomada do setor em 2018.<\/p>\n<p>&nbsp;<\/p>\n<p>As atividades tur\u00edsticas cresceram 2,0% frente a igual per\u00edodo do ano passado. Regionalmente, oito dos 12 locais investigados tamb\u00e9m registraram taxas positivas, com destaque para S\u00e3o Paulo (5,1%), Pernambuco (4,4%), Cear\u00e1 (6,6%) e Minas Gerais (1,3%). J\u00e1 Rio de Janeiro (-3,4%) e Paran\u00e1 (-5,9%) tiveram as principais influ\u00eancias negativas.<\/p>\n<p>&nbsp;<\/p>\n<p><em>Bras\u00edlia, 9h20min<\/em><\/p>\n","protected":false},"excerpt":{"rendered":"<p>HAMILTON FERRARI O setor de servi\u00e7os ainda n\u00e3o conseguiu se recuperar da crise econ\u00f4mica. Pelo quarto ano consecutivo, o volume tombou novamente em 2018. Segundo dados divulgados pelo Instituto Brasileiro de Geografia e Estat\u00edstica (IBGE), divulgados na manh\u00e3 desta quinta-feira (14\/2), houve recuo de 0,1% na atividade do setor no \u00faltimo ano. &nbsp; Ap\u00f3s o [&hellip;]<\/p>\n","protected":false},"author":22,"featured_media":0,"comment_status":"open","ping_status":"closed","sticky":false,"template":"","format":"standard","meta":{"wpb_read_more":[],"footnotes":""},"categories":[600],"tags":[179,391,3698,414],"class_list":["post-10024","post","type-post","status-publish","format-standard","hentry","category-economia","tag-crise","tag-ibge","tag-indice","tag-servicos"],"_links":{"self":[{"href":"https:\/\/blogs2.correiobraziliense.com.br\/vicente\/wp-json\/wp\/v2\/posts\/10024","targetHints":{"allow":["GET"]}}],"collection":[{"href":"https:\/\/blogs2.correiobraziliense.com.br\/vicente\/wp-json\/wp\/v2\/posts"}],"about":[{"href":"https:\/\/blogs2.correiobraziliense.com.br\/vicente\/wp-json\/wp\/v2\/types\/post"}],"author":[{"embeddable":true,"href":"https:\/\/blogs2.correiobraziliense.com.br\/vicente\/wp-json\/wp\/v2\/users\/22"}],"replies":[{"embeddable":true,"href":"https:\/\/blogs2.correiobraziliense.com.br\/vicente\/wp-json\/wp\/v2\/comments?post=10024"}],"version-history":[{"count":1,"href":"https:\/\/blogs2.correiobraziliense.com.br\/vicente\/wp-json\/wp\/v2\/posts\/10024\/revisions"}],"predecessor-version":[{"id":10025,"href":"https:\/\/blogs2.correiobraziliense.com.br\/vicente\/wp-json\/wp\/v2\/posts\/10024\/revisions\/10025"}],"wp:attachment":[{"href":"https:\/\/blogs2.correiobraziliense.com.br\/vicente\/wp-json\/wp\/v2\/media?parent=10024"}],"wp:term":[{"taxonomy":"category","embeddable":true,"href":"https:\/\/blogs2.correiobraziliense.com.br\/vicente\/wp-json\/wp\/v2\/categories?post=10024"},{"taxonomy":"post_tag","embeddable":true,"href":"https:\/\/blogs2.correiobraziliense.com.br\/vicente\/wp-json\/wp\/v2\/tags?post=10024"}],"curies":[{"name":"wp","href":"https:\/\/api.w.org\/{rel}","templated":true}]}}