{"id":10026,"date":"2019-02-14T17:35:32","date_gmt":"2019-02-14T19:35:32","guid":{"rendered":"https:\/\/blogs2.correiobraziliense.com.br\/vicente\/?p=10026"},"modified":"2019-02-14T17:42:40","modified_gmt":"2019-02-14T19:42:40","slug":"idade-minima-maior-na-previdencia-faz-bolsa-disparar","status":"publish","type":"post","link":"https:\/\/blogs2.correiobraziliense.com.br\/vicente\/idade-minima-maior-na-previdencia-faz-bolsa-disparar\/","title":{"rendered":"Idade m\u00ednima maior na Previd\u00eancia faz Bolsa disparar"},"content":{"rendered":"<h2>GABRIEL PONTE<\/h2>\n<h2><\/h2>\n<h2>A declara\u00e7\u00e3o do Secret\u00e1rio de Previd\u00eancia Social, Rog\u00e9rio Marinho, nesta tarde (14\/02), de que um dos pontos previstos na proposta da reforma Previd\u00eancia ser\u00e1 o estabelecimento de idade m\u00ednima de 65 anos, para homens, e 62 anos, para mulheres encheu os olhos dos donos do dinheiro. O Ibovespa, principal \u00edndice da Bolsa de Valores de S\u00e3o Paulo (B3), que operava na normalidade, pr\u00f3xima \u00e0 estabilidade, antes do comunicado, virou para forte alta. No momento, o \u00edndice acumula forte avan\u00e7o de 1,59%, aos 97.437 pontos.<\/h2>\n<p>&nbsp;<\/p>\n<p>Os agentes econ\u00f4micos assimilaram, positivamente, em um primeiro momento, a idade-m\u00ednima para aposentadoria. Al\u00e9m disso, o per\u00edodo de transi\u00e7\u00e3o dever\u00e1 ser de 12 anos, segundo informa\u00e7\u00f5es de Marinho. Na pr\u00e1tica, a reforma deve prever a economia de R$ 1 trilh\u00e3o em um per\u00edodo de dez anos. No momento, os ativos mais negociados s\u00e3o os pap\u00e9is preferenciais da Petrobras (+2,42%), ativos ordin\u00e1rios do Banco do Brasil (+4,07%) e as a\u00e7\u00f5es do Ita\u00fa Unibanco (+1,41%).<\/p>\n<p>&nbsp;<\/p>\n<p>As tr\u00eas empresas mencionadas possuem peso consider\u00e1vel na composi\u00e7\u00e3o de carteira te\u00f3rica do Ibovespa, contribuindo para o avan\u00e7o do \u00edndice. Al\u00e9m disso, o d\u00f3lar norte-americano fechou a sess\u00e3o de neg\u00f3cios em queda de 0,27%, sendo negociado a R$ 3,742. Os investidores repercutiram o encontro de Bolsonaro com a equipe t\u00e9cnica do projeto nesta quinta-feira. Segundo Marinho, a expectativa \u00e9 de que o texto possa ser encaminhado ao Congresso Nacional at\u00e9 20 de fevereiro.<\/p>\n","protected":false},"excerpt":{"rendered":"<p>GABRIEL PONTE A declara\u00e7\u00e3o do Secret\u00e1rio de Previd\u00eancia Social, Rog\u00e9rio Marinho, nesta tarde (14\/02), de que um dos pontos previstos na proposta da reforma Previd\u00eancia ser\u00e1 o estabelecimento de idade m\u00ednima de 65 anos, para homens, e 62 anos, para mulheres encheu os olhos dos donos do dinheiro. O Ibovespa, principal \u00edndice da Bolsa de [&hellip;]<\/p>\n","protected":false},"author":22,"featured_media":0,"comment_status":"open","ping_status":"closed","sticky":false,"template":"","format":"standard","meta":{"wpb_read_more":[],"footnotes":""},"categories":[600],"tags":[],"class_list":["post-10026","post","type-post","status-publish","format-standard","hentry","category-economia"],"_links":{"self":[{"href":"https:\/\/blogs2.correiobraziliense.com.br\/vicente\/wp-json\/wp\/v2\/posts\/10026","targetHints":{"allow":["GET"]}}],"collection":[{"href":"https:\/\/blogs2.correiobraziliense.com.br\/vicente\/wp-json\/wp\/v2\/posts"}],"about":[{"href":"https:\/\/blogs2.correiobraziliense.com.br\/vicente\/wp-json\/wp\/v2\/types\/post"}],"author":[{"embeddable":true,"href":"https:\/\/blogs2.correiobraziliense.com.br\/vicente\/wp-json\/wp\/v2\/users\/22"}],"replies":[{"embeddable":true,"href":"https:\/\/blogs2.correiobraziliense.com.br\/vicente\/wp-json\/wp\/v2\/comments?post=10026"}],"version-history":[{"count":1,"href":"https:\/\/blogs2.correiobraziliense.com.br\/vicente\/wp-json\/wp\/v2\/posts\/10026\/revisions"}],"predecessor-version":[{"id":10027,"href":"https:\/\/blogs2.correiobraziliense.com.br\/vicente\/wp-json\/wp\/v2\/posts\/10026\/revisions\/10027"}],"wp:attachment":[{"href":"https:\/\/blogs2.correiobraziliense.com.br\/vicente\/wp-json\/wp\/v2\/media?parent=10026"}],"wp:term":[{"taxonomy":"category","embeddable":true,"href":"https:\/\/blogs2.correiobraziliense.com.br\/vicente\/wp-json\/wp\/v2\/categories?post=10026"},{"taxonomy":"post_tag","embeddable":true,"href":"https:\/\/blogs2.correiobraziliense.com.br\/vicente\/wp-json\/wp\/v2\/tags?post=10026"}],"curies":[{"name":"wp","href":"https:\/\/api.w.org\/{rel}","templated":true}]}}