{"id":10029,"date":"2019-02-19T10:01:01","date_gmt":"2019-02-19T13:01:01","guid":{"rendered":"https:\/\/blogs2.correiobraziliense.com.br\/vicente\/?p=10029"},"modified":"2019-02-19T11:10:08","modified_gmt":"2019-02-19T14:10:08","slug":"robson-andrade-presidente-da-cni-e-desafeto-de-paulo-guedes","status":"publish","type":"post","link":"https:\/\/blogs2.correiobraziliense.com.br\/vicente\/robson-andrade-presidente-da-cni-e-desafeto-de-paulo-guedes\/","title":{"rendered":"Robson Andrade, presidente da CNI, \u00e9 desafeto de Paulo Guedes"},"content":{"rendered":"<h2>O ministro da Economia, Paulo Guedes, n\u00e3o perdoa o presidente da Confedera\u00e7\u00e3o Nacional da Ind\u00fastria (CNI), Robson Braga de Andrade, que foi preso nesta ter\u00e7a-feira, 19 de fevereiro, dentro da Opera\u00e7\u00e3o Fantoche, que apura fraudes no Sistema S. Guedes se diz tra\u00eddo por Andrade.<\/h2>\n<p>&nbsp;<\/p>\n<p>Os dois haviam combinado de eleger o presidente da Sociedade Nacional de Agricultura (SNA), Antonio Alvarenga, para a presid\u00eancia do Conselho do Sebrae nacional no fim de 2018. Mas, na hora H, Andrade mudou o voto e ajudou a eleger para o cobi\u00e7ado cargo o\u00a0presidente do Conselho do Sesi, Jo\u00e3o Henrique de Almeida Souza, seu pupilo.<\/p>\n<p>&nbsp;<\/p>\n<p>Daquele momento em diante, Guedes fechou todas as portas para o presidente da CNI no ent\u00e3o governo de transi\u00e7\u00e3o. Andrade ficou sem acesso \u00e0 toda a equipe que dava assessoria ao ent\u00e3o futuro ministro da Economia.<\/p>\n<p>&nbsp;<\/p>\n<p>Guedes, para mostrar seu descontentamento com Andrade, passou a pregar o corte de at\u00e9 50% nos recursos no Sistema S, que est\u00e1 sendo alvo de investiga\u00e7\u00e3o da Pol\u00edcia Federal. O ministro acredita que &#8220;h\u00e1 dinheiro sendo gasto de forma irregular&#8221;.<\/p>\n<p>&nbsp;<\/p>\n<p>O clima na CNI, por sinal,\u00a0 \u00e9 de grande apreens\u00e3o. Todos est\u00e3o at\u00f4nitos com a pris\u00e3o de Robson Andrade. Em toda, a confedera\u00e7\u00e3o afirma que &#8220;n\u00e3o teve acesso \u00e0 investiga\u00e7\u00e3o e acredita que tudo ser\u00e1 devidamente esclarecido. Como sempre fez, a entidade est\u00e1 \u00e0 disposi\u00e7\u00e3o para oferecer todas as informa\u00e7\u00f5es que forem solicitadas pelas autoridades&#8221;.<\/p>\n<p>&nbsp;<\/p>\n<p><em>Bras\u00edlia, 10h10min<\/em><\/p>\n","protected":false},"excerpt":{"rendered":"<p>O ministro da Economia, Paulo Guedes, n\u00e3o perdoa o presidente da Confedera\u00e7\u00e3o Nacional da Ind\u00fastria (CNI), Robson Braga de Andrade, que foi preso nesta ter\u00e7a-feira, 19 de fevereiro, dentro da Opera\u00e7\u00e3o Fantoche, que apura fraudes no Sistema S. Guedes se diz tra\u00eddo por Andrade. &nbsp; Os dois haviam combinado de eleger o presidente da Sociedade [&hellip;]<\/p>\n","protected":false},"author":22,"featured_media":0,"comment_status":"open","ping_status":"closed","sticky":false,"template":"","format":"standard","meta":{"wpb_read_more":[],"footnotes":""},"categories":[600],"tags":[3700,706,3616,3679,351,3699,3701],"class_list":["post-10029","post","type-post","status-publish","format-standard","hentry","category-economia","tag-andrade","tag-cni","tag-guedes","tag-paulo","tag-prisao","tag-robson","tag-sistema-s"],"_links":{"self":[{"href":"https:\/\/blogs2.correiobraziliense.com.br\/vicente\/wp-json\/wp\/v2\/posts\/10029","targetHints":{"allow":["GET"]}}],"collection":[{"href":"https:\/\/blogs2.correiobraziliense.com.br\/vicente\/wp-json\/wp\/v2\/posts"}],"about":[{"href":"https:\/\/blogs2.correiobraziliense.com.br\/vicente\/wp-json\/wp\/v2\/types\/post"}],"author":[{"embeddable":true,"href":"https:\/\/blogs2.correiobraziliense.com.br\/vicente\/wp-json\/wp\/v2\/users\/22"}],"replies":[{"embeddable":true,"href":"https:\/\/blogs2.correiobraziliense.com.br\/vicente\/wp-json\/wp\/v2\/comments?post=10029"}],"version-history":[{"count":1,"href":"https:\/\/blogs2.correiobraziliense.com.br\/vicente\/wp-json\/wp\/v2\/posts\/10029\/revisions"}],"predecessor-version":[{"id":10030,"href":"https:\/\/blogs2.correiobraziliense.com.br\/vicente\/wp-json\/wp\/v2\/posts\/10029\/revisions\/10030"}],"wp:attachment":[{"href":"https:\/\/blogs2.correiobraziliense.com.br\/vicente\/wp-json\/wp\/v2\/media?parent=10029"}],"wp:term":[{"taxonomy":"category","embeddable":true,"href":"https:\/\/blogs2.correiobraziliense.com.br\/vicente\/wp-json\/wp\/v2\/categories?post=10029"},{"taxonomy":"post_tag","embeddable":true,"href":"https:\/\/blogs2.correiobraziliense.com.br\/vicente\/wp-json\/wp\/v2\/tags?post=10029"}],"curies":[{"name":"wp","href":"https:\/\/api.w.org\/{rel}","templated":true}]}}