{"id":1004,"date":"2016-05-17T01:31:37","date_gmt":"2016-05-17T04:31:37","guid":{"rendered":"https:\/\/blogs2.correiobraziliense.com.br\/vicente\/?p=1004"},"modified":"2016-05-17T01:31:37","modified_gmt":"2016-05-17T04:31:37","slug":"temer-levara-reforma-da-previdencia-adiante-apesar-das-centrais","status":"publish","type":"post","link":"https:\/\/blogs2.correiobraziliense.com.br\/vicente\/temer-levara-reforma-da-previdencia-adiante-apesar-das-centrais\/","title":{"rendered":"Temer levar\u00e1 reforma da Previd\u00eancia adiante, apesar das centrais"},"content":{"rendered":"<p>POR ANTONIO TEM\u00d3TEO<\/p>\n<p>&nbsp;<\/p>\n<p>Apesar do aceno que fez \u00e0s centrais sindicais, mostrando estar disposto a negociar a reforma da Previd\u00eancia Social, o presidente interino, Michel Temer, j\u00e1 deu o aval para o ministro da Fazenda, Henrique Meirelles, levar adiante a proposta de mudan\u00e7a no sistema de aposentadorias. Na vis\u00e3o do governo, n\u00e3o h\u00e1 mais como adiar o assunto, uma vez que o rombo no Instituto Nacional do Seguro Social (INSS) vai dobrar entre 2015 e 2017, dando saltos expressivos nos anos seguintes. \u201cVamos negociar, ouvir as centrais, mas a decis\u00e3o est\u00e1 tomada. Do jeito que est\u00e1, a Previd\u00eancia n\u00e3o se sustentar\u00e1 por muito tempo\u201d, disse um dos mais pr\u00f3ximos colaboradores do sucessor de Dilma Rousseff.<\/p>\n<p>&nbsp;<\/p>\n<p>Mais do que agradar \u00e0s centrais, Temer quer sinalizar aos investidores um compromisso real com o ajuste fiscal. Pelo que lhe descreveu Meirelles, n\u00e3o h\u00e1 como arrumar as contas p\u00fablicas sem que se ponha um freio no aumento das despesas da Previd\u00eancia. O chefe do Executivo confidenciou a auxiliares que, mesmo n\u00e3o havendo consenso nas discuss\u00f5es, enviar\u00e1 ao Legislativo uma proposta que prev\u00ea idade m\u00ednima para a aposentadoria, que pode ser de 65 para homens e mulheres, e unifica\u00e7\u00e3o dos sistemas p\u00fablico e privado. Esse \u00e9 o desenho preferido da Fazenda.<\/p>\n<p>&nbsp;<\/p>\n<p>No ano passado, o deficit da Previd\u00eancia chegou a R$ 89 bilh\u00f5es, subir\u00e1 para pelo menos R$ 133 bilh\u00f5es em 2016 e atingir\u00e1, pelas previs\u00f5es do governo, R$ 168 bilh\u00f5es em 2017. \u201cTrata-se de um movimento explosivo, insustent\u00e1vel\u201d, assinalou um dos assessores de Meirelles. Por isso, n\u00e3o h\u00e1 como fechar os olhos para o problema. Temer tentou passar a sua preocupa\u00e7\u00e3o com o tema, ontem, na primeira reuni\u00e3o com representantes dos trabalhadores, que condicionaram o debate sobre mudan\u00e7as nas regras para concess\u00e3o de benef\u00edcios do INSS ao fim das desonera\u00e7\u00f5es \u00e0s empresas e a exportadores agr\u00edcolas.<\/p>\n<p>&nbsp;<\/p>\n<p>Os dirigentes sindicais cobraram ainda que o governo fiscalize as entidades filantr\u00f3picas, isentas de contribuir \u00e0 Previd\u00eancia, e que a Receita Federal e a Procuradoria-Geral da Fazenda Nacional (PGFN) sejam mais eficientes para recuperar os d\u00e9bitos previdenci\u00e1rios. Temer ouviu as exig\u00eancias e pediu celeridade para que uma proposta seja costurada com representantes da For\u00e7a Sindical, da Uni\u00e3o Geral dos Trabalhadores (UGT), da Central dos Sindicatos Brasileiros (CSB) e da Nova Central Sindical (NCST). A Central \u00danica dos Trabalhadores (CUT) se recusou a participar do encontro, por consider\u00e1-lo ileg\u00edtimo.<\/p>\n<p>&nbsp;<\/p>\n<p><b>Pens\u00e3o por morte<\/b><\/p>\n<p>&nbsp;<\/p>\n<p>Temer deu um prazo de 30 dias para que governo e centrais construam um texto com todas as sugest\u00f5es. A primeira reuni\u00e3o est\u00e1 marcada para amanh\u00e3. As quatro centrais indicar\u00e3o dois representantes para os debates, que ser\u00e3o coordenados pelo ministro da Casa Civil, Eliseu Padilha, e ter\u00e3o a presen\u00e7a de assessores da Fazenda e do Minist\u00e9rio do Trabalho. T\u00e9cnicos do governo defendem que, al\u00e9m da idade m\u00ednima, sejam alteradas as normas para concess\u00e3o de pens\u00e3o por porte, aux\u00edlio-doen\u00e7a e para a aposentadoria rural.<\/p>\n<p>&nbsp;<\/p>\n<p>Em meio aos acenos aos sindicalistas, o presidente da Rep\u00fablica garantiu que n\u00e3o haver\u00e1 retirada de diretos na reforma da Previd\u00eancia, e que tudo ser\u00e1 debatido. \u201cMas, mesmo que n\u00e3o haja acordo, uma proposta ser\u00e1 enviada ao Congresso Nacional, que dar\u00e1 a palavra final sobre o assunto\u201d, refor\u00e7ou um assessor palaciano. Ele reconheceu que, a despeito do discurso conciliador, o governo enfrentar\u00e1 forte oposi\u00e7\u00e3o da Central \u00danica dos Trabalhadores (CUT) e da Central dos Trabalhadores e Trabalhadoras do Brasil (CTB). As duas entidades s\u00e3o ligadas ao PT e ao grupo que apoia Dilma Rousseff.<\/p>\n<p>&nbsp;<\/p>\n<p>O presidente da CUT, Vagner Freitas, afirmou que \u201cn\u00e3o reconhece golpistas como governantes\u201d e que as medidas j\u00e1 anunciadas s\u00e3o um retrocesso.\u00a0O presidente da CTB, Adilson Ara\u00fajo, tamb\u00e9m garantiu que n\u00e3o se sentar\u00e1 \u00e0 mesa com integrantes do governo interino. \u201cDiante das evid\u00eancias, a proposta de reforma da Previd\u00eancia de Temer prev\u00ea aposentadoria no caix\u00e3o. A CTB tem muita clareza dos riscos e, diferentemente de alguns setores do movimento sindical, n\u00e3o se disp\u00f5e a segurar na al\u00e7a da trai\u00e7\u00e3o\u201d, disse.<\/p>\n<p>&nbsp;<\/p>\n<p><b>Desemprego de 14%<\/b><\/p>\n<p>&nbsp;<\/p>\n<p>O ministro da Fazenda, Henrique Meirelles, disse que o desemprego neste ano poder\u00e1 chegar a 14%, por isso, \u00e9 urgente a reforma da Previd\u00eancia para arrumar as contas p\u00fablicas. A previs\u00e3o foi feita em encontro com as centrais sindicais. Segundo o presidente da For\u00e7a Sindical, deputado Paulinho (SDD-SP), mesmo com essa estimativa pessimista, o governo n\u00e3o deveria levar adiante a proposta de mudan\u00e7as no sistema previdenci\u00e1rio. Para ele, no m\u00e1ximo, deveriam ser criadas regras para quem ainda n\u00e3o ingressou no mercado de trabalho. O presidente da Central dos Sindicatos Brasileiros (CSB), Antonio Neto, disse que os trabalhadores \u201cn\u00e3o querem pagar a conta da reforma\u201d.<\/p>\n<p>&nbsp;<\/p>\n<p>Bras\u00edlia, 01h30min<\/p>\n","protected":false},"excerpt":{"rendered":"<p>POR ANTONIO TEM\u00d3TEO &nbsp; Apesar do aceno que fez \u00e0s centrais sindicais, mostrando estar disposto a negociar a reforma da Previd\u00eancia Social, o presidente interino, Michel Temer, j\u00e1 deu o aval para o ministro da Fazenda, Henrique Meirelles, levar adiante a proposta de mudan\u00e7a no sistema de aposentadorias. Na vis\u00e3o do governo, n\u00e3o h\u00e1 mais [&hellip;]<\/p>\n","protected":false},"author":22,"featured_media":0,"comment_status":"open","ping_status":"closed","sticky":false,"template":"","format":"standard","meta":{"wpb_read_more":[],"footnotes":""},"categories":[1],"tags":[],"class_list":["post-1004","post","type-post","status-publish","format-standard","hentry","category-sem-categoria"],"_links":{"self":[{"href":"https:\/\/blogs2.correiobraziliense.com.br\/vicente\/wp-json\/wp\/v2\/posts\/1004","targetHints":{"allow":["GET"]}}],"collection":[{"href":"https:\/\/blogs2.correiobraziliense.com.br\/vicente\/wp-json\/wp\/v2\/posts"}],"about":[{"href":"https:\/\/blogs2.correiobraziliense.com.br\/vicente\/wp-json\/wp\/v2\/types\/post"}],"author":[{"embeddable":true,"href":"https:\/\/blogs2.correiobraziliense.com.br\/vicente\/wp-json\/wp\/v2\/users\/22"}],"replies":[{"embeddable":true,"href":"https:\/\/blogs2.correiobraziliense.com.br\/vicente\/wp-json\/wp\/v2\/comments?post=1004"}],"version-history":[{"count":1,"href":"https:\/\/blogs2.correiobraziliense.com.br\/vicente\/wp-json\/wp\/v2\/posts\/1004\/revisions"}],"predecessor-version":[{"id":1005,"href":"https:\/\/blogs2.correiobraziliense.com.br\/vicente\/wp-json\/wp\/v2\/posts\/1004\/revisions\/1005"}],"wp:attachment":[{"href":"https:\/\/blogs2.correiobraziliense.com.br\/vicente\/wp-json\/wp\/v2\/media?parent=1004"}],"wp:term":[{"taxonomy":"category","embeddable":true,"href":"https:\/\/blogs2.correiobraziliense.com.br\/vicente\/wp-json\/wp\/v2\/categories?post=1004"},{"taxonomy":"post_tag","embeddable":true,"href":"https:\/\/blogs2.correiobraziliense.com.br\/vicente\/wp-json\/wp\/v2\/tags?post=1004"}],"curies":[{"name":"wp","href":"https:\/\/api.w.org\/{rel}","templated":true}]}}