{"id":1006,"date":"2016-05-17T09:35:42","date_gmt":"2016-05-17T12:35:42","guid":{"rendered":"https:\/\/blogs2.correiobraziliense.com.br\/vicente\/?p=1006"},"modified":"2016-05-17T10:17:11","modified_gmt":"2016-05-17T13:17:11","slug":"nova-equipe-da-fazenda-nao-tem-tempo-perder","status":"publish","type":"post","link":"https:\/\/blogs2.correiobraziliense.com.br\/vicente\/nova-equipe-da-fazenda-nao-tem-tempo-perder\/","title":{"rendered":"Nova equipe da Fazenda n\u00e3o tem tempo a perder"},"content":{"rendered":"<p>N\u00e3o h\u00e1 d\u00favidas de que o n\u00edvel do debate econ\u00f4mico dentro do Minist\u00e9rio da Fazenda vai melhorar com a equipe nomeada por Henrique Meirelles. \u00c9 imposs\u00edvel pensar que, com Carlos Hamilton, Marcelo Caetano e Mansueto de Almeida, ser\u00e3o repetidos os erros de avalia\u00e7\u00e3o que levaram o pa\u00eds \u00e0 profunda recess\u00e3o e ao desemprego que pode chegar a 14% neste ano. O mesmo se pode dizer do Banco Central, com Ilan Goldfajn \u00e0 frente da institui\u00e7\u00e3o.<\/p>\n<p>&nbsp;<\/p>\n<p>Hamilton, Caetano e Mansueto sempre se mostraram extremamente cr\u00edticos em rela\u00e7\u00e3o \u00e0s manobras cont\u00e1beis executadas no governo de Dilma Rousseff. Eles t\u00eam a exata no\u00e7\u00e3o da gravidade da situa\u00e7\u00e3o das contas p\u00fablicas, a base de todos os problemas econ\u00f4micos que o Brasil enfrenta. E, claro, da Previd\u00eancia Social, que est\u00e1 \u00e0 beira da fal\u00eancia. N\u00e3o h\u00e1 solu\u00e7\u00f5es f\u00e1ceis para a equipe de Meirelles. Tomara o minist\u00e9rio n\u00e3o ceda a press\u00f5es pol\u00edticas nem \u00e0s corpora\u00e7\u00f5es que n\u00e3o querem abrir m\u00e3o de privil\u00e9gios.<\/p>\n<p>&nbsp;<\/p>\n<p>Os investidores sabem que ainda ser\u00e1 preciso uma longa caminhada at\u00e9 que se tire a cabe\u00e7a do atoleiro. O fato, por\u00e9m, de se ter na equipe da Fazenda t\u00e9cnicos graduados, com conhecimento profundo da situa\u00e7\u00e3o das contas p\u00fablicas, d\u00e1 um novo al\u00edvio aos agentes econ\u00f4micos. E facilita a sintonia com o Banco Central, o que nunca se viu em todo o governo Dilma. O prazo, por\u00e9m, para mostrar resultados ser\u00e1 curto. As medidas ter\u00e3o que vir r\u00e1pido. N\u00e3o h\u00e1 tempo a perder.<\/p>\n<p>&nbsp;<\/p>\n<p>Meirelles parece entender os anseios dos agentes econ\u00f4micos. Ao apresentar parte de sua equipe, foi enf\u00e1tico: &#8220;Vamos devagar, que estou com pressa&#8221;. O pa\u00eds n\u00e3o pode esperar. Os erros na economia foram tantos nos \u00faltimos anos, que n\u00e3o h\u00e1 mais paci\u00eancia para promessas vazias. \u00c9 hora de trabalhar. E, sobretudo, de se evitar, ao m\u00e1ximo, o aumento de impostos. Essa deve ser a \u00faltima das medidas a ser tomada. O governo j\u00e1 suga recursos demais da sociedade e oferece muito pouco em troca.<\/p>\n<p>&nbsp;<\/p>\n<p>Bras\u00edlia, 09h35min<\/p>\n","protected":false},"excerpt":{"rendered":"<p>N\u00e3o h\u00e1 d\u00favidas de que o n\u00edvel do debate econ\u00f4mico dentro do Minist\u00e9rio da Fazenda vai melhorar com a equipe nomeada por Henrique Meirelles. \u00c9 imposs\u00edvel pensar que, com Carlos Hamilton, Marcelo Caetano e Mansueto de Almeida, ser\u00e3o repetidos os erros de avalia\u00e7\u00e3o que levaram o pa\u00eds \u00e0 profunda recess\u00e3o e ao desemprego que pode [&hellip;]<\/p>\n","protected":false},"author":22,"featured_media":0,"comment_status":"open","ping_status":"closed","sticky":false,"template":"","format":"standard","meta":{"wpb_read_more":[],"footnotes":""},"categories":[1],"tags":[],"class_list":["post-1006","post","type-post","status-publish","format-standard","hentry","category-sem-categoria"],"_links":{"self":[{"href":"https:\/\/blogs2.correiobraziliense.com.br\/vicente\/wp-json\/wp\/v2\/posts\/1006","targetHints":{"allow":["GET"]}}],"collection":[{"href":"https:\/\/blogs2.correiobraziliense.com.br\/vicente\/wp-json\/wp\/v2\/posts"}],"about":[{"href":"https:\/\/blogs2.correiobraziliense.com.br\/vicente\/wp-json\/wp\/v2\/types\/post"}],"author":[{"embeddable":true,"href":"https:\/\/blogs2.correiobraziliense.com.br\/vicente\/wp-json\/wp\/v2\/users\/22"}],"replies":[{"embeddable":true,"href":"https:\/\/blogs2.correiobraziliense.com.br\/vicente\/wp-json\/wp\/v2\/comments?post=1006"}],"version-history":[{"count":3,"href":"https:\/\/blogs2.correiobraziliense.com.br\/vicente\/wp-json\/wp\/v2\/posts\/1006\/revisions"}],"predecessor-version":[{"id":1009,"href":"https:\/\/blogs2.correiobraziliense.com.br\/vicente\/wp-json\/wp\/v2\/posts\/1006\/revisions\/1009"}],"wp:attachment":[{"href":"https:\/\/blogs2.correiobraziliense.com.br\/vicente\/wp-json\/wp\/v2\/media?parent=1006"}],"wp:term":[{"taxonomy":"category","embeddable":true,"href":"https:\/\/blogs2.correiobraziliense.com.br\/vicente\/wp-json\/wp\/v2\/categories?post=1006"},{"taxonomy":"post_tag","embeddable":true,"href":"https:\/\/blogs2.correiobraziliense.com.br\/vicente\/wp-json\/wp\/v2\/tags?post=1006"}],"curies":[{"name":"wp","href":"https:\/\/api.w.org\/{rel}","templated":true}]}}