{"id":101,"date":"2015-05-07T00:01:00","date_gmt":"2015-05-07T03:01:00","guid":{"rendered":"https:\/\/blogs2.correiobraziliense.com.br\/vicente\/futuro_sombrio\/"},"modified":"2015-05-07T00:01:00","modified_gmt":"2015-05-07T03:01:00","slug":"futuro_sombrio","status":"publish","type":"post","link":"https:\/\/blogs2.correiobraziliense.com.br\/vicente\/futuro_sombrio\/","title":{"rendered":"FUTURO SOMBRIO"},"content":{"rendered":"\n<p>Com a ind\u00fastria mergulhada na recess\u00e3o, o governo deve se preparar para conviver com n\u00fameros bem negativos do com\u00e9rcio. Dados do setor mostram que o elevado n\u00edvel de endividamento das fam\u00edlias, a infla\u00e7\u00e3o rodando acima de 8% e o desemprego pr\u00f3ximo de 7% est\u00e3o derrubando as vendas para n\u00edveis considerados assustadores. A perspectiva para o varejo daqui por diante \u00e9 de demiss\u00f5es e fechamento de lojas, reflexo do ano sombrio no qual 2015 se transformou. <\/p>\n<p>Diante desse quadro desanimador, o \u00cdndice de Confian\u00e7a do Empres\u00e1rio do Com\u00e9rcio (Icec) atingiu, em abril, o n\u00edvel mais baixo da s\u00e9rie hist\u00f3rica: 87,2 pontos. Em rela\u00e7\u00e3o ao mesmo m\u00eas de 2014, o indicador que mede a percep\u00e7\u00e3o sobre o momento atual da economia desabou 25,1%, conforme ser\u00e1 revelado hoje pela Confedera\u00e7\u00e3o Nacional do Com\u00e9rcio (CNC). Foi o oitavo recuo consecutivo. Tamb\u00e9m as perspectivas futuras se deterioraram e, pela primeira vez, entraram no terreno pessimista, abaixo dos 100 pontos. Nesse caso, o Icec cravou 98,2 pontos, tombando 30,1% ante abril do ano passado. <\/p>\n<p>Na avalia\u00e7\u00e3o dos empres\u00e1rios, n\u00e3o h\u00e1 nada que os motive a vislumbrar um quadro positivo mais \u00e0 frente, nem mesmo o ajuste fiscal prometido pelo ministro da Fazenda, Joaquim Levy. Por isso, os investimentos do com\u00e9rcio continuar\u00e3o contidos. Antes de qualquer desembolso para a amplia\u00e7\u00e3o dos neg\u00f3cios, os varejistas querem se desfazer dos elevados n\u00edveis de estoques, sobretudo os que atuam nos ramos de autom\u00f3veis e de material de constru\u00e7\u00e3o. <\/p>\n<p>Para o presidente do Conselho Federal de Economia, Paulo Dantas da Costa, n\u00e3o \u00e9 surpresa que o com\u00e9rcio esteja sentindo o baque da forte retra\u00e7\u00e3o da atividade. Nos primeiros quatro anos de mandato da presidente Dilma Rousseff, o Minist\u00e9rio da Fazenda insistiu no consumo como forma de estimular o crescimento do Produto Interno Bruto (PIB), apesar de todos os sinais de que esse modelo estava esgotado. \u201cFoi uma op\u00e7\u00e3o errada. O certo seria o governo ter apoiado os investimentos produtivos. Se tivesse feito isso, certamente, o resultado da economia seria outro hoje\u201d, diz. <\/p>\n<p>A certeza de que a salva\u00e7\u00e3o do pa\u00eds estava no incremento do consumo aparece, por sinal, na base no processo de destrui\u00e7\u00e3o das contas p\u00fablicas promovido por Dilma. Ao reduzir impostos sobre autom\u00f3veis, o governo abriu m\u00e3o de receitas importantes para o ajuste fiscal. N\u00e3o foi s\u00f3. Dos quase R$ 500 bilh\u00f5es que o Tesouro Nacional repassou ao Banco Nacional de Desenvolvimento Econ\u00f4mico e Social (BNDES), R$ 200 bilh\u00f5es foram destinados ao financiamento do setor automotivo, pol\u00edtica sustentada na vis\u00e3o equivocada de que as montadoras puxariam os demais ramos da ind\u00fastria. <\/p>\n<p>Tanto n\u00e3o puxou que, segundo o Instituto Brasileiro de Geografia e Estat\u00edstica (IBGE), a ind\u00fastria como um todo est\u00e1 h\u00e1 sete trimestres consecutivos em queda e fechar\u00e1 o segundo ano seguido com retra\u00e7\u00e3o. \u201cTrata-se de um processo perigoso\u201d, afirma Costa. O pior, acrescenta ele, \u00e9 que n\u00e3o se sabe se a ind\u00fastria chegou ao fundo do po\u00e7o. \u201c\u00c9 dif\u00edcil prever quando come\u00e7ar\u00e1 a recupera\u00e7\u00e3o\u201d, frisa. <\/p>\n<p>N\u00e3o \u00e9 surpresa, portanto, que nove em cada 10 empres\u00e1rios do com\u00e9rcio (90,4%) dizem ter visto piora das condi\u00e7\u00f5es correntes da economia. Para 61,3% deles, a deteriora\u00e7\u00e3o se acentuou nos \u00faltimos 12 meses. A estimativa da CNC \u00e9 de que, pela primeira vez em nove anos, o n\u00famero de empregados do varejo apresente retra\u00e7\u00e3o. As vendas devem ter o menor resultado em 12 anos.<b> <\/p>\n<p><\/b><b>Selic pode ir a 14%<\/b> <\/p>\n<p>Marcelo Carvalho, economista-chefe do Banco BNP Paribas, acredita que a ata da \u00faltima reuni\u00e3o do Comit\u00ea de Pol\u00edtica Monet\u00e1ria (Copom) do Banco Central, que ser\u00e1 divulgada hoje, deixar\u00e1 claro que a proje\u00e7\u00e3o de infla\u00e7\u00e3o para 2016 continua bem acima do centro da meta, de 4,5%, a despeito do fraco desempenho da economia e do aumento do desemprego. \u201cA tend\u00eancia \u00e9 de o BC reiterar que os progressos na guerra contra a infla\u00e7\u00e3o ainda s\u00e3o insuficientes\u201d, diz. Por isso, ele n\u00e3o descarta a possibilidade de haver mais uma alta de 0,50 ponto percentual na taxa b\u00e1sica de juros (Selic) em junho, para 13,75%, e outra de 0,25 ponto em julho, para 14% ao ano.<b> <\/p>\n<p><\/b><b>Leitos fechados<\/b> <\/p>\n<p>\u00bb Dados do Cadastro Nacional dos Estabelecimentos de Sa\u00fade do Brasil (CNES) apontam redu\u00e7\u00e3o de 3,7% no n\u00famero de leitos obst\u00e9tricos no pa\u00eds entre 2011 e 2014, de 58.554 para 56.402 leitos \u2014 menos 2.152 unidades. A redu\u00e7\u00e3o ocorreu, principalmente, no servi\u00e7o p\u00fablico de sa\u00fade: 5,4%. Com 41,7% do total de leitos, o setor privado atende 25,1% da popula\u00e7\u00e3o coberta por planos de sa\u00fade e pacientes que optam pelo sistema particular. <\/p>\n<p><b>Em m\u00e3os privadas<\/b> <\/p>\n<p>\u00bb O Governo do Distrito Federal est\u00e1 convencido de que precisa transferir \u00e0 iniciativa privada a administra\u00e7\u00e3o do Centro de Conven\u00e7\u00f5es Ulysses Guimar\u00e3es, hoje dominado por eventos da igreja evang\u00e9lica. N\u00e3o se sabe, por\u00e9m, se haver\u00e1 privatiza\u00e7\u00e3o total do espa\u00e7o ou terceiriza\u00e7\u00e3o da administra\u00e7\u00e3o ao setor privado. <\/p>\n<p><b>Hot\u00e9is na fila<\/b> <\/p>\n<p>\u00bb Com o mercado hoteleiro sentindo os efeitos da crise econ\u00f4mica, o setor est\u00e1 de olho no centro de conven\u00e7\u00f5es. Os empres\u00e1rios acreditam que podem us\u00e1-lo para eventos que atraiam um p\u00fablico de neg\u00f3cios que hoje est\u00e1 distante de Bras\u00edlia, mesmo a capital tendo o aeroporto com o segundo movimento de passageiros do pa\u00eds. <\/p>\n<p>Bras\u00edlia, 00h01min   <\/p>\n","protected":false},"excerpt":{"rendered":"<p>Com a ind\u00fastria mergulhada na recess\u00e3o, o governo deve se preparar para conviver com n\u00fameros bem negativos do com\u00e9rcio. Dados do setor mostram que o elevado n\u00edvel de endividamento das fam\u00edlias, a infla\u00e7\u00e3o rodando acima de 8% e o desemprego pr\u00f3ximo de 7% est\u00e3o derrubando as vendas para n\u00edveis considerados assustadores. A perspectiva para o [&hellip;]<\/p>\n","protected":false},"author":22,"featured_media":0,"comment_status":"open","ping_status":"open","sticky":false,"template":"","format":"standard","meta":{"wpb_read_more":[],"footnotes":""},"categories":[1],"tags":[],"class_list":["post-101","post","type-post","status-publish","format-standard","hentry","category-sem-categoria"],"_links":{"self":[{"href":"https:\/\/blogs2.correiobraziliense.com.br\/vicente\/wp-json\/wp\/v2\/posts\/101","targetHints":{"allow":["GET"]}}],"collection":[{"href":"https:\/\/blogs2.correiobraziliense.com.br\/vicente\/wp-json\/wp\/v2\/posts"}],"about":[{"href":"https:\/\/blogs2.correiobraziliense.com.br\/vicente\/wp-json\/wp\/v2\/types\/post"}],"author":[{"embeddable":true,"href":"https:\/\/blogs2.correiobraziliense.com.br\/vicente\/wp-json\/wp\/v2\/users\/22"}],"replies":[{"embeddable":true,"href":"https:\/\/blogs2.correiobraziliense.com.br\/vicente\/wp-json\/wp\/v2\/comments?post=101"}],"version-history":[{"count":0,"href":"https:\/\/blogs2.correiobraziliense.com.br\/vicente\/wp-json\/wp\/v2\/posts\/101\/revisions"}],"wp:attachment":[{"href":"https:\/\/blogs2.correiobraziliense.com.br\/vicente\/wp-json\/wp\/v2\/media?parent=101"}],"wp:term":[{"taxonomy":"category","embeddable":true,"href":"https:\/\/blogs2.correiobraziliense.com.br\/vicente\/wp-json\/wp\/v2\/categories?post=101"},{"taxonomy":"post_tag","embeddable":true,"href":"https:\/\/blogs2.correiobraziliense.com.br\/vicente\/wp-json\/wp\/v2\/tags?post=101"}],"curies":[{"name":"wp","href":"https:\/\/api.w.org\/{rel}","templated":true}]}}