{"id":1010,"date":"2016-05-17T15:54:05","date_gmt":"2016-05-17T18:54:05","guid":{"rendered":"https:\/\/blogs2.correiobraziliense.com.br\/vicente\/?p=1010"},"modified":"2016-05-17T15:54:05","modified_gmt":"2016-05-17T18:54:05","slug":"pt-deixou-terra-arrasada-no-serpro-meirelles-tera-que-agir-rapido","status":"publish","type":"post","link":"https:\/\/blogs2.correiobraziliense.com.br\/vicente\/pt-deixou-terra-arrasada-no-serpro-meirelles-tera-que-agir-rapido\/","title":{"rendered":"PT deixou terra arrasada no Serpro. Meirelles ter\u00e1 que agir r\u00e1pido"},"content":{"rendered":"<p>O ministro da Fazenda, Henrique Meirelles, definiu hoje a sua equipe econ\u00f4mica, mas servidores p\u00fablicos est\u00e3o em polvorosa sobre o que acontecer\u00e1 com as empresas controladas pelo Tesouro Nacional. Um caso especial \u00e9 o Serpro, respons\u00e1vel por todo o sistema eletr\u00f4nico do governo, inclusive da Receita Federal.<\/p>\n<p>&nbsp;<\/p>\n<p>A empresa \u00e9 considerada hoje &#8220;terra arrasada&#8221; entre os funcion\u00e1rios. Nos \u00faltimos anos, os investimentos em tecnologia desabaram, devido ao arrocho fiscal. De \u00edcone no setor, o Serpro se tornou uma das empresas mais atrasadas, devido \u00e0 politiza\u00e7\u00e3o no seu comando.<\/p>\n<p>&nbsp;<\/p>\n<p>H\u00e1 dois nomes circulando nos corredores do Serpro para a substitui\u00e7\u00e3o do atual presidente, Marcos Mazoni, considerado fraqu\u00edssimo para o cargo. De um lado, est\u00e1 Gl\u00f3ria Guimar\u00e3es, que j\u00e1 foi diretora da empresa. De outro, o ex-deputado Julio Semeghini, do PSDB.<\/p>\n<p>&nbsp;<\/p>\n<p>Muitos acreditam que Gl\u00f3ria pode se beneficiar do desejo do presidente interino, Michel Temer, de nomear mulheres para cargos importantes.<\/p>\n<p>&nbsp;<\/p>\n<p>Quanto mais r\u00e1pido Meirelles agir, menor ser\u00e1 o preju\u00edzo acumulado pelo Serpro.<\/p>\n<p>&nbsp;<\/p>\n<p><em>Bras\u00edlia, 15h52min<\/em><\/p>\n","protected":false},"excerpt":{"rendered":"<p>O ministro da Fazenda, Henrique Meirelles, definiu hoje a sua equipe econ\u00f4mica, mas servidores p\u00fablicos est\u00e3o em polvorosa sobre o que acontecer\u00e1 com as empresas controladas pelo Tesouro Nacional. Um caso especial \u00e9 o Serpro, respons\u00e1vel por todo o sistema eletr\u00f4nico do governo, inclusive da Receita Federal. &nbsp; A empresa \u00e9 considerada hoje &#8220;terra arrasada&#8221; [&hellip;]<\/p>\n","protected":false},"author":22,"featured_media":0,"comment_status":"open","ping_status":"closed","sticky":false,"template":"","format":"standard","meta":{"wpb_read_more":[],"footnotes":""},"categories":[1],"tags":[],"class_list":["post-1010","post","type-post","status-publish","format-standard","hentry","category-sem-categoria"],"_links":{"self":[{"href":"https:\/\/blogs2.correiobraziliense.com.br\/vicente\/wp-json\/wp\/v2\/posts\/1010","targetHints":{"allow":["GET"]}}],"collection":[{"href":"https:\/\/blogs2.correiobraziliense.com.br\/vicente\/wp-json\/wp\/v2\/posts"}],"about":[{"href":"https:\/\/blogs2.correiobraziliense.com.br\/vicente\/wp-json\/wp\/v2\/types\/post"}],"author":[{"embeddable":true,"href":"https:\/\/blogs2.correiobraziliense.com.br\/vicente\/wp-json\/wp\/v2\/users\/22"}],"replies":[{"embeddable":true,"href":"https:\/\/blogs2.correiobraziliense.com.br\/vicente\/wp-json\/wp\/v2\/comments?post=1010"}],"version-history":[{"count":1,"href":"https:\/\/blogs2.correiobraziliense.com.br\/vicente\/wp-json\/wp\/v2\/posts\/1010\/revisions"}],"predecessor-version":[{"id":1011,"href":"https:\/\/blogs2.correiobraziliense.com.br\/vicente\/wp-json\/wp\/v2\/posts\/1010\/revisions\/1011"}],"wp:attachment":[{"href":"https:\/\/blogs2.correiobraziliense.com.br\/vicente\/wp-json\/wp\/v2\/media?parent=1010"}],"wp:term":[{"taxonomy":"category","embeddable":true,"href":"https:\/\/blogs2.correiobraziliense.com.br\/vicente\/wp-json\/wp\/v2\/categories?post=1010"},{"taxonomy":"post_tag","embeddable":true,"href":"https:\/\/blogs2.correiobraziliense.com.br\/vicente\/wp-json\/wp\/v2\/tags?post=1010"}],"curies":[{"name":"wp","href":"https:\/\/api.w.org\/{rel}","templated":true}]}}