{"id":10111,"date":"2019-03-01T18:53:20","date_gmt":"2019-03-01T21:53:20","guid":{"rendered":"https:\/\/blogs2.correiobraziliense.com.br\/vicente\/?p=10111"},"modified":"2019-03-01T18:53:20","modified_gmt":"2019-03-01T21:53:20","slug":"teto-para-alta-do-pib-em-2019-sera-de-2-estima-monica-de-bolle","status":"publish","type":"post","link":"https:\/\/blogs2.correiobraziliense.com.br\/vicente\/teto-para-alta-do-pib-em-2019-sera-de-2-estima-monica-de-bolle\/","title":{"rendered":"Teto para alta do PIB em 2019 ser\u00e1 de 2%, estima Monica de Bolle"},"content":{"rendered":"<h2>ROSANA HESSEL<\/h2>\n<h2>Ap\u00f3s andar de lado em 2018, a economia brasileira n\u00e3o dever\u00e1 crescer mais do que 2% em 2019, mesmo se a nova reforma da Previd\u00eancia for aprovada. Essa \u00e9 a previs\u00e3o da economista Monica de Bolle, diretora de estudos latino-americanos e mercados emergentes da Jonhs Hopkins University, de Washington, e pesquisadora s\u00eanior do Peterson Institute for International Economics, renomado think tank norte-americano. &#8220;Crescimento de 2% \u00e9 o teto para este ano&#8221;, disse Monica ao <strong>Blog.<\/strong><\/h2>\n<p>&nbsp;<\/p>\n<p>A alta de apenas 1,1% no Produto Interno Bruto (PIB) em 2018, al\u00e9m de ser uma das taxas mais baixas do mundo repetiu o desempenho fraco de 2017. O dado confirma a mais lenta recupera\u00e7\u00e3o de crises da hist\u00f3ria do pa\u00eds e as previs\u00f5es de Monica feitas no fim de 2017, de que a atividade econ\u00f4mica ficaria entre 1% e 1,5%. Naquela \u00e9poca, a maioria dos economistas apostava em uma expans\u00e3o maior, em torno de 3%. Monica estava na contram\u00e3o do mercado e acabou sendo bombardeada por colegas renomados.\u00a0Contudo, os analistas foram cortando as estimativas mais de uma vez ao longo do ano passado, em meio \u00e0 greve dos caminhoneiros de maio e ao aumento das incertezas em rela\u00e7\u00e3o \u00e0s elei\u00e7\u00f5es de outubro.\u00a0O tempo confirmou as previs\u00f5es de Monica.\u00a0&#8220;Mesmo se n\u00e3o houvesse a greve dos caminhoneiros em maio, acredito que o PIB o crescimento teria ficado em 1,5%&#8221;, acrescentou.<\/p>\n<p>&nbsp;<\/p>\n<p>Na avalia\u00e7\u00e3o da especialista, esse crescimento lento do pa\u00eds ser\u00e1 resultado das incertezas tanto na economia quanto na pol\u00edtica. Ela considera que o governo est\u00e1 queimando cartuchos antes da hora para conseguir fazer o ajuste fiscal necess\u00e1rio, seja com o caso das declara\u00e7\u00f5es antecipadas do presidente Jair Bolsonaro de que aceita na idade m\u00ednima das mulheres na reforma da Previd\u00eancia antes de o Congresso montar comiss\u00f5es para apreciar a proposta, seja comprando a briga de haters de rede social sobre a escolha do ministro da Justi\u00e7a, Sergio Moro, de uma cientista pol\u00edtica renomada para participar do Conselho Nacional de Pol\u00edtica Criminal e Penitenci\u00e1ria.<\/p>\n<p>&nbsp;<\/p>\n<p>Monica lembrou que nem todos os eleitores que votaram em Bolsonaro concordam com esse tipo de atitude de n\u00e3o abrir espa\u00e7o para quem pensa diferente, democraticamente, mesmo tendo boa qualifica\u00e7\u00e3o t\u00e9cnica, s\u00f3 prejudica a imagem do pa\u00eds l\u00e1 fora, o que n\u00e3o \u00e9 bom para um pa\u00eds que quer crescer e atrair investidores s\u00e9rios. &#8220;Muita gente que votou em Bolsonaro votou contra o PT e n\u00e3o porque concorda com tudo o que ele faz ou fala, pois a base de apoio n\u00e3o \u00e9 t\u00e3o grande como ele pensa&#8221;, alertou ela, que considera inevit\u00e1vel a desidrata\u00e7\u00e3o da proposta de reforma previdenci\u00e1ria que, para ela, &#8220;foi muito bem feita&#8221; pela equipe econ\u00f4mica.<\/p>\n","protected":false},"excerpt":{"rendered":"<p>ROSANA HESSEL<br \/>\nAp\u00f3s andar de lado em 2018, a economia brasileira n\u00e3o dever\u00e1 crescer mais do que 2% em 2019, mesmo se a nova reforma da Previd\u00eancia for aprovada. Essa \u00e9 a previs\u00e3o da economista Monica de Bolle, diretora de estudos latino-americanos e mercados emergentes da Jonhs Hopkins University, de Washington, e pesquisadora s\u00eanior do Peterson Institute for International Economics, renomado think-tank norte-americano. &#8220;Crescimento de 2% \u00e9 o teto para este ano&#8221;, disse Monica ao Blog.\u00a0<\/p>\n","protected":false},"author":22,"featured_media":0,"comment_status":"open","ping_status":"closed","sticky":false,"template":"","format":"standard","meta":{"wpb_read_more":[],"footnotes":""},"categories":[600],"tags":[2554,589,901,58],"class_list":["post-10111","post","type-post","status-publish","format-standard","hentry","category-economia","tag-bolsonaro","tag-economia","tag-monica-de-bolle","tag-pib"],"_links":{"self":[{"href":"https:\/\/blogs2.correiobraziliense.com.br\/vicente\/wp-json\/wp\/v2\/posts\/10111","targetHints":{"allow":["GET"]}}],"collection":[{"href":"https:\/\/blogs2.correiobraziliense.com.br\/vicente\/wp-json\/wp\/v2\/posts"}],"about":[{"href":"https:\/\/blogs2.correiobraziliense.com.br\/vicente\/wp-json\/wp\/v2\/types\/post"}],"author":[{"embeddable":true,"href":"https:\/\/blogs2.correiobraziliense.com.br\/vicente\/wp-json\/wp\/v2\/users\/22"}],"replies":[{"embeddable":true,"href":"https:\/\/blogs2.correiobraziliense.com.br\/vicente\/wp-json\/wp\/v2\/comments?post=10111"}],"version-history":[{"count":1,"href":"https:\/\/blogs2.correiobraziliense.com.br\/vicente\/wp-json\/wp\/v2\/posts\/10111\/revisions"}],"predecessor-version":[{"id":10112,"href":"https:\/\/blogs2.correiobraziliense.com.br\/vicente\/wp-json\/wp\/v2\/posts\/10111\/revisions\/10112"}],"wp:attachment":[{"href":"https:\/\/blogs2.correiobraziliense.com.br\/vicente\/wp-json\/wp\/v2\/media?parent=10111"}],"wp:term":[{"taxonomy":"category","embeddable":true,"href":"https:\/\/blogs2.correiobraziliense.com.br\/vicente\/wp-json\/wp\/v2\/categories?post=10111"},{"taxonomy":"post_tag","embeddable":true,"href":"https:\/\/blogs2.correiobraziliense.com.br\/vicente\/wp-json\/wp\/v2\/tags?post=10111"}],"curies":[{"name":"wp","href":"https:\/\/api.w.org\/{rel}","templated":true}]}}