{"id":1013,"date":"2016-05-17T23:15:46","date_gmt":"2016-05-18T02:15:46","guid":{"rendered":"https:\/\/blogs2.correiobraziliense.com.br\/vicente\/?p=1013"},"modified":"2016-05-18T00:00:52","modified_gmt":"2016-05-18T03:00:52","slug":"pf-faz-devassa-em-predio-do-banco-do-brasil","status":"publish","type":"post","link":"https:\/\/blogs2.correiobraziliense.com.br\/vicente\/pf-faz-devassa-em-predio-do-banco-do-brasil\/","title":{"rendered":"PF faz devassa em pr\u00e9dio do Banco do Brasil"},"content":{"rendered":"<p>A Pol\u00edcia Federal comandou nesta ter\u00e7a-feira uma opera\u00e7\u00e3o no pr\u00e9dio onde funciona a tecnologia do Banco do Brasil, na Asa Norte, em Bras\u00edlia. O objetivo foi recolher informa\u00e7\u00f5es que a institui\u00e7\u00e3o estava demorando a repassar sobre fraudes no Programa Nacional de Fortalecimento de Agricultura Familiar (Pronaf). Os policiais levaram documentos e fizeram um pente-fino nos computadores.<\/p>\n<p>&nbsp;<\/p>\n<p>As fraudes no BB foram detectadas no ano passado em ag\u00eancias de Ribeir\u00e3o Preto e Guar\u00e1, interior de S\u00e3o Paulo. As irregularidades teriam desviados pelo menos R$ 35 milh\u00f5es do banco. \u00c0 \u00e9poca, dois gerentes da institui\u00e7\u00e3o, um engenheiro ambiental e dois homens acusados de aliciamento foram presos pela PF por meio da opera\u00e7\u00e3o batizada de Golden Boy. Outros cinco suspeitos foram presos temporariamente por lavagem de dinheiro, estelionato e crime contra o sistema financeiro.<\/p>\n<p>&nbsp;<\/p>\n<p>Segundo o BB, os envolvidos foram punidos imediatamente. Segundo as investiga\u00e7\u00f5es da PF, iniciadas em abril de 2015, o esquema estava centralizado em uma ag\u00eancia do Banco do Brasil em Guar\u00e1 e envolvia contratos de financiamentos agr\u00edcolas para produtores rurais falsos da cidade e de Franca.<\/p>\n<p>&nbsp;<\/p>\n<p>A PF identificou que o esquema era realizado em outras cidades do interior paulista. Os funcion\u00e1rios do Banco do Brasil eram respons\u00e1veis por aprovar contratos de financiamentos agr\u00edcolas, abertos em nome de laranjas.<\/p>\n<p>&nbsp;<\/p>\n<p><em>Bras\u00edlia, 23h15min<\/em><\/p>\n","protected":false},"excerpt":{"rendered":"<p>A Pol\u00edcia Federal comandou nesta ter\u00e7a-feira uma opera\u00e7\u00e3o no pr\u00e9dio onde funciona a tecnologia do Banco do Brasil, na Asa Norte, em Bras\u00edlia. O objetivo foi recolher informa\u00e7\u00f5es que a institui\u00e7\u00e3o estava demorando a repassar sobre fraudes no Programa Nacional de Fortalecimento de Agricultura Familiar (Pronaf). Os policiais levaram documentos e fizeram um pente-fino nos [&hellip;]<\/p>\n","protected":false},"author":22,"featured_media":0,"comment_status":"open","ping_status":"closed","sticky":false,"template":"","format":"standard","meta":{"wpb_read_more":[],"footnotes":""},"categories":[1],"tags":[],"class_list":["post-1013","post","type-post","status-publish","format-standard","hentry","category-sem-categoria"],"_links":{"self":[{"href":"https:\/\/blogs2.correiobraziliense.com.br\/vicente\/wp-json\/wp\/v2\/posts\/1013","targetHints":{"allow":["GET"]}}],"collection":[{"href":"https:\/\/blogs2.correiobraziliense.com.br\/vicente\/wp-json\/wp\/v2\/posts"}],"about":[{"href":"https:\/\/blogs2.correiobraziliense.com.br\/vicente\/wp-json\/wp\/v2\/types\/post"}],"author":[{"embeddable":true,"href":"https:\/\/blogs2.correiobraziliense.com.br\/vicente\/wp-json\/wp\/v2\/users\/22"}],"replies":[{"embeddable":true,"href":"https:\/\/blogs2.correiobraziliense.com.br\/vicente\/wp-json\/wp\/v2\/comments?post=1013"}],"version-history":[{"count":2,"href":"https:\/\/blogs2.correiobraziliense.com.br\/vicente\/wp-json\/wp\/v2\/posts\/1013\/revisions"}],"predecessor-version":[{"id":1015,"href":"https:\/\/blogs2.correiobraziliense.com.br\/vicente\/wp-json\/wp\/v2\/posts\/1013\/revisions\/1015"}],"wp:attachment":[{"href":"https:\/\/blogs2.correiobraziliense.com.br\/vicente\/wp-json\/wp\/v2\/media?parent=1013"}],"wp:term":[{"taxonomy":"category","embeddable":true,"href":"https:\/\/blogs2.correiobraziliense.com.br\/vicente\/wp-json\/wp\/v2\/categories?post=1013"},{"taxonomy":"post_tag","embeddable":true,"href":"https:\/\/blogs2.correiobraziliense.com.br\/vicente\/wp-json\/wp\/v2\/tags?post=1013"}],"curies":[{"name":"wp","href":"https:\/\/api.w.org\/{rel}","templated":true}]}}