{"id":10145,"date":"2019-03-07T13:56:48","date_gmt":"2019-03-07T16:56:48","guid":{"rendered":"https:\/\/blogs2.correiobraziliense.com.br\/vicente\/?p=10145"},"modified":"2019-03-07T14:09:07","modified_gmt":"2019-03-07T17:09:07","slug":"eduardo-bolsonaro-circula-armado-por-orgaos-do-governo","status":"publish","type":"post","link":"https:\/\/blogs2.correiobraziliense.com.br\/vicente\/eduardo-bolsonaro-circula-armado-por-orgaos-do-governo\/","title":{"rendered":"Eduardo Bolsonaro circula armado por \u00f3rg\u00e3os do governo"},"content":{"rendered":"<h2>Eduardo Bolsonaro, filho mais novo do presidente da Rep\u00fablica, Jair Bolsonaro, vem circulando armado por \u00f3rg\u00e3os do governo. Ele tem direito a porte de armas.<\/h2>\n<p>&nbsp;<\/p>\n<figure id=\"attachment_10146\" aria-describedby=\"caption-attachment-10146\" style=\"width: 441px\" class=\"wp-caption alignleft\"><a href=\"https:\/\/blogs2.correiobraziliense.com.br\/vicente\/wp-content\/uploads\/sites\/16\/2019\/03\/EduardoBolsonaro.jpg\"><img loading=\"lazy\" decoding=\"async\" class=\" wp-image-10146\" src=\"https:\/\/blogs2.correiobraziliense.com.br\/vicente\/wp-content\/uploads\/sites\/16\/2019\/03\/EduardoBolsonaro.jpg\" alt=\"\" width=\"441\" height=\"289\" srcset=\"https:\/\/blogs2.correiobraziliense.com.br\/vicente\/wp-content\/uploads\/sites\/16\/2019\/03\/EduardoBolsonaro.jpg 820w, https:\/\/blogs2.correiobraziliense.com.br\/vicente\/wp-content\/uploads\/sites\/16\/2019\/03\/EduardoBolsonaro-300x196.jpg 300w, https:\/\/blogs2.correiobraziliense.com.br\/vicente\/wp-content\/uploads\/sites\/16\/2019\/03\/EduardoBolsonaro-768x503.jpg 768w, https:\/\/blogs2.correiobraziliense.com.br\/vicente\/wp-content\/uploads\/sites\/16\/2019\/03\/EduardoBolsonaro-350x229.jpg 350w, https:\/\/blogs2.correiobraziliense.com.br\/vicente\/wp-content\/uploads\/sites\/16\/2019\/03\/EduardoBolsonaro-550x360.jpg 550w, https:\/\/blogs2.correiobraziliense.com.br\/vicente\/wp-content\/uploads\/sites\/16\/2019\/03\/EduardoBolsonaro-230x151.jpg 230w\" sizes=\"auto, (max-width: 441px) 100vw, 441px\" \/><\/a><figcaption id=\"caption-attachment-10146\" class=\"wp-caption-text\">Foto: Ag\u00eancia C\u00e2mara<\/figcaption><\/figure>\n<p>Na ter\u00e7a-feira, 26 de fevereiro, em visita \u00e0 Ag\u00eancia Brasileira de Promo\u00e7\u00e3o de Exporta\u00e7\u00f5es e Investimentos (Apex-Brasil), Eduardo estava com a arma na cintura, constrangendo os servidores.<\/p>\n<p>&nbsp;<\/p>\n<p>O filho n\u00famero tr\u00eas do presidente s\u00f3 encobriu a arma quando foi tirar fotos para o registro de sua visita \u00e0 Apex. Pediram para que ele colocasse o palet\u00f3. Foi um al\u00edvio. Ningu\u00e9m queria aparecer nas fotos em Eduardo mostrando a arma na cintura.<\/p>\n<p>&nbsp;<\/p>\n<p><em>Bras\u00edlia, 13h56min<\/em><\/p>\n","protected":false},"excerpt":{"rendered":"<p>Eduardo Bolsonaro, filho mais novo do presidente da Rep\u00fablica, Jair Bolsonaro, vem circulando armado por \u00f3rg\u00e3os do governo. Ele tem direito a porte de armas. &nbsp; Na ter\u00e7a-feira, 26 de fevereiro, em visita \u00e0 Ag\u00eancia Brasileira de Promo\u00e7\u00e3o de Exporta\u00e7\u00f5es e Investimentos (Apex-Brasil), Eduardo estava com a arma na cintura, constrangendo os servidores. &nbsp; O [&hellip;]<\/p>\n","protected":false},"author":22,"featured_media":0,"comment_status":"open","ping_status":"closed","sticky":false,"template":"","format":"standard","meta":{"wpb_read_more":[],"footnotes":""},"categories":[600],"tags":[3648,3727,3218,2554,2650],"class_list":["post-10145","post","type-post","status-publish","format-standard","hentry","category-economia","tag-apex","tag-armado","tag-armas","tag-bolsonaro","tag-eduardo"],"_links":{"self":[{"href":"https:\/\/blogs2.correiobraziliense.com.br\/vicente\/wp-json\/wp\/v2\/posts\/10145","targetHints":{"allow":["GET"]}}],"collection":[{"href":"https:\/\/blogs2.correiobraziliense.com.br\/vicente\/wp-json\/wp\/v2\/posts"}],"about":[{"href":"https:\/\/blogs2.correiobraziliense.com.br\/vicente\/wp-json\/wp\/v2\/types\/post"}],"author":[{"embeddable":true,"href":"https:\/\/blogs2.correiobraziliense.com.br\/vicente\/wp-json\/wp\/v2\/users\/22"}],"replies":[{"embeddable":true,"href":"https:\/\/blogs2.correiobraziliense.com.br\/vicente\/wp-json\/wp\/v2\/comments?post=10145"}],"version-history":[{"count":1,"href":"https:\/\/blogs2.correiobraziliense.com.br\/vicente\/wp-json\/wp\/v2\/posts\/10145\/revisions"}],"predecessor-version":[{"id":10147,"href":"https:\/\/blogs2.correiobraziliense.com.br\/vicente\/wp-json\/wp\/v2\/posts\/10145\/revisions\/10147"}],"wp:attachment":[{"href":"https:\/\/blogs2.correiobraziliense.com.br\/vicente\/wp-json\/wp\/v2\/media?parent=10145"}],"wp:term":[{"taxonomy":"category","embeddable":true,"href":"https:\/\/blogs2.correiobraziliense.com.br\/vicente\/wp-json\/wp\/v2\/categories?post=10145"},{"taxonomy":"post_tag","embeddable":true,"href":"https:\/\/blogs2.correiobraziliense.com.br\/vicente\/wp-json\/wp\/v2\/tags?post=10145"}],"curies":[{"name":"wp","href":"https:\/\/api.w.org\/{rel}","templated":true}]}}