{"id":10148,"date":"2019-03-07T14:19:01","date_gmt":"2019-03-07T17:19:01","guid":{"rendered":"https:\/\/blogs2.correiobraziliense.com.br\/vicente\/?p=10148"},"modified":"2019-03-07T15:16:00","modified_gmt":"2019-03-07T18:16:00","slug":"bolsonaro-ignora-questionamento-do-mp-sobre-edital-do-leilao-da-norte-sul","status":"publish","type":"post","link":"https:\/\/blogs2.correiobraziliense.com.br\/vicente\/bolsonaro-ignora-questionamento-do-mp-sobre-edital-do-leilao-da-norte-sul\/","title":{"rendered":"Bolsonaro ignora questionamento do MP sobre edital do leil\u00e3o da Norte-Sul"},"content":{"rendered":"<h2><span style=\"font-weight: 400\">ROSANA HESSEL<\/span><\/h2>\n<h2><\/h2>\n<h2><span style=\"font-weight: 400\">O presidente Jair Bolsonaro est\u00e1 ignorando pontos pol\u00eamicos do programa de concess\u00e3o de infraestrutura elaborado pelo governo Michel Temer, mas que ele vem defendo como se fosse dele. No meio do carnaval, ele postou uma nota sobre o Leil\u00e3o da Ferrovia-Norte Sul, marcado para 28 de mar\u00e7o. \u201cValor m\u00ednimo do leil\u00e3o ser\u00e1 de R$ 1,353 bilh\u00e3o, com investimentos previstos de R$ 2,8 bilh\u00f5es. O acontecimento \u00e9 parte das a\u00e7\u00f5es dos primeiros 100 dias do governo federal\u201d, escreveu o chefe do executivo na segunda-feira. Mas ele esqueceu de comentar que o edital est\u00e1 sendo questionado por meio de um recurso do Minist\u00e9rio P\u00fablico no Tribunal de Contas da Uni\u00e3o (TCU) e, por conta disso, corre o risco de n\u00e3o ser realizado.<\/span><\/h2>\n<p>&nbsp;<\/p>\n<p><span style=\"font-weight: 400\">\u201cO edital tem uma s\u00e9rie de problemas e um dos principais \u00e9 que ele est\u00e1 desenhado para n\u00e3o ter competi\u00e7\u00e3o na explora\u00e7\u00e3o do bem p\u00fablico, que \u00e9 a ferrovia, em benef\u00edcio da sociedade. Apenas a Vale ou alguma associada \u00e9 que vai ter vantagem, porque ela \u00e9 dona da interliga\u00e7\u00e3o da Norte Sul com o Porto de S\u00e3o Lu\u00eds, no Maranh\u00e3o. Al\u00e9m disso, n\u00e3o h\u00e1 garantia para o direito de passagem nem de quando a Valec vai construir o trecho que falta para ligar a ferrovia \u00e0 malha da Rumo, que conecta ao Porto de Santos<em>,<\/em>\u00a0em S\u00e3o Paulo, pois n\u00e3o h\u00e1 previs\u00e3o de quando esse investimento estar\u00e1 previsto no Or\u00e7amento\u201d, explicou ao<strong> Blog<\/strong> o procurador do MP de Contas junto ao TCU, J\u00falio Marcelo de Oliveira. \u201cO edital est\u00e1 desenhado para a Vale ganhar, que \u00e9 o maior problema que precisa ser revisto. Al\u00e9m disso, consolida o duop\u00f3lio de apenas duas ferrovias no Brasil\u201d, criticou.<\/span><\/p>\n<p>&nbsp;<\/p>\n<p><span style=\"font-weight: 400\">De acordo com J\u00falio Marcelo, que \u00e9 o relator do recurso do MP questionando o leil\u00e3o da Norte-Sul no TCU, o desenho do edital que foi feito pela equipe de Temer prejudica muito a concorr\u00eancia, ou seja, as chances de a ferrovia ser vendida pelo pre\u00e7o m\u00ednimo s\u00e3o enormes, porque n\u00e3o haver\u00e1 disputa. \u201cNingu\u00e9m vai botar cerca de R$ 4 bilh\u00f5es na Norte-Sul por uma concess\u00e3o de 30 anos sem ter a garantia de que poder\u00e1 chegar a n\u00e3o ser quem tem que chegar aos portos\u201d, pontuou o procurador. Ele lembrou que a Associa\u00e7\u00e3o Nacional dos Usu\u00e1rios do Transporte de Carga (ANUT) j\u00e1 se manifestou contra o edital. <\/span><\/p>\n<p>&nbsp;<\/p>\n<p><span style=\"font-weight: 400\">Investidores russos, por exemplo, estavam muito interessados em participar do leil\u00e3o, mas n\u00e3o do jeito que est\u00e1 o edital, eles devem ficar de fora.\u00a0<\/span><span style=\"font-weight: 400\">Procurado, o Pal\u00e1cio do Planalto ainda n\u00e3o comentou o assunto. <\/span><\/p>\n<p><span style=\"font-weight: 400\">\u00a0<\/span><\/p>\n","protected":false},"excerpt":{"rendered":"<p>ROSANA HESSEL<br \/>\nO presidente Jair Bolsonaro est\u00e1 ignorando pontos pol\u00eamicos do programa de concess\u00e3o de infraestrutura elaborado pelo governo Michel Temer, mas que ele vem defendo como se fosse dele. No meio do carnaval, ele postou uma nota sobre o Leil\u00e3o da Ferrovia-Norte Sul, marcado para 28 de mar\u00e7o. \u201cValor m\u00ednimo do leil\u00e3o ser\u00e1 de R$ 1,353 bilh\u00e3o, com investimentos previstos de R$ 2,8 bilh\u00f5es. O acontecimento \u00e9 parte das a\u00e7\u00f5es dos primeiros 100 dias do governo federal\u201d, escreveu o chefe do executivo na segunda-feira. Mas ele esqueceu de comentar que o edital est\u00e1 sendo questionado por meio de um recurso do Minist\u00e9rio P\u00fablico no Tribunal de Contas da Uni\u00e3o (TCU) e, por conta disso, corre o risco de n\u00e3o ser realizado.<\/p>\n","protected":false},"author":22,"featured_media":0,"comment_status":"open","ping_status":"closed","sticky":false,"template":"","format":"standard","meta":{"wpb_read_more":[],"footnotes":""},"categories":[600],"tags":[2554,3729,2758,3728],"class_list":["post-10148","post","type-post","status-publish","format-standard","hentry","category-economia","tag-bolsonaro","tag-ferrovia","tag-leilao","tag-norte-sul"],"_links":{"self":[{"href":"https:\/\/blogs2.correiobraziliense.com.br\/vicente\/wp-json\/wp\/v2\/posts\/10148","targetHints":{"allow":["GET"]}}],"collection":[{"href":"https:\/\/blogs2.correiobraziliense.com.br\/vicente\/wp-json\/wp\/v2\/posts"}],"about":[{"href":"https:\/\/blogs2.correiobraziliense.com.br\/vicente\/wp-json\/wp\/v2\/types\/post"}],"author":[{"embeddable":true,"href":"https:\/\/blogs2.correiobraziliense.com.br\/vicente\/wp-json\/wp\/v2\/users\/22"}],"replies":[{"embeddable":true,"href":"https:\/\/blogs2.correiobraziliense.com.br\/vicente\/wp-json\/wp\/v2\/comments?post=10148"}],"version-history":[{"count":5,"href":"https:\/\/blogs2.correiobraziliense.com.br\/vicente\/wp-json\/wp\/v2\/posts\/10148\/revisions"}],"predecessor-version":[{"id":10153,"href":"https:\/\/blogs2.correiobraziliense.com.br\/vicente\/wp-json\/wp\/v2\/posts\/10148\/revisions\/10153"}],"wp:attachment":[{"href":"https:\/\/blogs2.correiobraziliense.com.br\/vicente\/wp-json\/wp\/v2\/media?parent=10148"}],"wp:term":[{"taxonomy":"category","embeddable":true,"href":"https:\/\/blogs2.correiobraziliense.com.br\/vicente\/wp-json\/wp\/v2\/categories?post=10148"},{"taxonomy":"post_tag","embeddable":true,"href":"https:\/\/blogs2.correiobraziliense.com.br\/vicente\/wp-json\/wp\/v2\/tags?post=10148"}],"curies":[{"name":"wp","href":"https:\/\/api.w.org\/{rel}","templated":true}]}}