{"id":10157,"date":"2019-03-07T17:15:01","date_gmt":"2019-03-07T20:15:01","guid":{"rendered":"https:\/\/blogs2.correiobraziliense.com.br\/vicente\/?p=10157"},"modified":"2019-03-07T19:20:44","modified_gmt":"2019-03-07T22:20:44","slug":"com-duvidas-sobre-previdencia-e-cenario-externo-dolar-encosta-nos-r-390","status":"publish","type":"post","link":"https:\/\/blogs2.correiobraziliense.com.br\/vicente\/com-duvidas-sobre-previdencia-e-cenario-externo-dolar-encosta-nos-r-390\/","title":{"rendered":"Com d\u00favidas sobre Previd\u00eancia e cen\u00e1rio externo, d\u00f3lar encosta nos R$ 3,90"},"content":{"rendered":"<h2>GABRIEL PONTE<\/h2>\n<h2><\/h2>\n<h2>Em um dia marcado por d\u00favidas sobre o andamento da reforma da Previd\u00eancia e pelas falas do presidente do Banco Central Europeu (BCE), Mario Draghi, acerca da pol\u00edtica monet\u00e1ria na Zona do Euro, o d\u00f3lar atingiu a maior cota\u00e7\u00e3o do ano, encerrando os neg\u00f3cios a R$ 3,887 para venda, em alta de 1,38%. \u00c9 o maior valor da divisa estrangeira desde 27\/12 (R$ 3,895). A moeda norte-americana avan\u00e7ou frente a boa parte das divisas emergentes nesta quinta-feira (07\/03).<\/h2>\n<p>&nbsp;<\/p>\n<p>Enquanto mantinham os olhos nas movimenta\u00e7\u00f5es do governo brasileiro sobre Previd\u00eancia, os investidores acompanharam o discurso de Draghi. Ele sinalizou uma vis\u00e3o mais acomodat\u00edcia da pol\u00edtica monet\u00e1ria que ser\u00e1 conduzida na regi\u00e3o, pelo BCE. De acordo com ele, h\u00e1 uma interpreta\u00e7\u00e3o mais cautelosa em rela\u00e7\u00e3o \u00e0 condu\u00e7\u00e3o dos juros locais. Inicialmente, os dirigentes econ\u00f4micos calculavam que as taxas locais, que est\u00e3o no menor n\u00edvel da hist\u00f3ria, seriam mantidos nos atuais n\u00edveis at\u00e9 meados do ano, situa\u00e7\u00e3o que foi revisada para o fim de 2019.<\/p>\n<p>&nbsp;<\/p>\n<p>Ainda de acordo com o presidente da autoridade monet\u00e1ria, o BCE prev\u00ea, para 2019, perspectivas mais baixas em rela\u00e7\u00e3o ao avan\u00e7o da economia local, crescimento o qual, segundo as previs\u00f5es, ser\u00e1 de 1,1%, 0,6 ponto percentual (p.p) abaixo dos c\u00e1lculos de tr\u00eas meses atr\u00e1s. Consequentemente, segundo a autoridade monet\u00e1ria, h\u00e1, tamb\u00e9m, uma revis\u00e3o para baixo em torno da proje\u00e7\u00e3o da infla\u00e7\u00e3o na Zona do Euro.<\/p>\n<p>&nbsp;<\/p>\n<p>Com isso, como forma de estimular a carestia, o presidente do BCE afirmou que a autoridade monet\u00e1ria ir\u00e1 ofertar aos bancos europeus empr\u00e9stimos de baixo custo, modalidade conhecida como Opera\u00e7\u00f5es de Refinanciamento de Prazo Mais Longo Direcionadas (TLTROs, na sigla em ingl\u00eas). As falas de Draghi impactaram, imediatamente, o comportamento do d\u00f3lar nos neg\u00f3cios mundiais.<\/p>\n<p>&nbsp;<\/p>\n<p>Segundo Reginaldo Galhardo, gerente de C\u00e2mbio da Treviso Corretora, o real teve forte recuo em rela\u00e7\u00e3o ao d\u00f3lar baseado em fatores externos. \u201cOs dados sobre uma eventual desacelera\u00e7\u00e3o da Zona do Euro, que, ao meu ver, n\u00e3o deve entrar em recess\u00e3o, mas deve ter um avan\u00e7o econ\u00f4mico menor, n\u00e3o indicaram bons sinais. Isso derrubou fortemente as moedas frente ao d\u00f3lar. O BCE tamb\u00e9m citou a possibilidade de financiamento a taxas mais baixas para bancos, ou seja, a amplia\u00e7\u00e3o do volume de dinheiro em circula\u00e7\u00e3o. Mas a autoridade monet\u00e1ria somente faz isso quando h\u00e1 uma possibilidade de crise\u201d, destacou.<\/p>\n<p>&nbsp;<\/p>\n<p><strong>Desafios<\/strong><\/p>\n<p>&nbsp;<\/p>\n<p>Para Galhardo, com um cen\u00e1rio externo desafiador, o investidor saiu do continente europeu e buscou, no dia, a moeda norte-americana como forma de prote\u00e7\u00e3o, j\u00e1 que a divisa \u00e9 considerada um porto-seguro. Os riscos de perdas ficam menores. Na vis\u00e3o de Jefferson Laatus, especialista em d\u00f3lar e s\u00f3cio-analista do Grupo Laatus, uma eventual recess\u00e3o global assusta operadores. \u201cO Livro Bege do Fed (Federal Reserve, banco central dos Estados Unidos), divulgado ontem, mostrou uma preocupa\u00e7\u00e3o com eventual recess\u00e3o na Uni\u00e3o Europeia, em espec\u00edfico na Alemanha. Hoje, por exemplo, a fala de Draghi foi muito mais no sentido de tentar criar est\u00edmulos \u00e0 economia europeia, mas s\u00f3 se d\u00e1 est\u00edmulos quando a economia n\u00e3o anda. Al\u00e9m disso, outro mecanismos \u00e9 o corte de juros. No entanto, na economia europeia, a atual taxa de juros \u00e9 igual a zero, ou seja, na verdade, isso for\u00e7a a autoridade monet\u00e1ria a injetar dinheiro na economia\u201d, analisou.<\/p>\n<p>&nbsp;<\/p>\n<p>Laatus frisa ainda que, sem grandes novidades, a divisa norte-americana deve permanecer no intervalo entre R$ 3,80 e R$ 3,90 no curto prazo. Se houver estresse, vai disparar. \u201cO mercado est\u00e1 perdendo a convic\u00e7\u00e3o no voto de confian\u00e7a que concedeu a Bolsonaro. Soma-se a isso, um cen\u00e1rio externo n\u00e3o muito positivo. Ou seja, o d\u00f3lar vem conquistando novos patamares e tende a se manter neles, exceto caso algo muito positivo no que tange \u00e0 Previd\u00eancia\u201d, explicou. Segundo o especialista, a moeda norte-americana pode caminhar, facilmente, para os R$ 4,00 caso a conjuntura internacional torne-se mais complexa.<\/p>\n<p>&nbsp;<\/p>\n<p><em>Bras\u00edlia, 17h09min<\/em><\/p>\n","protected":false},"excerpt":{"rendered":"<p>GABRIEL PONTE Em um dia marcado por d\u00favidas sobre o andamento da reforma da Previd\u00eancia e pelas falas do presidente do Banco Central Europeu (BCE), Mario Draghi, acerca da pol\u00edtica monet\u00e1ria na Zona do Euro, o d\u00f3lar atingiu a maior cota\u00e7\u00e3o do ano, encerrando os neg\u00f3cios a R$ 3,887 para venda, em alta de 1,38%. [&hellip;]<\/p>\n","protected":false},"author":22,"featured_media":0,"comment_status":"open","ping_status":"closed","sticky":false,"template":"","format":"standard","meta":{"wpb_read_more":[],"footnotes":""},"categories":[600],"tags":[343,401,4],"class_list":["post-10157","post","type-post","status-publish","format-standard","hentry","category-economia","tag-dolar","tag-europa","tag-juros"],"_links":{"self":[{"href":"https:\/\/blogs2.correiobraziliense.com.br\/vicente\/wp-json\/wp\/v2\/posts\/10157","targetHints":{"allow":["GET"]}}],"collection":[{"href":"https:\/\/blogs2.correiobraziliense.com.br\/vicente\/wp-json\/wp\/v2\/posts"}],"about":[{"href":"https:\/\/blogs2.correiobraziliense.com.br\/vicente\/wp-json\/wp\/v2\/types\/post"}],"author":[{"embeddable":true,"href":"https:\/\/blogs2.correiobraziliense.com.br\/vicente\/wp-json\/wp\/v2\/users\/22"}],"replies":[{"embeddable":true,"href":"https:\/\/blogs2.correiobraziliense.com.br\/vicente\/wp-json\/wp\/v2\/comments?post=10157"}],"version-history":[{"count":11,"href":"https:\/\/blogs2.correiobraziliense.com.br\/vicente\/wp-json\/wp\/v2\/posts\/10157\/revisions"}],"predecessor-version":[{"id":10170,"href":"https:\/\/blogs2.correiobraziliense.com.br\/vicente\/wp-json\/wp\/v2\/posts\/10157\/revisions\/10170"}],"wp:attachment":[{"href":"https:\/\/blogs2.correiobraziliense.com.br\/vicente\/wp-json\/wp\/v2\/media?parent=10157"}],"wp:term":[{"taxonomy":"category","embeddable":true,"href":"https:\/\/blogs2.correiobraziliense.com.br\/vicente\/wp-json\/wp\/v2\/categories?post=10157"},{"taxonomy":"post_tag","embeddable":true,"href":"https:\/\/blogs2.correiobraziliense.com.br\/vicente\/wp-json\/wp\/v2\/tags?post=10157"}],"curies":[{"name":"wp","href":"https:\/\/api.w.org\/{rel}","templated":true}]}}