{"id":1020,"date":"2016-05-18T11:51:19","date_gmt":"2016-05-18T14:51:19","guid":{"rendered":"https:\/\/blogs2.correiobraziliense.com.br\/vicente\/?p=1020"},"modified":"2016-05-18T15:22:28","modified_gmt":"2016-05-18T18:22:28","slug":"roberto-jaguaribe-vai-para-apex-e-marcos-galvao-para-area-economica-do-itamaraty","status":"publish","type":"post","link":"https:\/\/blogs2.correiobraziliense.com.br\/vicente\/roberto-jaguaribe-vai-para-apex-e-marcos-galvao-para-area-economica-do-itamaraty\/","title":{"rendered":"Roberto Jaguaribe vai para a Apex e Marcos Galv\u00e3o, para \u00e1rea econ\u00f4mica do Itamaraty"},"content":{"rendered":"<p>POR PAULO SILVA PINTO<\/p>\n<p>&nbsp;<\/p>\n<p>O embaixador do Brasil na China, Roberto Jaguaribe, ser\u00e1 o presidente da Ag\u00eancia de Promo\u00e7\u00e3o \u00e0 Exporta\u00e7\u00e3o (Apex), agora sob o comando do Itamaraty, em substitui\u00e7\u00e3o a David Baroni.<\/p>\n<p>&nbsp;<\/p>\n<p>Marcos Galv\u00e3o, representante do Brasil na Organiza\u00e7\u00e3o Mundial do Com\u00e9rcio (OMC), ser\u00e1 subsecret\u00e1rio-geral de Assuntos Econ\u00f4micos do Itamaraty. Para isso, ser\u00e1 criado uma outra secretaria-geral. S\u00e9rgio Danese fica onde est\u00e1.<\/p>\n<p>&nbsp;<\/p>\n<p>O ministro de Rela\u00e7\u00f5es Exteriores, Jos\u00e9 Serra, est\u00e1 cuidando pessoalmente das nomea\u00e7\u00f5es. Quer um time afinado, que fale grosso nas negocia\u00e7\u00f5es comerciais.<\/p>\n<p>&nbsp;<\/p>\n<p><em>Bras\u00edlia, 11h49min, atualizado \u00e0s 15h20min<br \/>\n<\/em><\/p>\n","protected":false},"excerpt":{"rendered":"<p>POR PAULO SILVA PINTO &nbsp; O embaixador do Brasil na China, Roberto Jaguaribe, ser\u00e1 o presidente da Ag\u00eancia de Promo\u00e7\u00e3o \u00e0 Exporta\u00e7\u00e3o (Apex), agora sob o comando do Itamaraty, em substitui\u00e7\u00e3o a David Baroni. &nbsp; Marcos Galv\u00e3o, representante do Brasil na Organiza\u00e7\u00e3o Mundial do Com\u00e9rcio (OMC), ser\u00e1 subsecret\u00e1rio-geral de Assuntos Econ\u00f4micos do Itamaraty. Para isso, [&hellip;]<\/p>\n","protected":false},"author":22,"featured_media":0,"comment_status":"open","ping_status":"closed","sticky":false,"template":"","format":"standard","meta":{"wpb_read_more":[],"footnotes":""},"categories":[1],"tags":[],"class_list":["post-1020","post","type-post","status-publish","format-standard","hentry","category-sem-categoria"],"_links":{"self":[{"href":"https:\/\/blogs2.correiobraziliense.com.br\/vicente\/wp-json\/wp\/v2\/posts\/1020","targetHints":{"allow":["GET"]}}],"collection":[{"href":"https:\/\/blogs2.correiobraziliense.com.br\/vicente\/wp-json\/wp\/v2\/posts"}],"about":[{"href":"https:\/\/blogs2.correiobraziliense.com.br\/vicente\/wp-json\/wp\/v2\/types\/post"}],"author":[{"embeddable":true,"href":"https:\/\/blogs2.correiobraziliense.com.br\/vicente\/wp-json\/wp\/v2\/users\/22"}],"replies":[{"embeddable":true,"href":"https:\/\/blogs2.correiobraziliense.com.br\/vicente\/wp-json\/wp\/v2\/comments?post=1020"}],"version-history":[{"count":3,"href":"https:\/\/blogs2.correiobraziliense.com.br\/vicente\/wp-json\/wp\/v2\/posts\/1020\/revisions"}],"predecessor-version":[{"id":1026,"href":"https:\/\/blogs2.correiobraziliense.com.br\/vicente\/wp-json\/wp\/v2\/posts\/1020\/revisions\/1026"}],"wp:attachment":[{"href":"https:\/\/blogs2.correiobraziliense.com.br\/vicente\/wp-json\/wp\/v2\/media?parent=1020"}],"wp:term":[{"taxonomy":"category","embeddable":true,"href":"https:\/\/blogs2.correiobraziliense.com.br\/vicente\/wp-json\/wp\/v2\/categories?post=1020"},{"taxonomy":"post_tag","embeddable":true,"href":"https:\/\/blogs2.correiobraziliense.com.br\/vicente\/wp-json\/wp\/v2\/tags?post=1020"}],"curies":[{"name":"wp","href":"https:\/\/api.w.org\/{rel}","templated":true}]}}