{"id":1022,"date":"2016-05-18T12:48:03","date_gmt":"2016-05-18T15:48:03","guid":{"rendered":"https:\/\/blogs2.correiobraziliense.com.br\/vicente\/?p=1022"},"modified":"2016-05-18T12:48:03","modified_gmt":"2016-05-18T15:48:03","slug":"previdencia-pode-ser-salario-inicial-menor-que-o-minimo","status":"publish","type":"post","link":"https:\/\/blogs2.correiobraziliense.com.br\/vicente\/previdencia-pode-ser-salario-inicial-menor-que-o-minimo\/","title":{"rendered":"Previd\u00eancia pode ter sal\u00e1rio inicial menor que o m\u00ednimo"},"content":{"rendered":"<p>POR ROSANA HESSEL<\/p>\n<p>&nbsp;<\/p>\n<p>A reforma que o governo de Michel Temer est\u00e1 preparando para a Previd\u00eancia Social poder\u00e1 resultar na cria\u00e7\u00e3o se um sal\u00e1rio de refer\u00eancia para as aposentadorias e pens\u00f5es, com regras pr\u00f3prias de reajustes. A meta, com isso, \u00e9 desvincular os benef\u00edcios pagos pelo Instituto Nacional do Seguro Social (INSS) do reajuste do sal\u00e1rio m\u00ednimo. O rendimento seria um pouco menor que o atual piso salarial como forma de reduzir o ritmo de crescimento do rombo da Previd\u00eancia. O projeto da Lei de Diretrizes Or\u00e7ament\u00e1rias (LDO) de 2017, que foi enviado ao Congresso, prev\u00ea deficit R$ 167,6 bilh\u00f5es no sistema, o dobro do observado em 2015.<\/p>\n<p>&nbsp;<\/p>\n<p>Temer acredita que, com esse rendimento especial para a Previd\u00eancia, o minist\u00e9rio da Fazenda, sob o comando de Henrique Meirelles, poder\u00e1 levar adiante a proposta de mudan\u00e7a na f\u00f3rmula de corre\u00e7\u00e3o do sal\u00e1rio m\u00ednimo, para que o impacto fiscal seja menor do que o projetado se mantida a metodologia atual, que vale at\u00e9 2019. O presidente interino j\u00e1 recebeu algumas propostas de economistas e vai analis\u00e1-las nos pr\u00f3ximos dias, de acordo com uma fonte pr\u00f3xima ao Pal\u00e1cio do Planalto. A ideia \u00e9 que a mudan\u00e7a possa valer a partir do pr\u00f3ximo ano.<\/p>\n<p>&nbsp;<\/p>\n<p>\u201cComo a f\u00f3rmula do reajuste do m\u00ednimo est\u00e1 prevista por lei, o presidente pode mudar o que ainda n\u00e3o foi aplicado, ou seja, a regra a partir do pr\u00f3ximo ano\u201d, explicou o economista Raul Velloso. A regra atual considera a soma da varia\u00e7\u00e3o do Produto Interno Bruto (PIB) de dois anos antes mais a infla\u00e7\u00e3o medida pelo \u00cdndice Nacional de Pre\u00e7os ao Consumidor (INPC) do ano anterior. Cada real a mais no m\u00ednimo resulta em cerca de R$ 300 milh\u00f5es de despesa adicional \u00e0 Previd\u00eancia.<\/p>\n<p>&nbsp;<\/p>\n<p><em>Bras\u00edlia, 12h47min<\/em><\/p>\n","protected":false},"excerpt":{"rendered":"<p>POR ROSANA HESSEL &nbsp; A reforma que o governo de Michel Temer est\u00e1 preparando para a Previd\u00eancia Social poder\u00e1 resultar na cria\u00e7\u00e3o se um sal\u00e1rio de refer\u00eancia para as aposentadorias e pens\u00f5es, com regras pr\u00f3prias de reajustes. A meta, com isso, \u00e9 desvincular os benef\u00edcios pagos pelo Instituto Nacional do Seguro Social (INSS) do reajuste [&hellip;]<\/p>\n","protected":false},"author":22,"featured_media":0,"comment_status":"open","ping_status":"closed","sticky":false,"template":"","format":"standard","meta":{"wpb_read_more":[],"footnotes":""},"categories":[1],"tags":[],"class_list":["post-1022","post","type-post","status-publish","format-standard","hentry","category-sem-categoria"],"_links":{"self":[{"href":"https:\/\/blogs2.correiobraziliense.com.br\/vicente\/wp-json\/wp\/v2\/posts\/1022","targetHints":{"allow":["GET"]}}],"collection":[{"href":"https:\/\/blogs2.correiobraziliense.com.br\/vicente\/wp-json\/wp\/v2\/posts"}],"about":[{"href":"https:\/\/blogs2.correiobraziliense.com.br\/vicente\/wp-json\/wp\/v2\/types\/post"}],"author":[{"embeddable":true,"href":"https:\/\/blogs2.correiobraziliense.com.br\/vicente\/wp-json\/wp\/v2\/users\/22"}],"replies":[{"embeddable":true,"href":"https:\/\/blogs2.correiobraziliense.com.br\/vicente\/wp-json\/wp\/v2\/comments?post=1022"}],"version-history":[{"count":1,"href":"https:\/\/blogs2.correiobraziliense.com.br\/vicente\/wp-json\/wp\/v2\/posts\/1022\/revisions"}],"predecessor-version":[{"id":1023,"href":"https:\/\/blogs2.correiobraziliense.com.br\/vicente\/wp-json\/wp\/v2\/posts\/1022\/revisions\/1023"}],"wp:attachment":[{"href":"https:\/\/blogs2.correiobraziliense.com.br\/vicente\/wp-json\/wp\/v2\/media?parent=1022"}],"wp:term":[{"taxonomy":"category","embeddable":true,"href":"https:\/\/blogs2.correiobraziliense.com.br\/vicente\/wp-json\/wp\/v2\/categories?post=1022"},{"taxonomy":"post_tag","embeddable":true,"href":"https:\/\/blogs2.correiobraziliense.com.br\/vicente\/wp-json\/wp\/v2\/tags?post=1022"}],"curies":[{"name":"wp","href":"https:\/\/api.w.org\/{rel}","templated":true}]}}