{"id":10238,"date":"2019-03-18T21:04:47","date_gmt":"2019-03-19T00:04:47","guid":{"rendered":"https:\/\/blogs2.correiobraziliense.com.br\/vicente\/?p=10238"},"modified":"2019-03-18T21:04:47","modified_gmt":"2019-03-19T00:04:47","slug":"os-posts-polemicos-de-bolsonaro-e-de-trump","status":"publish","type":"post","link":"https:\/\/blogs2.correiobraziliense.com.br\/vicente\/os-posts-polemicos-de-bolsonaro-e-de-trump\/","title":{"rendered":"Os posts pol\u00eamicos de Bolsonaro e de Trump"},"content":{"rendered":"<h2>ROSANA HESSEL<\/h2>\n<h2>Executivos de empresas multinacionais norte-americanas contam que n\u00e3o est\u00e1 sendo dif\u00edcil explicar para os chefes das matrizes nos Estados Unidos os posts pol\u00eamicos do presidente Jair Bolsonaro nas redes sociais, que refletem a falta de articula\u00e7\u00e3o no c\u00edrculo do poder. &#8220;Eles est\u00e3o acostumados com o Donald Trump (presidente dos EUA) e n\u00e3o se espantam&#8221;, disse um diretor de uma grande companhia americana, em refer\u00eancia aos posts de Trump, tamb\u00e9m nada convencionais e totalmente fora do protocolo que o cargo de chefe de Estado exige.<\/h2>\n<p>&nbsp;<\/p>\n<p>Bolsonaro est\u00e1 em visita oficial em Washington com o intuito de aproximar os la\u00e7os com os EUA. Ele se encontra com Trump na Casa Branca na ter\u00e7a-feira (19\/03).<\/p>\n<p>&nbsp;<\/p>\n<p>O mais dif\u00edcil, segundo o executivo, foi explicar sobre a paralisa\u00e7\u00e3o da economia na \u00faltima greve dos caminhoneiros, ocorrida em maio de 2017. Aquela paralisa\u00e7\u00e3o escancarou a depend\u00eancia do pa\u00eds do transporte sobre rodas, que \u00e9 muito mais caro do que o trem.\u00a0 Os Estados Unidos t\u00eam uma malha ferrovi\u00e1ria de quase 300 mil km. No Brasil, os trilhos em opera\u00e7\u00e3o n\u00e3o chegam a 30 mil km, com boa parte inoperante, uma enorme diferen\u00e7a e que explica um dos gargalos para a retomada do crescimento do pa\u00eds em ritmo mais forte.<\/p>\n<p>&nbsp;<\/p>\n<p>A grande d\u00favida de empres\u00e1rios e de investidores \u00e9 sobre qual reforma da Previd\u00eancia ele conseguir\u00e1 aprovar. Em um cen\u00e1rio otimista, com uma reforma sendo aprovada neste ano, as proje\u00e7\u00f5es desse executivo para o c\u00e2mbio giram em torno de R$ 3,70 e R$ 3,80.<\/p>\n<p>&nbsp;<\/p>\n<p>&nbsp;<\/p>\n","protected":false},"excerpt":{"rendered":"<p>ROSANA HESSEL Executivos de empresas multinacionais norte-americanas contam que n\u00e3o est\u00e1 sendo dif\u00edcil explicar para os chefes das matrizes nos Estados Unidos os posts pol\u00eamicos do presidente Jair Bolsonaro nas redes sociais, que refletem a falta de articula\u00e7\u00e3o no c\u00edrculo do poder. &#8220;Eles est\u00e3o acostumados com o Donald Trump (presidente dos EUA) e n\u00e3o se [&hellip;]<\/p>\n","protected":false},"author":22,"featured_media":0,"comment_status":"open","ping_status":"closed","sticky":false,"template":"","format":"standard","meta":{"wpb_read_more":[],"footnotes":""},"categories":[600],"tags":[2554,3729,2311],"class_list":["post-10238","post","type-post","status-publish","format-standard","hentry","category-economia","tag-bolsonaro","tag-ferrovia","tag-trump"],"_links":{"self":[{"href":"https:\/\/blogs2.correiobraziliense.com.br\/vicente\/wp-json\/wp\/v2\/posts\/10238","targetHints":{"allow":["GET"]}}],"collection":[{"href":"https:\/\/blogs2.correiobraziliense.com.br\/vicente\/wp-json\/wp\/v2\/posts"}],"about":[{"href":"https:\/\/blogs2.correiobraziliense.com.br\/vicente\/wp-json\/wp\/v2\/types\/post"}],"author":[{"embeddable":true,"href":"https:\/\/blogs2.correiobraziliense.com.br\/vicente\/wp-json\/wp\/v2\/users\/22"}],"replies":[{"embeddable":true,"href":"https:\/\/blogs2.correiobraziliense.com.br\/vicente\/wp-json\/wp\/v2\/comments?post=10238"}],"version-history":[{"count":2,"href":"https:\/\/blogs2.correiobraziliense.com.br\/vicente\/wp-json\/wp\/v2\/posts\/10238\/revisions"}],"predecessor-version":[{"id":10240,"href":"https:\/\/blogs2.correiobraziliense.com.br\/vicente\/wp-json\/wp\/v2\/posts\/10238\/revisions\/10240"}],"wp:attachment":[{"href":"https:\/\/blogs2.correiobraziliense.com.br\/vicente\/wp-json\/wp\/v2\/media?parent=10238"}],"wp:term":[{"taxonomy":"category","embeddable":true,"href":"https:\/\/blogs2.correiobraziliense.com.br\/vicente\/wp-json\/wp\/v2\/categories?post=10238"},{"taxonomy":"post_tag","embeddable":true,"href":"https:\/\/blogs2.correiobraziliense.com.br\/vicente\/wp-json\/wp\/v2\/tags?post=10238"}],"curies":[{"name":"wp","href":"https:\/\/api.w.org\/{rel}","templated":true}]}}