{"id":10270,"date":"2019-03-25T21:16:00","date_gmt":"2019-03-26T00:16:00","guid":{"rendered":"https:\/\/blogs2.correiobraziliense.com.br\/vicente\/?p=10270"},"modified":"2019-03-25T21:20:31","modified_gmt":"2019-03-26T00:20:31","slug":"norte-sul-sera-vendida-a-preco-de-banana-em-leilao-de-cartas-marcadas","status":"publish","type":"post","link":"https:\/\/blogs2.correiobraziliense.com.br\/vicente\/norte-sul-sera-vendida-a-preco-de-banana-em-leilao-de-cartas-marcadas\/","title":{"rendered":"Norte-Sul ser\u00e1 vendida a pre\u00e7o de banana em leil\u00e3o de cartas marcadas"},"content":{"rendered":"<h2>ROSANA HESSEL<\/h2>\n<h2>O pre\u00e7o m\u00ednimo estipulado para o leil\u00e3o do Tramo Centro Sul da Ferrovia Norte-Sul, marcado para o pr\u00f3ximo dia 28, est\u00e1 deixando t\u00e9cnicos de dentro do governo inquietos. Eles contam que o valor m\u00ednimo est\u00e1 saindo muito baixo se comparado com a concess\u00e3o feita pela Valec, em 2007, do Tramo Norte dessa mesma ferrovia, est\u00e1 muito baixo. Al\u00e9m disso, alegam que o edital est\u00e1 desenhado para apenas uma empresa disputa: a Vale, que levou o primeiro trecho.<\/h2>\n<p>Uma planilha feita por t\u00e9cnicos e enviada ao <strong>Blog<\/strong>\u00a0mostra a diferen\u00e7a gritante entre os valores pagos e o do previsto no edital do leil\u00e3o desta semana. Naquela \u00e9poca, o primeiro trecho, de 720 quil\u00f4metros, foi concedido \u00e0 Vale por R$ 1,478 bilh\u00e3o, sendo 50% pagos \u00e0 vista, mais duas parcelas de 25%. Assim, em quatro anos, o valor total dessa concess\u00e3o foi totalmente pago.<\/p>\n<p>J\u00e1 a proposta elaborada pela Ag\u00eancia Nacional de Transportes Terrestres (ANTT) para o leil\u00e3o do Tramo Centro Sul, previsto para dia 28, prev\u00ea R$ 1,375 bilh\u00e3o por 1.520 quil\u00f4metros de ferrovia, ou seja, pre\u00e7o inferior ao anterior para trecho com o dobro de extens\u00e3o. As condi\u00e7\u00f5es de pagamento parecem ser bem mais camaradas para o leil\u00e3o, pois o pagamento \u00e0 vista ser\u00e1 de 5%.\u00a0Em quatro anos, pelas contas de um t\u00e9cnico, ser\u00e1 pago apenas 16,14% do valor m\u00ednimo previsto.<\/p>\n<p>Al\u00e9m do pre\u00e7o camarada do quil\u00f4metro de trilhos, que sai menos da metade do concedido em 2007, o edital tem limita\u00e7\u00f5es para a concorr\u00eancia, avisam os t\u00e9cnicos.\u00a0Uma\u00a0limita\u00e7\u00e3o da Norte-Sul \u00e9 que ela n\u00e3o tem acesso a porto algum e n\u00e3o abre espa\u00e7o para outros operadores, porque n\u00e3o determina o direito de passagem pelos trechos de concess\u00f5es privadas que acessam portos, seja pelo Norte, seja pelo Sul.<\/p>\n<p>Na avalia\u00e7\u00e3o de fontes ouvidas pelo <strong>Blog<\/strong>,\u00a0 o edital est\u00e1 desenhado para favorecer a Vale e consolidar o duop\u00f3lio dessa companhia, que conecta a Norte-Sul \u00e0 Ferrovia Caraj\u00e1s, que pertence \u00e0 mineradora e vai at\u00e9 o porto de S\u00e3o Lu\u00eds, e de Rumo, dona da Malha Paulista que conecta o Tramo Centro Sul ao Porto de Santos (SP).<\/p>\n<p>As contesta\u00e7\u00f5es foram feitas junto ao Tribunal de Contas da Uni\u00e3o (TCU). O procurador do Minist\u00e9rio P\u00fablico de Contas junto ao TCU, Julio Marcelo Oliveira, tem um recurso na Corte apontando erros no edital, mas que est\u00e1 pendente de julgamento. Infelizmente, tudo indica que o leil\u00e3o n\u00e3o ser\u00e1 suspenso e nenhuma corre\u00e7\u00e3o ser\u00e1 feita no edital. Com isso, o maior perdedor dessa hist\u00f3ria ser\u00e1 o cidad\u00e3o brasileiro, que ver\u00e1 a ferrovia sendo vendida por muito menos do que havia sido concedida em 2007.<\/p>\n<p>&#8220;O edital, do jeito que est\u00e1 desenhado, \u00e9 para n\u00e3o ter competi\u00e7\u00e3o. Uma licita\u00e7\u00e3o deve ocorrer para haver competi\u00e7\u00e3o para escolher a melhor empresa para explorar o bem p\u00fablico, que no caso \u00e9 a ferrovia, e que dessa explora\u00e7\u00e3o decorra o melhor para a sociedade.\u00a0 Desse jeito, a Vale ou alguma empresa associada vai ter vantagens insuper\u00e1veis, porque ela n\u00e3o tem a obriga\u00e7\u00e3o de ceder passagem para outro operador&#8221;, destacou.<\/p>\n<p>Oliveira destacou que o desenho do edital n\u00e3o assegura o direito de passagem nos trechos da Vale e da Rumo que d\u00e3o acesso aos portos para o operador da Norte-Sul. Logo, nenhum outro operador vai entrar nesse leil\u00e3o e colocar mais de R$ 3 bilh\u00f5es em material rodante, ou seja, os trens de carga sem essa garantia.<\/p>\n<p>De acordo com um dos operadores estrangeiros que desistiram de participar do leil\u00e3o, o interesse p\u00fablico &#8220;foi para o espa\u00e7o&#8221;. &#8221; Esse leil\u00e3o \u00e9 um negocio feito para n\u00e3o entrar ningu\u00e9m&#8221;, lamentou a fonte. As apostas s\u00e3o de que a Vale levar\u00e1 o leil\u00e3o e, infelizmente, trata-se de uma empresa que\u00a0\u00e9 respons\u00e1vel por dois dos maiores desastres ambientais do pa\u00eds, Mariana e Brumadinho, sem ter sido foi punida devidamente pelas autoridades.<\/p>\n<p>&nbsp;<\/p>\n<p><strong><em>Veja o quadro comparativo e tire suas conclus\u00f5es:<\/em><\/strong><\/p>\n<p>&nbsp;<\/p>\n<p>&nbsp;<\/p>\n<p><a href=\"https:\/\/blogs2.correiobraziliense.com.br\/vicente\/wp-content\/uploads\/sites\/16\/2019\/03\/IMG-20190220-WA0004.jpg\"><img loading=\"lazy\" decoding=\"async\" class=\"alignnone size-large wp-image-10271\" src=\"https:\/\/blogs2.correiobraziliense.com.br\/vicente\/wp-content\/uploads\/sites\/16\/2019\/03\/IMG-20190220-WA0004-728x1024.jpg\" alt=\"\" width=\"728\" height=\"1024\" srcset=\"https:\/\/blogs2.correiobraziliense.com.br\/vicente\/wp-content\/uploads\/sites\/16\/2019\/03\/IMG-20190220-WA0004-728x1024.jpg 728w, https:\/\/blogs2.correiobraziliense.com.br\/vicente\/wp-content\/uploads\/sites\/16\/2019\/03\/IMG-20190220-WA0004-213x300.jpg 213w, https:\/\/blogs2.correiobraziliense.com.br\/vicente\/wp-content\/uploads\/sites\/16\/2019\/03\/IMG-20190220-WA0004-768x1080.jpg 768w, https:\/\/blogs2.correiobraziliense.com.br\/vicente\/wp-content\/uploads\/sites\/16\/2019\/03\/IMG-20190220-WA0004-249x350.jpg 249w, https:\/\/blogs2.correiobraziliense.com.br\/vicente\/wp-content\/uploads\/sites\/16\/2019\/03\/IMG-20190220-WA0004-550x774.jpg 550w, https:\/\/blogs2.correiobraziliense.com.br\/vicente\/wp-content\/uploads\/sites\/16\/2019\/03\/IMG-20190220-WA0004-230x324.jpg 230w, https:\/\/blogs2.correiobraziliense.com.br\/vicente\/wp-content\/uploads\/sites\/16\/2019\/03\/IMG-20190220-WA0004.jpg 910w\" sizes=\"auto, (max-width: 728px) 100vw, 728px\" \/><\/a><\/p>\n<div><\/div>\n","protected":false},"excerpt":{"rendered":"<p>ROSANA HESSEL O pre\u00e7o m\u00ednimo estipulado para o leil\u00e3o do Tramo Centro Sul da Ferrovia Norte-Sul, marcado para o pr\u00f3ximo dia 28, est\u00e1 deixando t\u00e9cnicos de dentro do governo inquietos. Eles contam que o valor m\u00ednimo est\u00e1 saindo muito baixo se comparado com a concess\u00e3o feita pela Valec, em 2007, do Tramo Norte dessa mesma [&hellip;]<\/p>\n","protected":false},"author":22,"featured_media":0,"comment_status":"open","ping_status":"closed","sticky":false,"template":"","format":"standard","meta":{"wpb_read_more":[],"footnotes":""},"categories":[600],"tags":[],"class_list":["post-10270","post","type-post","status-publish","format-standard","hentry","category-economia"],"_links":{"self":[{"href":"https:\/\/blogs2.correiobraziliense.com.br\/vicente\/wp-json\/wp\/v2\/posts\/10270","targetHints":{"allow":["GET"]}}],"collection":[{"href":"https:\/\/blogs2.correiobraziliense.com.br\/vicente\/wp-json\/wp\/v2\/posts"}],"about":[{"href":"https:\/\/blogs2.correiobraziliense.com.br\/vicente\/wp-json\/wp\/v2\/types\/post"}],"author":[{"embeddable":true,"href":"https:\/\/blogs2.correiobraziliense.com.br\/vicente\/wp-json\/wp\/v2\/users\/22"}],"replies":[{"embeddable":true,"href":"https:\/\/blogs2.correiobraziliense.com.br\/vicente\/wp-json\/wp\/v2\/comments?post=10270"}],"version-history":[{"count":3,"href":"https:\/\/blogs2.correiobraziliense.com.br\/vicente\/wp-json\/wp\/v2\/posts\/10270\/revisions"}],"predecessor-version":[{"id":10274,"href":"https:\/\/blogs2.correiobraziliense.com.br\/vicente\/wp-json\/wp\/v2\/posts\/10270\/revisions\/10274"}],"wp:attachment":[{"href":"https:\/\/blogs2.correiobraziliense.com.br\/vicente\/wp-json\/wp\/v2\/media?parent=10270"}],"wp:term":[{"taxonomy":"category","embeddable":true,"href":"https:\/\/blogs2.correiobraziliense.com.br\/vicente\/wp-json\/wp\/v2\/categories?post=10270"},{"taxonomy":"post_tag","embeddable":true,"href":"https:\/\/blogs2.correiobraziliense.com.br\/vicente\/wp-json\/wp\/v2\/tags?post=10270"}],"curies":[{"name":"wp","href":"https:\/\/api.w.org\/{rel}","templated":true}]}}