{"id":10275,"date":"2019-03-26T13:10:44","date_gmt":"2019-03-26T16:10:44","guid":{"rendered":"https:\/\/blogs2.correiobraziliense.com.br\/vicente\/?p=10275"},"modified":"2019-03-26T19:01:52","modified_gmt":"2019-03-26T22:01:52","slug":"avianca-cancela-voos-de-brasilia-para-salvador-fortaleza-rio-e-cuiaba","status":"publish","type":"post","link":"https:\/\/blogs2.correiobraziliense.com.br\/vicente\/avianca-cancela-voos-de-brasilia-para-salvador-fortaleza-rio-e-cuiaba\/","title":{"rendered":"Avianca cancela voos de Bras\u00edlia para Salvador, Fortaleza, Rio e Cuiab\u00e1"},"content":{"rendered":"<h2>Em s\u00e9ria crise financeira, a Avianca cancelar\u00e1, a partir de abril, 21 rotas em que voa hoje pelo pa\u00eds. O cancelamento se dar\u00e1 &#8220;progressivamente&#8221; ao longo do pr\u00f3ximo m\u00eas como forma de economia.<\/h2>\n<p>&nbsp;<\/p>\n<figure id=\"attachment_10281\" aria-describedby=\"caption-attachment-10281\" style=\"width: 544px\" class=\"wp-caption alignleft\"><a href=\"https:\/\/blogs2.correiobraziliense.com.br\/vicente\/wp-content\/uploads\/sites\/16\/2019\/03\/Avianca.jpg\"><img loading=\"lazy\" decoding=\"async\" class=\" wp-image-10281\" src=\"https:\/\/blogs2.correiobraziliense.com.br\/vicente\/wp-content\/uploads\/sites\/16\/2019\/03\/Avianca.jpg\" alt=\"\" width=\"544\" height=\"333\" srcset=\"https:\/\/blogs2.correiobraziliense.com.br\/vicente\/wp-content\/uploads\/sites\/16\/2019\/03\/Avianca.jpg 800w, https:\/\/blogs2.correiobraziliense.com.br\/vicente\/wp-content\/uploads\/sites\/16\/2019\/03\/Avianca-300x184.jpg 300w, https:\/\/blogs2.correiobraziliense.com.br\/vicente\/wp-content\/uploads\/sites\/16\/2019\/03\/Avianca-768x470.jpg 768w, https:\/\/blogs2.correiobraziliense.com.br\/vicente\/wp-content\/uploads\/sites\/16\/2019\/03\/Avianca-350x214.jpg 350w, https:\/\/blogs2.correiobraziliense.com.br\/vicente\/wp-content\/uploads\/sites\/16\/2019\/03\/Avianca-550x337.jpg 550w, https:\/\/blogs2.correiobraziliense.com.br\/vicente\/wp-content\/uploads\/sites\/16\/2019\/03\/Avianca-230x141.jpg 230w\" sizes=\"auto, (max-width: 544px) 100vw, 544px\" \/><\/a><figcaption id=\"caption-attachment-10281\" class=\"wp-caption-text\"><strong>Foto:<\/strong> Ed Alves\/CB\/D.A Press<\/figcaption><\/figure>\n<p>Dos voos partindo de Bras\u00edlia, ser\u00e3o canceladas as rotas para Salvador, Fortaleza, Cuiab\u00e1 e Rio de Janeiro (Gale\u00e3o). As pessoas que compraram passagens antecipadamente para esses voos devem ficar atentas e procurarem a companhia, que, por lei, deve ressarcir a todos.<\/p>\n<p>&nbsp;<\/p>\n<p>Segundo a Avianca, a redu\u00e7\u00e3o na oferta de voos faz parte de seu plano de reestrutura\u00e7\u00e3o para se manter operando. Com os cancelamentos, a empresa a\u00e9rea continuar\u00e1 operando normalmente com 32 rotas, sem mudan\u00e7as em hor\u00e1rios ou\u00a0 na frequ\u00eancia dos voo.<\/p>\n<p>&nbsp;<\/p>\n<p><strong>Azul<\/strong><\/p>\n<p>Tamb\u00e9m ser\u00e3o cancelado voos entre Aracaju e Salvador, entre Bel\u00e9m e Guarulhos (SP), de Fortaleza para Bogot\u00e1 (Col\u00f4mbia) e de Salvador para Bogot\u00e1,, al\u00e9m das rotas saindo do Gale\u00e3o para Foz do Igua\u00e7u (PR), Jo\u00e3o Pessoa, Natal, Porto Alegre e Salvador.<\/p>\n<p>&nbsp;<\/p>\n<p>Ser\u00e3o afetados ainda passageiros que voam de Florian\u00f3polis, Fortaleza e Guarulhos para o Gale\u00e3o, aqueles que saem de Macei\u00f3, Recife e Petrolina (PE) em dire\u00e7\u00e3o a Salvador e os que voam de Petrolina para Recife.<\/p>\n<p>&nbsp;<\/p>\n<p>A Avianca est\u00e1 negociando uma parte de suas opera\u00e7\u00f5es com a Azul. Esse processo est\u00e1 sendo acompanhado de perto pelas autoridades.<\/p>\n<p>&nbsp;<\/p>\n<p><em>Bras\u00edlia, 13h10min<\/em><\/p>\n","protected":false},"excerpt":{"rendered":"<p>Em s\u00e9ria crise financeira, a Avianca cancelar\u00e1, a partir de abril, 21 rotas em que voa hoje pelo pa\u00eds. O cancelamento se dar\u00e1 &#8220;progressivamente&#8221; ao longo do pr\u00f3ximo m\u00eas como forma de economia. &nbsp; Dos voos partindo de Bras\u00edlia, ser\u00e3o canceladas as rotas para Salvador, Fortaleza, Cuiab\u00e1 e Rio de Janeiro (Gale\u00e3o). As pessoas que [&hellip;]<\/p>\n","protected":false},"author":22,"featured_media":0,"comment_status":"open","ping_status":"closed","sticky":false,"template":"","format":"standard","meta":{"wpb_read_more":[],"footnotes":""},"categories":[600],"tags":[2229,926,3749,3750,3711],"class_list":["post-10275","post","type-post","status-publish","format-standard","hentry","category-economia","tag-avianca","tag-brasilia","tag-cancelamentos","tag-rotas","tag-voos"],"_links":{"self":[{"href":"https:\/\/blogs2.correiobraziliense.com.br\/vicente\/wp-json\/wp\/v2\/posts\/10275","targetHints":{"allow":["GET"]}}],"collection":[{"href":"https:\/\/blogs2.correiobraziliense.com.br\/vicente\/wp-json\/wp\/v2\/posts"}],"about":[{"href":"https:\/\/blogs2.correiobraziliense.com.br\/vicente\/wp-json\/wp\/v2\/types\/post"}],"author":[{"embeddable":true,"href":"https:\/\/blogs2.correiobraziliense.com.br\/vicente\/wp-json\/wp\/v2\/users\/22"}],"replies":[{"embeddable":true,"href":"https:\/\/blogs2.correiobraziliense.com.br\/vicente\/wp-json\/wp\/v2\/comments?post=10275"}],"version-history":[{"count":3,"href":"https:\/\/blogs2.correiobraziliense.com.br\/vicente\/wp-json\/wp\/v2\/posts\/10275\/revisions"}],"predecessor-version":[{"id":10282,"href":"https:\/\/blogs2.correiobraziliense.com.br\/vicente\/wp-json\/wp\/v2\/posts\/10275\/revisions\/10282"}],"wp:attachment":[{"href":"https:\/\/blogs2.correiobraziliense.com.br\/vicente\/wp-json\/wp\/v2\/media?parent=10275"}],"wp:term":[{"taxonomy":"category","embeddable":true,"href":"https:\/\/blogs2.correiobraziliense.com.br\/vicente\/wp-json\/wp\/v2\/categories?post=10275"},{"taxonomy":"post_tag","embeddable":true,"href":"https:\/\/blogs2.correiobraziliense.com.br\/vicente\/wp-json\/wp\/v2\/tags?post=10275"}],"curies":[{"name":"wp","href":"https:\/\/api.w.org\/{rel}","templated":true}]}}