{"id":1031,"date":"2016-05-18T20:35:00","date_gmt":"2016-05-18T23:35:00","guid":{"rendered":"https:\/\/blogs2.correiobraziliense.com.br\/vicente\/?p=1031"},"modified":"2016-05-18T23:12:37","modified_gmt":"2016-05-19T02:12:37","slug":"sai-unb-e-entre-puc-rio-no-banco-central","status":"publish","type":"post","link":"https:\/\/blogs2.correiobraziliense.com.br\/vicente\/sai-unb-e-entre-puc-rio-no-banco-central\/","title":{"rendered":"Sai UnB e entra PUC-Rio no comando do Banco Central"},"content":{"rendered":"<p>Os \u00faltimos anos foram marcados pelo dom\u00ednio da Universidade de Bras\u00edlia (UnB) no comando do Banco Central. Dos atuais diretores, pelo menos cinco passaram pelos bancos da tradicional institui\u00e7\u00e3o. Com a chegada de Ilan Goldfajn para a presid\u00eancia do BC, a Pontif\u00edcia Universidade Cat\u00f3lica do Rio de Janeiro (PUC-Rio) voltar\u00e1 a dar as cartas na condu\u00e7\u00e3o da pol\u00edtica monet\u00e1ria.<\/p>\n<p>&nbsp;<\/p>\n<p>Al\u00e9m de Ilan, tr\u00eas nomes cotados para a diretoria do banco, segundo o mercado, s\u00e3o professores da universidade carioca: Carlos Viana de Carvalho, Tiago Berriel e M\u00e1rcio Garcia. Todos, por sinal, muito bem conceituados entre os agentes econ\u00f4micos e com passagem por duas das maiores universidades dos Estados Unidos: Princeton e Stanford. Na verdade, o pensamento liberal da PUC-Rio est\u00e1 retornando ao BC, j\u00e1 que prevaleceu durante todo o governo de Fernando Henrique Cardoso.<\/p>\n<p>&nbsp;<\/p>\n<p>Tamb\u00e9m aparece na lista de cotados para o BC de Ilan o professor F\u00e1bio Kanczuc, da Universidade de S\u00e3o Paulo (USP), com forma\u00e7\u00e3o na Universidade da Calif\u00f3rnia e em Harvard. A expectativa \u00e9 de que alguns dos atuais diretores da autoridade monet\u00e1ria permane\u00e7am na institui\u00e7\u00e3o. Entre eles, Altamir Lopes, hoje diretor de Pol\u00edtica Econ\u00f4mica, que pode ser remanejado para outro posto, e Ot\u00e1vio Damaso, diretor de Regula\u00e7\u00e3o, esse, muito ligado ao atual presidente do BC, Alexandre Tombini.<\/p>\n<p>&nbsp;<\/p>\n<p>Os analistas esperam que os nomes escolhidos por Ilan sejam divulgados nos pr\u00f3ximos dias, dentro do projeto do governo de resgatar a credibilidade das pol\u00edticas fiscal e monet\u00e1ria.<\/p>\n<p>&nbsp;<\/p>\n<p><em>Bras\u00edlia, 20h35min<\/em><\/p>\n","protected":false},"excerpt":{"rendered":"<p>Os \u00faltimos anos foram marcados pelo dom\u00ednio da Universidade de Bras\u00edlia (UnB) no comando do Banco Central. Dos atuais diretores, pelo menos cinco passaram pelos bancos da tradicional institui\u00e7\u00e3o. Com a chegada de Ilan Goldfajn para a presid\u00eancia do BC, a Pontif\u00edcia Universidade Cat\u00f3lica do Rio de Janeiro (PUC-Rio) voltar\u00e1 a dar as cartas na [&hellip;]<\/p>\n","protected":false},"author":22,"featured_media":0,"comment_status":"open","ping_status":"closed","sticky":false,"template":"","format":"standard","meta":{"wpb_read_more":[],"footnotes":""},"categories":[1],"tags":[],"class_list":["post-1031","post","type-post","status-publish","format-standard","hentry","category-sem-categoria"],"_links":{"self":[{"href":"https:\/\/blogs2.correiobraziliense.com.br\/vicente\/wp-json\/wp\/v2\/posts\/1031","targetHints":{"allow":["GET"]}}],"collection":[{"href":"https:\/\/blogs2.correiobraziliense.com.br\/vicente\/wp-json\/wp\/v2\/posts"}],"about":[{"href":"https:\/\/blogs2.correiobraziliense.com.br\/vicente\/wp-json\/wp\/v2\/types\/post"}],"author":[{"embeddable":true,"href":"https:\/\/blogs2.correiobraziliense.com.br\/vicente\/wp-json\/wp\/v2\/users\/22"}],"replies":[{"embeddable":true,"href":"https:\/\/blogs2.correiobraziliense.com.br\/vicente\/wp-json\/wp\/v2\/comments?post=1031"}],"version-history":[{"count":4,"href":"https:\/\/blogs2.correiobraziliense.com.br\/vicente\/wp-json\/wp\/v2\/posts\/1031\/revisions"}],"predecessor-version":[{"id":1035,"href":"https:\/\/blogs2.correiobraziliense.com.br\/vicente\/wp-json\/wp\/v2\/posts\/1031\/revisions\/1035"}],"wp:attachment":[{"href":"https:\/\/blogs2.correiobraziliense.com.br\/vicente\/wp-json\/wp\/v2\/media?parent=1031"}],"wp:term":[{"taxonomy":"category","embeddable":true,"href":"https:\/\/blogs2.correiobraziliense.com.br\/vicente\/wp-json\/wp\/v2\/categories?post=1031"},{"taxonomy":"post_tag","embeddable":true,"href":"https:\/\/blogs2.correiobraziliense.com.br\/vicente\/wp-json\/wp\/v2\/tags?post=1031"}],"curies":[{"name":"wp","href":"https:\/\/api.w.org\/{rel}","templated":true}]}}