{"id":10343,"date":"2019-03-29T10:16:20","date_gmt":"2019-03-29T13:16:20","guid":{"rendered":"https:\/\/blogs2.correiobraziliense.com.br\/vicente\/?p=10343"},"modified":"2019-03-29T11:38:40","modified_gmt":"2019-03-29T14:38:40","slug":"equipe-economica-vai-usar-alta-do-desemprego-para-pressionar-por-reforma","status":"publish","type":"post","link":"https:\/\/blogs2.correiobraziliense.com.br\/vicente\/equipe-economica-vai-usar-alta-do-desemprego-para-pressionar-por-reforma\/","title":{"rendered":"Equipe econ\u00f4mica vai usar alta do desemprego para pressionar por reforma"},"content":{"rendered":"<h2>T\u00e9cnicos do governo v\u00e3o usar o recente aumento do desemprego para refor\u00e7ar a import\u00e2ncia da reforma da Previd\u00eancia. O discurso est\u00e1 pronto: quanto mais demorar para o Congresso aprovar as mudan\u00e7as nos regimes de pens\u00f5es e aposentadorias, maior ser\u00e1 a desconfian\u00e7a dos agentes econ\u00f4micos e pior ser\u00e1 o desemprego.<\/h2>\n<p>&nbsp;<\/p>\n<figure id=\"attachment_10346\" aria-describedby=\"caption-attachment-10346\" style=\"width: 607px\" class=\"wp-caption alignleft\"><a href=\"https:\/\/blogs2.correiobraziliense.com.br\/vicente\/wp-content\/uploads\/sites\/16\/2019\/03\/desemprego.jpg\"><img loading=\"lazy\" decoding=\"async\" class=\" wp-image-10346\" src=\"https:\/\/blogs2.correiobraziliense.com.br\/vicente\/wp-content\/uploads\/sites\/16\/2019\/03\/desemprego.jpg\" alt=\"\" width=\"607\" height=\"355\" srcset=\"https:\/\/blogs2.correiobraziliense.com.br\/vicente\/wp-content\/uploads\/sites\/16\/2019\/03\/desemprego.jpg 800w, https:\/\/blogs2.correiobraziliense.com.br\/vicente\/wp-content\/uploads\/sites\/16\/2019\/03\/desemprego-300x176.jpg 300w, https:\/\/blogs2.correiobraziliense.com.br\/vicente\/wp-content\/uploads\/sites\/16\/2019\/03\/desemprego-768x449.jpg 768w, https:\/\/blogs2.correiobraziliense.com.br\/vicente\/wp-content\/uploads\/sites\/16\/2019\/03\/desemprego-350x205.jpg 350w, https:\/\/blogs2.correiobraziliense.com.br\/vicente\/wp-content\/uploads\/sites\/16\/2019\/03\/desemprego-550x322.jpg 550w, https:\/\/blogs2.correiobraziliense.com.br\/vicente\/wp-content\/uploads\/sites\/16\/2019\/03\/desemprego-230x135.jpg 230w\" sizes=\"auto, (max-width: 607px) 100vw, 607px\" \/><\/a><figcaption id=\"caption-attachment-10346\" class=\"wp-caption-text\"><strong>Foto:<\/strong> Ed Alves\/CB\/D.A Press<\/figcaption><\/figure>\n<p>&nbsp;<\/p>\n<p>Dados divulgados nesta sexta-feira, 29 de mar\u00e7o, pelo Instituto Brasileiro de Geografia e Estat\u00edstica (IBGE) mostram que a taxa de desocupa\u00e7\u00e3o acelerou para 12,4%, com 13 milh\u00f5es de brasileiros sem trabalho. Desde agosto do ano passado n\u00e3o se via tantas pessoas fora do mercado.<\/p>\n<p>&nbsp;<\/p>\n<p>Para a equipe econ\u00f4mica, a reforma da Previd\u00eancia dar\u00e1 um novo alento aos agentes econ\u00f4micos, pois sinalizar\u00e1 o ajuste das contas p\u00fablicas e o aumento da capacidade do governo de ampliar os investimentos em setores estrat\u00e9gicos, como a infraestrutura.<\/p>\n<p>&nbsp;<\/p>\n<p>Hoje, o deficit da Previd\u00eancia \u00e9 o principal respons\u00e1vel pelo rombo das contas p\u00fablicas. O governo perdeu a capacidade de destinar recursos para obras priorit\u00e1rias que aumentem a competitividade da economia. Tamb\u00e9m h\u00e1 o risco de o governo ser obrigado a decretar calote na d\u00edvida p\u00fablica por falta de recursos para honrar compromissos com credores.<\/p>\n<p>&nbsp;<\/p>\n<p><strong>Desconfian\u00e7a<\/strong><\/p>\n<p>&nbsp;<\/p>\n<p>O desemprego \u00e9, hoje, uma das principais preocupa\u00e7\u00f5es da popula\u00e7\u00e3o. T\u00eam chocado muita gente as filas enormes que v\u00eam se formado em grandes capitais com pessoas em busca de vagas no mercado de trabalho. A maior parte desses postos \u00e9 de baixa qualidade, mas, para quem est\u00e1 desempregado, qualquer oportunidade \u00e9 bem-vinda.<\/p>\n<p>&nbsp;<\/p>\n<p>A falta de vagas no mercado de trabalho aumenta a ansiedade dos eleitores em rela\u00e7\u00e3o ao governo. O presidente Jair Bolsonaro assumiu em janeiro \u00faltimo prometendo medidas consistentes para refor\u00e7ar o crescimento da economia. Mas, passados tr\u00eas meses do governo, nada de efetivo foi feito.<\/p>\n<p>&nbsp;<\/p>\n<p>A economia continua patinando e o desemprego, s\u00f3 aumentando. Isso, na opini\u00e3o de t\u00e9cnicos do governo, acaba contribuindo para a queda de popularidade de Bolsonaro, como vem mostrando as pesquisas que avaliam a aprova\u00e7\u00e3o e a desaprova\u00e7\u00e3o do governo.<\/p>\n<p>&nbsp;<\/p>\n<p><em>Bras\u00edlia, 10h16min<\/em><\/p>\n","protected":false},"excerpt":{"rendered":"<p>T\u00e9cnicos do governo v\u00e3o usar o recente aumento do desemprego para refor\u00e7ar a import\u00e2ncia da reforma da Previd\u00eancia. O discurso est\u00e1 pronto: quanto mais demorar para o Congresso aprovar as mudan\u00e7as nos regimes de pens\u00f5es e aposentadorias, maior ser\u00e1 a desconfian\u00e7a dos agentes econ\u00f4micos e pior ser\u00e1 o desemprego. &nbsp; &nbsp; Dados divulgados nesta sexta-feira, [&hellip;]<\/p>\n","protected":false},"author":22,"featured_media":0,"comment_status":"open","ping_status":"closed","sticky":false,"template":"","format":"standard","meta":{"wpb_read_more":[],"footnotes":""},"categories":[600],"tags":[3758,3757,1305,71,753,429,614,2307],"class_list":["post-10343","post","type-post","status-publish","format-standard","hentry","category-economia","tag-3758","tag-13-milhoes","tag-1305","tag-desemprego","tag-mercado","tag-previdencia","tag-reforma","tag-trabalho"],"_links":{"self":[{"href":"https:\/\/blogs2.correiobraziliense.com.br\/vicente\/wp-json\/wp\/v2\/posts\/10343","targetHints":{"allow":["GET"]}}],"collection":[{"href":"https:\/\/blogs2.correiobraziliense.com.br\/vicente\/wp-json\/wp\/v2\/posts"}],"about":[{"href":"https:\/\/blogs2.correiobraziliense.com.br\/vicente\/wp-json\/wp\/v2\/types\/post"}],"author":[{"embeddable":true,"href":"https:\/\/blogs2.correiobraziliense.com.br\/vicente\/wp-json\/wp\/v2\/users\/22"}],"replies":[{"embeddable":true,"href":"https:\/\/blogs2.correiobraziliense.com.br\/vicente\/wp-json\/wp\/v2\/comments?post=10343"}],"version-history":[{"count":3,"href":"https:\/\/blogs2.correiobraziliense.com.br\/vicente\/wp-json\/wp\/v2\/posts\/10343\/revisions"}],"predecessor-version":[{"id":10347,"href":"https:\/\/blogs2.correiobraziliense.com.br\/vicente\/wp-json\/wp\/v2\/posts\/10343\/revisions\/10347"}],"wp:attachment":[{"href":"https:\/\/blogs2.correiobraziliense.com.br\/vicente\/wp-json\/wp\/v2\/media?parent=10343"}],"wp:term":[{"taxonomy":"category","embeddable":true,"href":"https:\/\/blogs2.correiobraziliense.com.br\/vicente\/wp-json\/wp\/v2\/categories?post=10343"},{"taxonomy":"post_tag","embeddable":true,"href":"https:\/\/blogs2.correiobraziliense.com.br\/vicente\/wp-json\/wp\/v2\/tags?post=10343"}],"curies":[{"name":"wp","href":"https:\/\/api.w.org\/{rel}","templated":true}]}}