{"id":10348,"date":"2019-03-29T07:40:35","date_gmt":"2019-03-29T10:40:35","guid":{"rendered":"https:\/\/blogs2.correiobraziliense.com.br\/vicente\/?p=10348"},"modified":"2019-03-29T11:46:29","modified_gmt":"2019-03-29T14:46:29","slug":"incentivo-ao-futebol-feminino","status":"publish","type":"post","link":"https:\/\/blogs2.correiobraziliense.com.br\/vicente\/incentivo-ao-futebol-feminino\/","title":{"rendered":"Incentivo ao futebol feminino"},"content":{"rendered":"<h2>A Secretaria de Desenvolvimento Social e Direitos Humanos do Rio de Janeiro, chefiada por Fabiana Bentes, por meio do Conselho Estadual de Direitos da Mulher, sediar\u00e1, nesta sexta-feira (29\/03), o I Semin\u00e1rio Estadual de Fomento ao Futebol Feminino, no Espa\u00e7o Cultural CEDIM Heloneida Studart.<\/h2>\n<p>&nbsp;<\/p>\n<p>Realizado pelo Comit\u00ea de Fomento ao Futebol Feminino, o evento ter\u00e1 como tema &#8220;A Conquista de Espa\u00e7os das Mulheres atrav\u00e9s do Futebol: Desafios, Avan\u00e7os e Resist\u00eancias&#8221;. O objetivo \u00e9 apresentar a Comiss\u00e3o Executiva de Fomento ao Futebol Feminino, discutir o papel da Comiss\u00e3o de Defesa dos Direitos das Mulheres da ALERJ na constru\u00e7\u00e3o de propostas de participa\u00e7\u00e3o das mulheres no Futebol Feminino, a defesa dos direitos da mulher no esporte, entre outros assuntos.<\/p>\n<p>&nbsp;<\/p>\n<p>Fabiana tamb\u00e9m participara do lan\u00e7amento da Copa dos Refugiados 2019, no Pal\u00e1cio Laranjeiras. Ela far\u00e1 o discurso em espanhol para prestigiar os refugiados, que tamb\u00e9m est\u00e3o sob o guarda-chuva de sua pasta.<\/p>\n<p>&nbsp;<\/p>\n<p><em>Bras\u00edlia, 07h40min<\/em><\/p>\n","protected":false},"excerpt":{"rendered":"<p>A Secretaria de Desenvolvimento Social e Direitos Humanos do Rio de Janeiro, chefiada por Fabiana Bentes, por meio do Conselho Estadual de Direitos da Mulher, sediar\u00e1, nesta sexta-feira (29\/03), o I Semin\u00e1rio Estadual de Fomento ao Futebol Feminino, no Espa\u00e7o Cultural CEDIM Heloneida Studart. &nbsp; Realizado pelo Comit\u00ea de Fomento ao Futebol Feminino, o evento [&hellip;]<\/p>\n","protected":false},"author":22,"featured_media":0,"comment_status":"open","ping_status":"closed","sticky":false,"template":"","format":"standard","meta":{"wpb_read_more":[],"footnotes":""},"categories":[600],"tags":[],"class_list":["post-10348","post","type-post","status-publish","format-standard","hentry","category-economia"],"_links":{"self":[{"href":"https:\/\/blogs2.correiobraziliense.com.br\/vicente\/wp-json\/wp\/v2\/posts\/10348","targetHints":{"allow":["GET"]}}],"collection":[{"href":"https:\/\/blogs2.correiobraziliense.com.br\/vicente\/wp-json\/wp\/v2\/posts"}],"about":[{"href":"https:\/\/blogs2.correiobraziliense.com.br\/vicente\/wp-json\/wp\/v2\/types\/post"}],"author":[{"embeddable":true,"href":"https:\/\/blogs2.correiobraziliense.com.br\/vicente\/wp-json\/wp\/v2\/users\/22"}],"replies":[{"embeddable":true,"href":"https:\/\/blogs2.correiobraziliense.com.br\/vicente\/wp-json\/wp\/v2\/comments?post=10348"}],"version-history":[{"count":1,"href":"https:\/\/blogs2.correiobraziliense.com.br\/vicente\/wp-json\/wp\/v2\/posts\/10348\/revisions"}],"predecessor-version":[{"id":10349,"href":"https:\/\/blogs2.correiobraziliense.com.br\/vicente\/wp-json\/wp\/v2\/posts\/10348\/revisions\/10349"}],"wp:attachment":[{"href":"https:\/\/blogs2.correiobraziliense.com.br\/vicente\/wp-json\/wp\/v2\/media?parent=10348"}],"wp:term":[{"taxonomy":"category","embeddable":true,"href":"https:\/\/blogs2.correiobraziliense.com.br\/vicente\/wp-json\/wp\/v2\/categories?post=10348"},{"taxonomy":"post_tag","embeddable":true,"href":"https:\/\/blogs2.correiobraziliense.com.br\/vicente\/wp-json\/wp\/v2\/tags?post=10348"}],"curies":[{"name":"wp","href":"https:\/\/api.w.org\/{rel}","templated":true}]}}