{"id":10359,"date":"2019-04-02T17:45:57","date_gmt":"2019-04-02T20:45:57","guid":{"rendered":"https:\/\/blogs2.correiobraziliense.com.br\/vicente\/?p=10359"},"modified":"2019-04-02T18:28:58","modified_gmt":"2019-04-02T21:28:58","slug":"com-faturamento-de-r-1-bi-por-ano-oab-deve-ser-transparente-diz-ministro-do-tcu","status":"publish","type":"post","link":"https:\/\/blogs2.correiobraziliense.com.br\/vicente\/com-faturamento-de-r-1-bi-por-ano-oab-deve-ser-transparente-diz-ministro-do-tcu\/","title":{"rendered":"Com faturamento de R$ 1 bi por ano, OAB deve ser transparente, diz ministro do TCU"},"content":{"rendered":"<p>O Tribunal de Contas da Uni\u00e3o (TCU) n\u00e3o vai abrir m\u00e3o do processo de dar transpar\u00eancia \u00e0s contas da Ordem dos Advogados do Brasil (OAB), diz o ministro Bruno Dantas. &#8220;\u00c9 uma discuss\u00e3o hist\u00f3rica. \u00c9 preciso saber qual \u00e9 a natureza\u00a0jur\u00eddica da OAB e dos recursos que ela recebe&#8221;, afirma em entrevista ao programa <strong>CB.Poder<\/strong>, uma parceria entre o <strong>Correio Braziliense<\/strong> e a <em>Tev\u00ea Bras\u00edlia<\/em>.<\/p>\n<p>&nbsp;<\/p>\n<p><a href=\"https:\/\/www.facebook.com\/correiobraziliense\/videos\/281204092797460?sfns=mo\">https:\/\/www.facebook.com\/correiobraziliense\/videos\/281204092797460?sfns=mo<\/a><\/p>\n<p>&nbsp;<\/p>\n<p>Segundo Dantas, recentemente o ministro Marco Aur\u00e9lio, do Supremo Tribunal Federal (STF), decidiu que a OAB \u00e9 uma autarquia corporativista, por representar uma classe. &#8220;Autarquia \u00e9 \u00f3rg\u00e3o da administra\u00e7\u00e3o p\u00fablica indireta, ent\u00e3o tem benef\u00edcios que o (setor) privado n\u00e3o tem, como imunidade tribut\u00e1ria, e ela goza disso&#8221;, afirma.<\/p>\n<p>&nbsp;<\/p>\n<p>No entender do ministro, &#8220;a OAB precisa ser transparente&#8221;. Por uma simples raz\u00e3o. &#8220;A OAB \u00e9 uma entidade que representa a sociedade civil e, por arrecadar recursos de maneira compuls\u00f3ria de seus associados, deve prestar contas. Hoje em dia, o reclamo por transpar\u00eancia atinge pessoas jur\u00eddicas por deveres privados&#8221;, destaca.<\/p>\n<p>&nbsp;<\/p>\n<p>Pelos c\u00e1lculos de Dantas, a OAB arrecada mais de R$ 1 bilh\u00e3o por ano. Portanto, ressalta ele, &#8220;\u00e9 preciso ver como o dinheiro entra na institui\u00e7\u00e3o e como \u00e9 aplicado, assim como s\u00e3o feitos processos de contrata\u00e7\u00e3o, al\u00e9m de conferir se h\u00e1 regras de contabilidade para verificar como o dinheiro arrecadado est\u00e1 sendo empregado&#8221;.<\/p>\n<p>&nbsp;<\/p>\n<p>O ministro conta que, recentemente, teve uma reuni\u00e3o com o novo presidente da OAB, Felipe Santa Cruz. &#8220;Ele disse que, independentemente de prestar contas a partir do ano que vem, vai contratar uma auditoria independente e encaminhar os relat\u00f3rios ao TCU&#8221;, frisa.<\/p>\n<p>Para Dantas, o\u00a0maior ativo que um \u00f3rg\u00e3o de controle pode trazer para sociedade \u00e9 estabelecer regras de transpar\u00eancia a fim de permitir que cada cidad\u00e3o se transforme em um fiscal. E isso passa pela maior transpar\u00eancia da OAB.<\/p>\n<p>&nbsp;<\/p>\n<p>&#8220;O TCU n\u00e3o tem bra\u00e7os para fiscalizar com profundidade todas as institui\u00e7\u00f5es p\u00fablicas, ent\u00e3o, precisamos estabelecer regras de transpar\u00eancia para que a imprensa exer\u00e7a seu papel e para que entidades civis possam verificar as contas&#8221;, emenda.<\/p>\n<p>&nbsp;<\/p>\n<p><em>Bras\u00edlia, 17h45min<\/em><\/p>\n","protected":false},"excerpt":{"rendered":"<p>O Tribunal de Contas da Uni\u00e3o (TCU) n\u00e3o vai abrir m\u00e3o do processo de dar transpar\u00eancia \u00e0s contas da Ordem dos Advogados do Brasil (OAB), diz o ministro Bruno Dantas. &#8220;\u00c9 uma discuss\u00e3o hist\u00f3rica. \u00c9 preciso saber qual \u00e9 a natureza\u00a0jur\u00eddica da OAB e dos recursos que ela recebe&#8221;, afirma em entrevista ao programa CB.Poder, [&hellip;]<\/p>\n","protected":false},"author":22,"featured_media":0,"comment_status":"open","ping_status":"closed","sticky":false,"template":"","format":"standard","meta":{"wpb_read_more":[],"footnotes":""},"categories":[600],"tags":[252,924,2744,50,2946],"class_list":["post-10359","post","type-post","status-publish","format-standard","hentry","category-economia","tag-fiscalizacao","tag-oab","tag-r-1-bilhao","tag-tcu","tag-transparencia"],"_links":{"self":[{"href":"https:\/\/blogs2.correiobraziliense.com.br\/vicente\/wp-json\/wp\/v2\/posts\/10359","targetHints":{"allow":["GET"]}}],"collection":[{"href":"https:\/\/blogs2.correiobraziliense.com.br\/vicente\/wp-json\/wp\/v2\/posts"}],"about":[{"href":"https:\/\/blogs2.correiobraziliense.com.br\/vicente\/wp-json\/wp\/v2\/types\/post"}],"author":[{"embeddable":true,"href":"https:\/\/blogs2.correiobraziliense.com.br\/vicente\/wp-json\/wp\/v2\/users\/22"}],"replies":[{"embeddable":true,"href":"https:\/\/blogs2.correiobraziliense.com.br\/vicente\/wp-json\/wp\/v2\/comments?post=10359"}],"version-history":[{"count":1,"href":"https:\/\/blogs2.correiobraziliense.com.br\/vicente\/wp-json\/wp\/v2\/posts\/10359\/revisions"}],"predecessor-version":[{"id":10360,"href":"https:\/\/blogs2.correiobraziliense.com.br\/vicente\/wp-json\/wp\/v2\/posts\/10359\/revisions\/10360"}],"wp:attachment":[{"href":"https:\/\/blogs2.correiobraziliense.com.br\/vicente\/wp-json\/wp\/v2\/media?parent=10359"}],"wp:term":[{"taxonomy":"category","embeddable":true,"href":"https:\/\/blogs2.correiobraziliense.com.br\/vicente\/wp-json\/wp\/v2\/categories?post=10359"},{"taxonomy":"post_tag","embeddable":true,"href":"https:\/\/blogs2.correiobraziliense.com.br\/vicente\/wp-json\/wp\/v2\/tags?post=10359"}],"curies":[{"name":"wp","href":"https:\/\/api.w.org\/{rel}","templated":true}]}}