{"id":10367,"date":"2019-04-04T09:49:42","date_gmt":"2019-04-04T12:49:42","guid":{"rendered":"https:\/\/blogs2.correiobraziliense.com.br\/vicente\/?p=10367"},"modified":"2019-04-04T11:06:57","modified_gmt":"2019-04-04T14:06:57","slug":"equipe-economica-esta-atonita-temos-que-proteger-o-ministro-diz-um-tecnico","status":"publish","type":"post","link":"https:\/\/blogs2.correiobraziliense.com.br\/vicente\/equipe-economica-esta-atonita-temos-que-proteger-o-ministro-diz-um-tecnico\/","title":{"rendered":"Equipe econ\u00f4mica est\u00e1 at\u00f4nita. &#8220;Temos que proteger o ministro&#8221;, diz um t\u00e9cnico"},"content":{"rendered":"<h2>Integrantes da equipe econ\u00f4mica dizem que est\u00e3o at\u00f4nitos com o bate-bota que envolveu o ministro Paulo Guedes e deputados na Comiss\u00e3o de Constitui\u00e7\u00e3o e Justi\u00e7a (CCJ) na quarta-feira, 3 de abril.<\/h2>\n<p>&nbsp;<\/p>\n<p><a href=\"https:\/\/blogs2.correiobraziliense.com.br\/vicente\/wp-content\/uploads\/sites\/16\/2019\/01\/PauloGuedes.jpg\"><img loading=\"lazy\" decoding=\"async\" class=\"wp-image-9817 alignleft\" src=\"https:\/\/blogs2.correiobraziliense.com.br\/vicente\/wp-content\/uploads\/sites\/16\/2019\/01\/PauloGuedes.jpg\" alt=\"\" width=\"301\" height=\"202\" \/><\/a><\/p>\n<p>&#8220;Temos que proteger o ministro&#8221;, afirma um t\u00e9cnico, assustado com o isolamento de Guedes durante o depoimento sobre a reforma da Previd\u00eancia. &#8220;Ficou claro que o governo n\u00e3o tem base no Congresso&#8221;, acrescenta.<\/p>\n<p>&nbsp;<\/p>\n<p>Para outro t\u00e9cnico, ou o governo age r\u00e1pido para reverter a onda negativa que est\u00e1 se formando em torno da reforma da Previd\u00eancia, ou as mudan\u00e7as propostas ser\u00e3o enterradas. &#8220;Do jeito que est\u00e1, \u00e9 imposs\u00edvel a reforma ir adiante. No m\u00e1ximo, o Congresso aprovar\u00e1 um remendo da proposta original&#8221;, ressalta.<\/p>\n<p>&nbsp;<\/p>\n<p><strong>Blindagem<\/strong><\/p>\n<p>&nbsp;<\/p>\n<p>Na avalia\u00e7\u00e3o da equipe econ\u00f4mica, o Pal\u00e1cio do Planalto n\u00e3o se preocupou em criar uma blindagem para o ministro na CCJ. &#8220;Muitos viram o resultado mais ameno da exposi\u00e7\u00e3o dele no Senado e acreditaram que tudo seria tranquilo na CCJ. Deu no que deu&#8221;, ressalta um dos assessores mais pr\u00f3ximos de Guedes.<\/p>\n<p>&nbsp;<\/p>\n<p>Segundo esse mesmo assessor, o presidente Jair Bolsonaro precisa chamar o ministro ainda nesta quinta-feira, 4 de abril, para lhe dar apoio p\u00fablico. &#8220;N\u00e3o \u00e9 poss\u00edvel que essa imagem ruim do ministro se dissemine. O bate-boca na CCJ s\u00f3 \u00e9 bom para a oposi\u00e7\u00e3o, que ganhou protagonismo num debate que deveria ser comandado pelo governo&#8221;, frisa.<\/p>\n<p>&nbsp;<\/p>\n<p>Os t\u00e9cnicos da equipe econ\u00f4mica dizem ainda que n\u00e3o deixar\u00e3o o ministro abandonado, mas \u00e9 preciso que o Planalto fa\u00e7a todos os gestos para fortalecer Guedes. &#8220;Ele n\u00e3o aceitar\u00e1 se sentir isolado numa guerra, como ele mesmo diz, que \u00e9 do governo, n\u00e3o dele. O ministro n\u00e3o \u00e9 de pular fora do barco. Mas \u00e9 preciso que ele se sinta protegido. E isso cabe ao governo&#8221;, afirma um servidor.<\/p>\n<p>&nbsp;<\/p>\n<p>A ordem entre os integrantes da equipe econ\u00f4mica \u00e9 mostrar uni\u00e3o e passar confian\u00e7a de que, apesar de todos os atropelos, a reforma ser\u00e1 aprovada.<\/p>\n<p>&nbsp;<\/p>\n<p><em>Bras\u00edlia, 09h49min<\/em><\/p>\n","protected":false},"excerpt":{"rendered":"<p>Integrantes da equipe econ\u00f4mica dizem que est\u00e3o at\u00f4nitos com o bate-bota que envolveu o ministro Paulo Guedes e deputados na Comiss\u00e3o de Constitui\u00e7\u00e3o e Justi\u00e7a (CCJ) na quarta-feira, 3 de abril. &nbsp; &#8220;Temos que proteger o ministro&#8221;, afirma um t\u00e9cnico, assustado com o isolamento de Guedes durante o depoimento sobre a reforma da Previd\u00eancia. &#8220;Ficou [&hellip;]<\/p>\n","protected":false},"author":22,"featured_media":0,"comment_status":"open","ping_status":"closed","sticky":false,"template":"","format":"standard","meta":{"wpb_read_more":[],"footnotes":""},"categories":[600],"tags":[2554,2387,3613,429,614],"class_list":["post-10367","post","type-post","status-publish","format-standard","hentry","category-economia","tag-bolsonaro","tag-ccj","tag-paulo-guedes","tag-previdencia","tag-reforma"],"_links":{"self":[{"href":"https:\/\/blogs2.correiobraziliense.com.br\/vicente\/wp-json\/wp\/v2\/posts\/10367","targetHints":{"allow":["GET"]}}],"collection":[{"href":"https:\/\/blogs2.correiobraziliense.com.br\/vicente\/wp-json\/wp\/v2\/posts"}],"about":[{"href":"https:\/\/blogs2.correiobraziliense.com.br\/vicente\/wp-json\/wp\/v2\/types\/post"}],"author":[{"embeddable":true,"href":"https:\/\/blogs2.correiobraziliense.com.br\/vicente\/wp-json\/wp\/v2\/users\/22"}],"replies":[{"embeddable":true,"href":"https:\/\/blogs2.correiobraziliense.com.br\/vicente\/wp-json\/wp\/v2\/comments?post=10367"}],"version-history":[{"count":2,"href":"https:\/\/blogs2.correiobraziliense.com.br\/vicente\/wp-json\/wp\/v2\/posts\/10367\/revisions"}],"predecessor-version":[{"id":10369,"href":"https:\/\/blogs2.correiobraziliense.com.br\/vicente\/wp-json\/wp\/v2\/posts\/10367\/revisions\/10369"}],"wp:attachment":[{"href":"https:\/\/blogs2.correiobraziliense.com.br\/vicente\/wp-json\/wp\/v2\/media?parent=10367"}],"wp:term":[{"taxonomy":"category","embeddable":true,"href":"https:\/\/blogs2.correiobraziliense.com.br\/vicente\/wp-json\/wp\/v2\/categories?post=10367"},{"taxonomy":"post_tag","embeddable":true,"href":"https:\/\/blogs2.correiobraziliense.com.br\/vicente\/wp-json\/wp\/v2\/tags?post=10367"}],"curies":[{"name":"wp","href":"https:\/\/api.w.org\/{rel}","templated":true}]}}